{"id":18209,"date":"2021-04-02T06:57:10","date_gmt":"2021-04-02T06:57:10","guid":{"rendered":"http:\/\/www.iceagetv.com\/radiosite\/?p=18209"},"modified":"2021-04-02T06:57:10","modified_gmt":"2021-04-02T06:57:10","slug":"la-france-refuse-dautoriser-livermectine-pour-traiter-le-covid-faute-de-donnees-suffisantes","status":"publish","type":"post","link":"https:\/\/www.iceagetv.com\/radiosite\/la-france-refuse-dautoriser-livermectine-pour-traiter-le-covid-faute-de-donnees-suffisantes\/","title":{"rendered":"La France refuse d&rsquo;autoriser l&rsquo;ivermectine pour traiter le Covid, faute de donn\u00e9es suffisantes"},"content":{"rendered":"\n<p>TRAITEMENT &#8211; Le verdict concernant l&rsquo;utilisation de l&rsquo;ivermectine contre le Covid-19 est tomb\u00e9 et il est d\u00e9favorable ! L&rsquo;avis rendu par l&rsquo;Agence fran\u00e7aise du m\u00e9dicament pointe le manque de donn\u00e9es disponibles quant \u00e0 son efficacit\u00e9. Une demande d&rsquo;accorder une autorisation temporaire d&rsquo;utiliser l&rsquo;ivermectine, un m\u00e9dicament anti-parasitaire, pour traiter ou pr\u00e9venir le Covid-19, a \u00e9t\u00e9 rejet\u00e9e par l&rsquo;Agence fran\u00e7aise du m\u00e9dicament (ANSM). L&rsquo;agence sanitaire, qui publie sa d\u00e9cision ce jeudi, avait \u00e9t\u00e9 saisie \u00e0 ce sujet par Me Jean-Charles Teissedre, repr\u00e9sentant une association et des professionnels de sant\u00e9.\u00a0<em>\u00ab\u00a0En raison des donn\u00e9es disponibles \u00e0 ce jour, nous ne pouvons pas r\u00e9pondre favorablement\u00a0\u00bb<\/em>\u00a0\u00e0 cette demande d&rsquo;autorisation temporaire (dite RTU), note l&rsquo;ANSM.\u00a0 <\/p>\n\n\n\n<p>L&rsquo;analyse des donn\u00e9es publi\u00e9es,<em>&nbsp;\u00ab\u00a0du fait de leurs limites m\u00e9thodologiques, ne permet pas d&rsquo;\u00e9tayer un b\u00e9n\u00e9fice clinique de l&rsquo;ivermectine quel que soit son contexte d&rsquo;utilisation, en traitement curatif ou en pr\u00e9vention de la maladie Covid-19\u00a0\u00bb<\/em>.&nbsp;<\/p>\n\n\n\n<p>L&rsquo;ANSM souligne cependant\u00a0<em>\u00ab\u00a0la n\u00e9cessit\u00e9 de mettre en \u0153uvre de larges \u00e9tudes cliniques\u00a0\u00bb\u00a0<\/em>scientifiquement rigoureuses<em>\u00a0\u00ab\u00a0en vue de conclure \u00e0 sa possible utilisation dans le contexte de la maladie Covid-19\u00a0\u00bb<\/em>. L&rsquo;agence indique qu&rsquo;elle pourra r\u00e9viser sa position, d\u00e8s lors que des r\u00e9sultats d&rsquo;\u00e9tudes cliniques seraient susceptibles de modifier le constat \u00e9tabli \u00e0 ce jour.\u00a0 Ce traitement vieux de 30 ans, pr\u00e9sent\u00e9 par ses d\u00e9fenseurs comme un rem\u00e8de miracle, fait l&rsquo;objet d&rsquo;une intense promotion sur les r\u00e9seaux sociaux. \u00c0 ce jour, son efficacit\u00e9 contre la maladie infectieuse respiratoire reste toutefois encore \u00e0 d\u00e9montrer. L&rsquo;Agence europ\u00e9enne du m\u00e9dicament (EMA) et l&rsquo;Organisation mondiale de la Sant\u00e9 (OMS), respectivement le 22 mars et le 31 mars, ont \u00e9galement recommand\u00e9 de ne pas l&rsquo;utiliser pour le Covid en dehors d&rsquo;essais cliniques. Un avis avait \u00e9t\u00e9 \u00e9galement \u00e9mis dans ce sens en France, le 27 f\u00e9vrier, par le Haut Conseil de sant\u00e9 publique (HCSP). <\/p>\n\n\n\n<p><\/p>\n","protected":false},"excerpt":{"rendered":"<p>TRAITEMENT &#8211; Le verdict concernant l&rsquo;utilisation de l&rsquo;ivermectine contre le Covid-19 est tomb\u00e9 et il est d\u00e9favorable ! L&rsquo;avis rendu par l&rsquo;Agence fran\u00e7aise du m\u00e9dicament pointe le manque de donn\u00e9es disponibles quant \u00e0 son efficacit\u00e9. Une demande d&rsquo;accorder une autorisation temporaire d&rsquo;utiliser l&rsquo;ivermectine, un m\u00e9dicament anti-parasitaire, pour traiter ou pr\u00e9venir le Covid-19, a \u00e9t\u00e9 rejet\u00e9e [&hellip;]<\/p>\n","protected":false},"author":2,"featured_media":18210,"comment_status":"open","ping_status":"open","sticky":false,"template":"","format":"standard","meta":{"_jetpack_memberships_contains_paid_content":false,"footnotes":"","jetpack_publicize_message":"","jetpack_publicize_feature_enabled":true,"jetpack_social_post_already_shared":true,"jetpack_social_options":{"image_generator_settings":{"template":"highway","default_image_id":0,"font":"","enabled":false},"version":2},"_wpas_customize_per_network":false},"categories":[405],"tags":[],"class_list":["post-18209","post","type-post","status-publish","format-standard","has-post-thumbnail","hentry","category-actu-france-monde"],"jetpack_publicize_connections":[],"jetpack_featured_media_url":"https:\/\/i0.wp.com\/www.iceagetv.com\/radiosite\/wp-content\/uploads\/2021\/04\/ivermectine.jpg?fit=500%2C260&ssl=1","jetpack_sharing_enabled":true,"_links":{"self":[{"href":"https:\/\/www.iceagetv.com\/radiosite\/wp-json\/wp\/v2\/posts\/18209","targetHints":{"allow":["GET"]}}],"collection":[{"href":"https:\/\/www.iceagetv.com\/radiosite\/wp-json\/wp\/v2\/posts"}],"about":[{"href":"https:\/\/www.iceagetv.com\/radiosite\/wp-json\/wp\/v2\/types\/post"}],"author":[{"embeddable":true,"href":"https:\/\/www.iceagetv.com\/radiosite\/wp-json\/wp\/v2\/users\/2"}],"replies":[{"embeddable":true,"href":"https:\/\/www.iceagetv.com\/radiosite\/wp-json\/wp\/v2\/comments?post=18209"}],"version-history":[{"count":1,"href":"https:\/\/www.iceagetv.com\/radiosite\/wp-json\/wp\/v2\/posts\/18209\/revisions"}],"predecessor-version":[{"id":18211,"href":"https:\/\/www.iceagetv.com\/radiosite\/wp-json\/wp\/v2\/posts\/18209\/revisions\/18211"}],"wp:featuredmedia":[{"embeddable":true,"href":"https:\/\/www.iceagetv.com\/radiosite\/wp-json\/wp\/v2\/media\/18210"}],"wp:attachment":[{"href":"https:\/\/www.iceagetv.com\/radiosite\/wp-json\/wp\/v2\/media?parent=18209"}],"wp:term":[{"taxonomy":"category","embeddable":true,"href":"https:\/\/www.iceagetv.com\/radiosite\/wp-json\/wp\/v2\/categories?post=18209"},{"taxonomy":"post_tag","embeddable":true,"href":"https:\/\/www.iceagetv.com\/radiosite\/wp-json\/wp\/v2\/tags?post=18209"}],"curies":[{"name":"wp","href":"https:\/\/api.w.org\/{rel}","templated":true}]}}