{"id":18236,"date":"2021-04-05T07:00:22","date_gmt":"2021-04-05T07:00:22","guid":{"rendered":"http:\/\/www.iceagetv.com\/radiosite\/?p=18236"},"modified":"2021-04-05T07:00:22","modified_gmt":"2021-04-05T07:00:22","slug":"justice-le-chef-christophe-leroy-et-pierre-jean-chalencon-dementent-lexistence-du-restaurant-clandestin-au-palais-vivienne-et-pourtant-les-preuves-sont-nombreuses","status":"publish","type":"post","link":"https:\/\/www.iceagetv.com\/radiosite\/justice-le-chef-christophe-leroy-et-pierre-jean-chalencon-dementent-lexistence-du-restaurant-clandestin-au-palais-vivienne-et-pourtant-les-preuves-sont-nombreuses\/","title":{"rendered":"Justice &#8211; Le chef Christophe Leroy et Pierre-Jean Chalen\u00e7on d\u00e9mentent l&rsquo;existence du restaurant clandestin au Palais Vivienne&#8230; Et pourtant, les preuves sont nombreuses !"},"content":{"rendered":"\n<p>Le procureur de Paris R\u00e9my Heitz a ouvert dimanche une enqu\u00eate p\u00e9nale apr\u00e8s un reportage de M6 sur ces d\u00eeners haut de gamme &#8211; interdits en p\u00e9riode de pand\u00e9mie &#8211; durant lequel une source anonyme, se pr\u00e9sentant comme l&rsquo;organisateur et reconnu comme \u00e9tant Pierre-Jean Chalen\u00e7on, assurait \u00e0 la cha\u00eene que des ministres participaient \u00e0 ce genre de repas. Pierre-Jean Chalen\u00e7on, collectionneur parisien connu&nbsp; pour avoir particip\u00e9 entre 2017 et 2020 \u00e0 l&rsquo;\u00e9mission \u00ab\u00a0Affaire conclue\u00a0\u00bb sur France 2 avant d&rsquo;\u00eatre vir\u00e9 par la cha\u00eene pour avoir particip\u00e9 et pos\u00e9 en photo au d\u00eener anniversaire de Jean-Marie Le Pen.<\/p>\n\n\n\n<p>Depuis hier soir, l&rsquo;affaire est donc entre les mains de la justice apr\u00e8s un tweet de G\u00e9rald Darmanin, le Pr\u00e9fet de Police de Paris et le Parquet \u00e9galement avec l&rsquo;ouverture d&rsquo;une enqu\u00eate&#8230;\u00a0<\/p>\n\n\n\n<p><strong>La pratique de ces d\u00eeners serait courante si on en croit Pierre-Jean Chalen\u00e7on, qui nie pourtant sur twitter \u00eatre l&rsquo;organisateur de ces soir\u00e9es parlant de calomnie (Voir tweet ci-dessous).<\/strong><\/p>\n\n\n\n<p>Alors Chalen\u00e7on et un grand chef sont-ils \u00e0 l&rsquo;origine de ce restaurant clandestin en plein confinement et bravant ouvertement les interdictions avec de nombreuses publications sur les r\u00e9seaux sociaux ?<\/p>\n\n\n\n<p>Le chef Christophe Leroy et Pierre-Jean Chalen\u00e7on d\u00e9mentent l&rsquo;existence du restaurant clandestin au Palais Vivienne&#8230; Interrog\u00e9 par Lib\u00e9ration,&nbsp;<strong>le chef Christophe Leroy nie fermement toute implication\u2009: \u00abJe n\u2019ai aucun restaurant\u00bb.<\/strong><\/p>\n\n\n\n<p><strong>Face \u00e0 la question sur les publications Instagram ouvertes \u00e0 la vue de tous, il pr\u00e9f\u00e8re mettre fin \u00e0 la conversation.\u00a0\u00bb<\/strong><\/p>\n\n\n\n<p>De son c\u00f4t\u00e9 sur son compte twitter, Pierre Jean Chalen\u00e7on se met en col\u00e8re quand il est interpell\u00e9 sur le sujet : \u00ab\u00a0C&rsquo;est totalement faux et calomnieux !\u00a0\u00bb Pourtant,&nbsp;<strong>jeanmarcmorandini.com<\/strong>&nbsp;vous propose de d\u00e9couvrir le menu du chef mais aussi les photos, les publicit\u00e9s et les annonces pour ce d\u00eener organis\u00e9 jeudi dernier.<\/p>\n\n\n\n<p>Mais dans cet imbroglio total, l\u2019avocat de Pierre-Jean Chalen\u00e7on, a assur\u00e9 ce dimanche soir \u00e0 l\u2019AFP que son client faisait seulement de l\u2019\u00ab humour \u00bb quand il a affirm\u00e9 que des ministres participaient \u00e0 de tels repas.&nbsp;<strong>Il reconna\u00eet ainsi que Chalen\u00e7on est bien l&rsquo;organisateur des d\u00eeners et \u00e9galement que c&rsquo;est bien Chalen\u00e7on la voix off qui r\u00e9pondait aux questions des journalistes de M6.<\/strong>&nbsp;\u00ab Pierre-Jean Chalen\u00e7on, grand collectionneur des objets de Napol\u00e9on, a toujours appr\u00e9ci\u00e9 faire de l\u2019humour. C\u2019est ainsi que, quand celui-ci pr\u00e9cise qu\u2019il d\u00eene avec des ministres dans des restaurants clandestins, il manie avec brio le sens de l\u2019absurde&#8230; \u00ab\u00a0, a d\u00e9clar\u00e9 son avocat Me Jean-Luc Chetboun, dans un communiqu\u00e9 transmis \u00e0 l\u2019AFP.<\/p>\n\n\n\n<p>Dans un entretien diffus\u00e9 d\u00e9but f\u00e9vrier sur Youtube, Chalen\u00e7on d\u00e9clarait d\u00e9j\u00e0 son intention de cr\u00e9er un \u00ab\u00a0club des gastronomes\u00a0\u00bb, le \u00ab\u00a0Vivienne&rsquo;s club\u00a0\u00bb, avec son \u00ab\u00a0ami Christophe Leroy\u00a0\u00bb, o\u00f9 il recevrait \u00ab\u00a0deux fois par mois pour d\u00e9jeuner ou d\u00eener\u00a0\u00bb.<\/p>\n\n\n\n<p><\/p>\n","protected":false},"excerpt":{"rendered":"<p>Le procureur de Paris R\u00e9my Heitz a ouvert dimanche une enqu\u00eate p\u00e9nale apr\u00e8s un reportage de M6 sur ces d\u00eeners haut de gamme &#8211; interdits en p\u00e9riode de pand\u00e9mie &#8211; durant lequel une source anonyme, se pr\u00e9sentant comme l&rsquo;organisateur et reconnu comme \u00e9tant Pierre-Jean Chalen\u00e7on, assurait \u00e0 la cha\u00eene que des ministres participaient \u00e0 ce [&hellip;]<\/p>\n","protected":false},"author":2,"featured_media":18237,"comment_status":"open","ping_status":"open","sticky":false,"template":"","format":"standard","meta":{"_jetpack_memberships_contains_paid_content":false,"footnotes":"","jetpack_publicize_message":"","jetpack_publicize_feature_enabled":true,"jetpack_social_post_already_shared":true,"jetpack_social_options":{"image_generator_settings":{"template":"highway","default_image_id":0,"font":"","enabled":false},"version":2},"_wpas_customize_per_network":false},"categories":[405],"tags":[],"class_list":["post-18236","post","type-post","status-publish","format-standard","has-post-thumbnail","hentry","category-actu-france-monde"],"jetpack_publicize_connections":[],"jetpack_featured_media_url":"https:\/\/i0.wp.com\/www.iceagetv.com\/radiosite\/wp-content\/uploads\/2021\/04\/Le-chef-Christophe-Leroy-et-Pierre-Jean-Chalen%C3%A7on.jpg?fit=679%2C293&ssl=1","jetpack_sharing_enabled":true,"_links":{"self":[{"href":"https:\/\/www.iceagetv.com\/radiosite\/wp-json\/wp\/v2\/posts\/18236","targetHints":{"allow":["GET"]}}],"collection":[{"href":"https:\/\/www.iceagetv.com\/radiosite\/wp-json\/wp\/v2\/posts"}],"about":[{"href":"https:\/\/www.iceagetv.com\/radiosite\/wp-json\/wp\/v2\/types\/post"}],"author":[{"embeddable":true,"href":"https:\/\/www.iceagetv.com\/radiosite\/wp-json\/wp\/v2\/users\/2"}],"replies":[{"embeddable":true,"href":"https:\/\/www.iceagetv.com\/radiosite\/wp-json\/wp\/v2\/comments?post=18236"}],"version-history":[{"count":1,"href":"https:\/\/www.iceagetv.com\/radiosite\/wp-json\/wp\/v2\/posts\/18236\/revisions"}],"predecessor-version":[{"id":18238,"href":"https:\/\/www.iceagetv.com\/radiosite\/wp-json\/wp\/v2\/posts\/18236\/revisions\/18238"}],"wp:featuredmedia":[{"embeddable":true,"href":"https:\/\/www.iceagetv.com\/radiosite\/wp-json\/wp\/v2\/media\/18237"}],"wp:attachment":[{"href":"https:\/\/www.iceagetv.com\/radiosite\/wp-json\/wp\/v2\/media?parent=18236"}],"wp:term":[{"taxonomy":"category","embeddable":true,"href":"https:\/\/www.iceagetv.com\/radiosite\/wp-json\/wp\/v2\/categories?post=18236"},{"taxonomy":"post_tag","embeddable":true,"href":"https:\/\/www.iceagetv.com\/radiosite\/wp-json\/wp\/v2\/tags?post=18236"}],"curies":[{"name":"wp","href":"https:\/\/api.w.org\/{rel}","templated":true}]}}