{"id":18249,"date":"2021-04-06T15:48:36","date_gmt":"2021-04-06T15:48:36","guid":{"rendered":"http:\/\/www.iceagetv.com\/radiosite\/?p=18249"},"modified":"2021-04-06T15:48:36","modified_gmt":"2021-04-06T15:48:36","slug":"vaccin-dastrazeneca-et-cas-de-thrombose-lagence-europeenne-des-medicaments-na-pas-encore-abouti-a-une-conclusion","status":"publish","type":"post","link":"https:\/\/www.iceagetv.com\/radiosite\/vaccin-dastrazeneca-et-cas-de-thrombose-lagence-europeenne-des-medicaments-na-pas-encore-abouti-a-une-conclusion\/","title":{"rendered":"Vaccin d\u2019AstraZeneca et cas de thrombose : l\u2019Agence europ\u00e9enne des m\u00e9dicaments \u00ab n\u2019a pas encore abouti \u00e0 une conclusion \u00bb"},"content":{"rendered":"\n<p> La d\u00e9fiance \u00e0 son \u00e9gard ne cesse de cro\u00eetre, tandis qu\u2019il est suspect\u00e9 d\u2019\u00eatre responsable de cas de thrombose. L\u2019Agence europ\u00e9enne des m\u00e9dicaments (AEM) a fait savoir, mardi 6\u00a0avril, qu\u2019elle \u00e9tait toujours en train d\u2019\u00e9valuer si le vaccin d\u2019AstraZeneca contre le SARS-CoV-2 \u00e9tait potentiellement li\u00e9 \u00e0 la formation de rares caillots sanguins, signal\u00e9s dans plusieurs pays.  Cette annonce intervient quelques heures apr\u00e8s qu\u2019un responsable de l\u2019AEM a \u00e9voqu\u00e9 l\u2019existence d\u2019un\u00a0<em>\u00ab\u00a0lien\u00a0\u00bb<\/em>\u00a0entre le vaccin d\u2019AstraZeneca et les cas de thrombose observ\u00e9s par son administration,\u00a0<a rel=\"noreferrer noopener\" href=\"https:\/\/www.ilmessaggero.it\/salute\/focus\/astrazeneca_trombosi_vaccino_ema_aifa_cosa_ha_deciso_ultima_ora_6_aprile_2021-5879933.html\" target=\"_blank\">dans une interview au quotidien italien\u00a0<em>Il Messaggero<\/em>\u00a0publi\u00e9e mardi<\/a>. Le comit\u00e9 de s\u00e9curit\u00e9 de l\u2019AEM\u00a0<em>\u00ab\u00a0n\u2019a pas encore abouti \u00e0 une conclusion et l\u2019examen est actuellement en cours\u00a0\u00bb<\/em>, a temp\u00e9r\u00e9 dans un communiqu\u00e9 l\u2019agence \u00e9tablie \u00e0 Amsterdam.\u00a0<em>\u00ab\u00a0Nous communiquerons et organiserons un point de presse d\u00e8s que l\u2019examen sera finalis\u00e9\u00a0\u00bb<\/em>, a ajout\u00e9 le r\u00e9gulateur europ\u00e9en, pr\u00e9cisant qu\u2019une annonce \u00e9tait attendue mercredi ou jeudi.<\/p>\n\n\n\n<h2 class=\"wp-block-heading\">Un lien avec le vaccin&nbsp;\u00bb<\/h2>\n\n\n\n<p><em>\u00ab\u00a0Nous pouvons d\u00e9sormais le dire, il est clair qu\u2019il y a un lien avec le vaccin. Ce qui cause cette r\u00e9action, cependant, nous ne le savons pas encore\u00a0<\/em>(\u2026)<em>. Pour r\u00e9sumer, dans les prochaines heures, nous dirons qu\u2019il y a un lien, mais nous devons encore comprendre comment cela se produit\u00a0\u00bb<\/em>, avait affirm\u00e9 plus t\u00f4t Marco Cavaleri, responsable de la strat\u00e9gie sur les vaccins \u00e0 l\u2019AEM.<\/p>\n\n\n\n<p>L\u2019AEM avait annonc\u00e9, le 18&nbsp;mars,&nbsp;<a href=\"https:\/\/www.lemonde.fr\/planete\/article\/2021\/03\/28\/vaccins-anti-covid-le-rapport-benefice-risque-reste-favorable-car-il-s-agit-d-evenements-exceptionnels-alors-que-le-benefice-est-avere-et-majeur_6074777_3244.html\">que les b\u00e9n\u00e9fices du vaccin d\u2019AstraZeneca continuaient de l\u2019emporter sur les risques<\/a>&nbsp;et que son utilisation restait s\u00fbre, apr\u00e8s la suspension des injections par plusieurs pays. L\u2019agence avait toutefois expliqu\u00e9 qu\u2019il existait un lien possible avec des cas rares de caillots sanguins et qu\u2019elle publierait des conseils mis \u00e0 jour lors de la r\u00e9union de son comit\u00e9 de s\u00e9curit\u00e9 cette semaine.<\/p>\n\n\n\n<h2 class=\"wp-block-heading\">Pour l\u2019OMS, la balance b\u00e9n\u00e9fices-risques p\u00e8se \u00ab&nbsp;largement&nbsp;\u00bb en faveur du vaccin<\/h2>\n\n\n\n<p>La balance b\u00e9n\u00e9fices-risques continue de peser&nbsp;<em>\u00ab&nbsp;largement&nbsp;\u00bb<\/em>&nbsp;en faveur de l\u2019utilisation du vaccin d\u2019AstraZeneca, a de son c\u00f4t\u00e9 r\u00e9affirm\u00e9, mardi, un responsable de l\u2019Organisation mondiale de la sant\u00e9 (OMS).<\/p>\n\n\n\n<p><\/p>\n\n\n\n<p><\/p>\n","protected":false},"excerpt":{"rendered":"<p>La d\u00e9fiance \u00e0 son \u00e9gard ne cesse de cro\u00eetre, tandis qu\u2019il est suspect\u00e9 d\u2019\u00eatre responsable de cas de thrombose. L\u2019Agence europ\u00e9enne des m\u00e9dicaments (AEM) a fait savoir, mardi 6\u00a0avril, qu\u2019elle \u00e9tait toujours en train d\u2019\u00e9valuer si le vaccin d\u2019AstraZeneca contre le SARS-CoV-2 \u00e9tait potentiellement li\u00e9 \u00e0 la formation de rares caillots sanguins, signal\u00e9s dans plusieurs [&hellip;]<\/p>\n","protected":false},"author":2,"featured_media":18250,"comment_status":"open","ping_status":"open","sticky":false,"template":"","format":"standard","meta":{"_jetpack_memberships_contains_paid_content":false,"footnotes":"","jetpack_publicize_message":"","jetpack_publicize_feature_enabled":true,"jetpack_social_post_already_shared":true,"jetpack_social_options":{"image_generator_settings":{"template":"highway","default_image_id":0,"font":"","enabled":false},"version":2},"_wpas_customize_per_network":false},"categories":[405],"tags":[],"class_list":["post-18249","post","type-post","status-publish","format-standard","has-post-thumbnail","hentry","category-actu-france-monde"],"jetpack_publicize_connections":[],"jetpack_featured_media_url":"https:\/\/i0.wp.com\/www.iceagetv.com\/radiosite\/wp-content\/uploads\/2021\/04\/Un-responsable-de-lEMA-confirme-un-lien-entre-AstraZeneca-et-les-thromboses.png?fit=599%2C318&ssl=1","jetpack_sharing_enabled":true,"_links":{"self":[{"href":"https:\/\/www.iceagetv.com\/radiosite\/wp-json\/wp\/v2\/posts\/18249","targetHints":{"allow":["GET"]}}],"collection":[{"href":"https:\/\/www.iceagetv.com\/radiosite\/wp-json\/wp\/v2\/posts"}],"about":[{"href":"https:\/\/www.iceagetv.com\/radiosite\/wp-json\/wp\/v2\/types\/post"}],"author":[{"embeddable":true,"href":"https:\/\/www.iceagetv.com\/radiosite\/wp-json\/wp\/v2\/users\/2"}],"replies":[{"embeddable":true,"href":"https:\/\/www.iceagetv.com\/radiosite\/wp-json\/wp\/v2\/comments?post=18249"}],"version-history":[{"count":1,"href":"https:\/\/www.iceagetv.com\/radiosite\/wp-json\/wp\/v2\/posts\/18249\/revisions"}],"predecessor-version":[{"id":18251,"href":"https:\/\/www.iceagetv.com\/radiosite\/wp-json\/wp\/v2\/posts\/18249\/revisions\/18251"}],"wp:featuredmedia":[{"embeddable":true,"href":"https:\/\/www.iceagetv.com\/radiosite\/wp-json\/wp\/v2\/media\/18250"}],"wp:attachment":[{"href":"https:\/\/www.iceagetv.com\/radiosite\/wp-json\/wp\/v2\/media?parent=18249"}],"wp:term":[{"taxonomy":"category","embeddable":true,"href":"https:\/\/www.iceagetv.com\/radiosite\/wp-json\/wp\/v2\/categories?post=18249"},{"taxonomy":"post_tag","embeddable":true,"href":"https:\/\/www.iceagetv.com\/radiosite\/wp-json\/wp\/v2\/tags?post=18249"}],"curies":[{"name":"wp","href":"https:\/\/api.w.org\/{rel}","templated":true}]}}