{"id":18255,"date":"2021-04-07T07:08:13","date_gmt":"2021-04-07T07:08:13","guid":{"rendered":"http:\/\/www.iceagetv.com\/radiosite\/?p=18255"},"modified":"2021-04-07T07:08:13","modified_gmt":"2021-04-07T07:08:13","slug":"haute-savoie-la-famille-dun-homme-de-63-ans-decede-en-mars-en-de-multiples-thromboses-apres-avoir-ete-vaccine-avec-astrazeneca-depose-plainte-pour-homicide-involontaire","status":"publish","type":"post","link":"https:\/\/www.iceagetv.com\/radiosite\/haute-savoie-la-famille-dun-homme-de-63-ans-decede-en-mars-en-de-multiples-thromboses-apres-avoir-ete-vaccine-avec-astrazeneca-depose-plainte-pour-homicide-involontaire\/","title":{"rendered":"Haute-Savoie : La famille d&rsquo;un homme de 63 ans d\u00e9c\u00e9d\u00e9 en mars en de multiples thromboses, apr\u00e8s avoir \u00e9t\u00e9 vaccin\u00e9 avec AstraZeneca, d\u00e9pose plainte pour \u00ab\u00a0homicide involontaire"},"content":{"rendered":"\n<p>La famille de Jo\u00ebl Crochet, 63 ans, d\u00e9c\u00e9d\u00e9 en mars en Haute-Savoie de \u00ab\u00a0multiples thromboses \u00a0\u00bb apr\u00e8s une premi\u00e8re injection du vaccin anti-Covid d\u2019AstraZeneca, a d\u00e9pos\u00e9 plainte contre X pour \u00ab\u00a0homicide involontaire \u00ab\u00a0.&nbsp;&nbsp;La plainte m\u2019a \u00e9t\u00e9 d\u00e9pos\u00e9e en urgence ce mardi matin \u00ab\u00a0, a confirm\u00e9 \u00e0 l\u2019AFP ce soir V\u00e9ronique Denizot, la procureure de la r\u00e9publique d\u2019Annecy.<\/p>\n\n\n\n<p>\u00a0Les proches de cet homme de 63 ans ont signal\u00e9 le drame \u00e0 l\u2019Agence nationale de s\u00e9curit\u00e9 du m\u00e9dicament (ANSM), qui a ordonn\u00e9 un suppl\u00e9ment d\u2019information pour pr\u00e9ciser les causes de sa mort. \u00ab\u00a0Persuad\u00e9s \u00a0\u00bb \u00e0 95% \u00bb qu\u2019un lien avec la vaccination peut \u00eatre \u00e9tabli, les proches de la victime tentent de faire reconna\u00eetre son d\u00e9c\u00e8s comme une cons\u00e9quence de l\u2019injection et de l\u2019int\u00e9grer au rapport sur les effets ind\u00e9sirables d\u2019AstraZeneca\u00a0\u00bb.<\/p>\n\n\n\n<p>C&rsquo;est le 7 mars dernier que Jo\u00ebl Crochet avait re\u00e7u sa premi\u00e8re dose de vaccin AstraZeneca \u00e0 Annecy, lors d&rsquo;un grand week-end de vaccination. Atteint de l\u00e9g\u00e8re comorbidit\u00e9, cet homme de 63 ans avait pr\u00e9f\u00e9r\u00e9 ne pas trop attendre. D\u00e8s le lendemain pourtant, il rencontre des probl\u00e8mes respiratoires et articulaires.<\/p>\n\n\n\n<p>Soign\u00e9 par son m\u00e9decin \u00e0 la cortisone, son \u00e9tat s&rsquo;am\u00e9liore dans la semaine. Mais le week-end suivant, il se d\u00e9grade \u00e0 nouveau. \u00ab\u00a0En l\u2019espace d\u2019un jour et demi, il a multipli\u00e9 probl\u00e8mes sur probl\u00e8mes, des thromboses sur des organes vitaux, le foie, les reins, le cerveau&#8230; puis il a \u00e9t\u00e9 plac\u00e9 en r\u00e9animation. Cela a \u00e9t\u00e9 fulgurant \u00bb, t\u00e9moigne son fr\u00e8re Jean-Luc Crochet que notre \u00e9quipe avait rencontr\u00e9 le mardi 30 mars denier, avant qu&rsquo;il ne se d\u00e9cide \u00e0 porter plainte<\/p>\n\n\n\n<p><\/p>\n","protected":false},"excerpt":{"rendered":"<p>La famille de Jo\u00ebl Crochet, 63 ans, d\u00e9c\u00e9d\u00e9 en mars en Haute-Savoie de \u00ab\u00a0multiples thromboses \u00a0\u00bb apr\u00e8s une premi\u00e8re injection du vaccin anti-Covid d\u2019AstraZeneca, a d\u00e9pos\u00e9 plainte contre X pour \u00ab\u00a0homicide involontaire \u00ab\u00a0.&nbsp;&nbsp;La plainte m\u2019a \u00e9t\u00e9 d\u00e9pos\u00e9e en urgence ce mardi matin \u00ab\u00a0, a confirm\u00e9 \u00e0 l\u2019AFP ce soir V\u00e9ronique Denizot, la procureure de la [&hellip;]<\/p>\n","protected":false},"author":2,"featured_media":18250,"comment_status":"open","ping_status":"open","sticky":false,"template":"","format":"standard","meta":{"_jetpack_memberships_contains_paid_content":false,"footnotes":"","jetpack_publicize_message":"","jetpack_publicize_feature_enabled":true,"jetpack_social_post_already_shared":true,"jetpack_social_options":{"image_generator_settings":{"template":"highway","default_image_id":0,"font":"","enabled":false},"version":2},"_wpas_customize_per_network":false},"categories":[405],"tags":[],"class_list":["post-18255","post","type-post","status-publish","format-standard","has-post-thumbnail","hentry","category-actu-france-monde"],"jetpack_publicize_connections":[],"jetpack_featured_media_url":"https:\/\/i0.wp.com\/www.iceagetv.com\/radiosite\/wp-content\/uploads\/2021\/04\/Un-responsable-de-lEMA-confirme-un-lien-entre-AstraZeneca-et-les-thromboses.png?fit=599%2C318&ssl=1","jetpack_sharing_enabled":true,"_links":{"self":[{"href":"https:\/\/www.iceagetv.com\/radiosite\/wp-json\/wp\/v2\/posts\/18255","targetHints":{"allow":["GET"]}}],"collection":[{"href":"https:\/\/www.iceagetv.com\/radiosite\/wp-json\/wp\/v2\/posts"}],"about":[{"href":"https:\/\/www.iceagetv.com\/radiosite\/wp-json\/wp\/v2\/types\/post"}],"author":[{"embeddable":true,"href":"https:\/\/www.iceagetv.com\/radiosite\/wp-json\/wp\/v2\/users\/2"}],"replies":[{"embeddable":true,"href":"https:\/\/www.iceagetv.com\/radiosite\/wp-json\/wp\/v2\/comments?post=18255"}],"version-history":[{"count":1,"href":"https:\/\/www.iceagetv.com\/radiosite\/wp-json\/wp\/v2\/posts\/18255\/revisions"}],"predecessor-version":[{"id":18256,"href":"https:\/\/www.iceagetv.com\/radiosite\/wp-json\/wp\/v2\/posts\/18255\/revisions\/18256"}],"wp:featuredmedia":[{"embeddable":true,"href":"https:\/\/www.iceagetv.com\/radiosite\/wp-json\/wp\/v2\/media\/18250"}],"wp:attachment":[{"href":"https:\/\/www.iceagetv.com\/radiosite\/wp-json\/wp\/v2\/media?parent=18255"}],"wp:term":[{"taxonomy":"category","embeddable":true,"href":"https:\/\/www.iceagetv.com\/radiosite\/wp-json\/wp\/v2\/categories?post=18255"},{"taxonomy":"post_tag","embeddable":true,"href":"https:\/\/www.iceagetv.com\/radiosite\/wp-json\/wp\/v2\/tags?post=18255"}],"curies":[{"name":"wp","href":"https:\/\/api.w.org\/{rel}","templated":true}]}}