{"id":18260,"date":"2021-04-07T18:30:18","date_gmt":"2021-04-07T18:30:18","guid":{"rendered":"http:\/\/www.iceagetv.com\/radiosite\/?p=18260"},"modified":"2021-04-07T18:30:18","modified_gmt":"2021-04-07T18:30:18","slug":"une-perquisition-a-lieu-au-domicile-du-chef-christophe-leroy-qui-aurait-cuisine-au-palais-vivienne","status":"publish","type":"post","link":"https:\/\/www.iceagetv.com\/radiosite\/une-perquisition-a-lieu-au-domicile-du-chef-christophe-leroy-qui-aurait-cuisine-au-palais-vivienne\/","title":{"rendered":"Une perquisition a lieu au domicile du chef Christophe Leroy qui aurait cuisin\u00e9 au Palais Vivienne"},"content":{"rendered":"\n<p> <strong>Selon BFM TV, une perquisition a eu lieu au domicile du chef Christophe Leroy qui aurait cuisin\u00e9 au Palais Vivienne. Une enqu\u00eate pour \u00ab\u00a0mise en danger de la vie d&rsquo;autrui a eu lieu\u00a0\u00bb\u00a0<\/strong> <\/p>\n\n\n\n<p>Ce matin, Pierre-Jean Chalen\u00e7on \u00e9tait l\u2019invit\u00e9 de Jean-Marc Morandini dans \u00ab\u00a0Morandini Live\u00a0\u00bb sur CNews et Non Stop People. Le collectionneur a r\u00e9agi<strong>&nbsp;en exclusivit\u00e9<\/strong>&nbsp;aux r\u00e9v\u00e9lations faites hier dans l\u2019\u00e9mission concernant la soir\u00e9e organis\u00e9e jeudi dernier au Palais Vivienne. \u00ab\u00a0<strong>\u00c7a devient ubuesque ces personnes qui parlent (\u2026) Il n\u2019y avait pas 40 personnes ! Il y avait au maximum une vingtaine de personnes qui sont pass\u00e9es lors de cette soir\u00e9e. C\u2019\u00e9tait une soir\u00e9e professionnelle, pas une f\u00eate<\/strong>\u00ab\u00a0, a-t-il d\u00e9but\u00e9.<\/p>\n\n\n\n<p>Et d\u2019ajouter : \u00ab\u00a0Aujourd\u2019hui, cette histoire aurait d\u00fb passer comme une lettre \u00e0 la poste. Le monde se fout de cette histoire&nbsp;!\u00a0\u00bb. Pierre-Jean Chalen\u00e7on a affirm\u00e9 qu\u2019il \u00ab\u00a0<strong>n\u2019y a jamais eu d\u2019hommes politiques dans cette soir\u00e9e<\/strong>\u00ab\u00a0. \u00ab\u00a0C\u2019\u00e9tait une conf\u00e9rence concernant le bicentainaire de la mort de Napol\u00e9on\u00a0\u00bb, a-t-il continu\u00e9.<\/p>\n\n\n\n<p>\u00ab\u00a0Je respecte la loi. Je suis un honn\u00eate citoyen. Il faut arr\u00eater de dire que j\u2019organise des soir\u00e9es\u00a0\u00bb, a continu\u00e9 Pierre-Jean Chalen\u00e7on avant de s\u2019en prendre \u00e0 la r\u00e9daction d\u2019M6, qui a r\u00e9v\u00e9l\u00e9 l\u2019affaire. \u00ab\u00a0Quand je vois comment cette pseudo r\u00e9daction traite le sujet en tournant des images totalement ridicules, en enregistrant une conversation \u00e0 mon insu. Si c&rsquo;est \u00e7a du journalisme&#8230;\u00a0\u00bb.<\/p>\n\n\n\n<p><strong>Concernant le menu \u00e0 220 euros du chef Christophe Leroy, le collectionneur pr\u00e9cise qu\u2019il \u00ab\u00a0n\u2019a rien touch\u00e9 de cet \u00e9v\u00e9nement\u00a0\u00bb. \u00ab\u00a0Nous avons organis\u00e9 quelque chose pour la r\u00e9ouverture du Palais Vivienne. Je ne sais pas si les gens ont pay\u00e9 220 euros. En tout cas, je ne pense pas\u00a0\u00bb.<\/strong><\/p>\n\n\n\n<p>Le sp\u00e9cialiste de Napol\u00e9on a affirm\u00e9 \u00ab\u00a0ne pas connaitre Gabriel Attal\u00a0\u00bb. \u00ab\u00a0Dans l&rsquo;interview [donn\u00e9e il y a quelques semaines], j&rsquo;ai dit que j&rsquo;appr\u00e9ciais Gabriel Attal et qu&rsquo;il devait a priori diner. \u00c7a a \u00e9t\u00e9 confirm\u00e9 par son cabinet. Il a refus\u00e9. Avec le Covid, je ne fais pas de soir\u00e9e en ce moment\u00a0\u00bb, a expliqu\u00e9 Pierre-Jean Chalen\u00e7on.<\/p>\n\n\n\n<p>Hier soir, une manifestation regroupant une dizaine de personnes s&rsquo;est d\u00e9roul\u00e9e devant le Palais Vivienne. \u00ab\u00a0Je trouve \u00e7a abracadabrantesque. Il y a la police qui a d&rsquo;autres choses \u00e0 faire que d\u00e9fendre le Palais Vivienne. Ce n&rsquo;est pas son job. Je trouve \u00e7a un peu dommage qu&rsquo;on arrive \u00e0 attiser la haine des Fran\u00e7ais\u00a0\u00bb, a-t-il indiqu\u00e9.<\/p>\n\n\n\n<p>A la fin de l&rsquo;interview, un \u00e9change tendu s&rsquo;est produit entre Aur\u00e9lien Le Coq, orateur national de La France insoumise, et le collectionneur. \u00ab\u00a0Pendant que des personnes se r\u00e9unissent dans un Palais pour manger des plats luxueux \u00e0 220 euros, dans ce pays, il y a des \u00e9tudiants qui vivent depuis quasiment un an confin\u00e9s dans des chambres de 9m2. Il y a des gens qui cr\u00e8vent de faim en France aujourd&rsquo;hui. C&rsquo;est normal qu&rsquo;il y ait une col\u00e8re\u00a0\u00bb, a lanc\u00e9 l&rsquo;homme politique \u00e0 son interlocuteur.<br><\/p>\n\n\n\n<p><\/p>\n","protected":false},"excerpt":{"rendered":"<p>Selon BFM TV, une perquisition a eu lieu au domicile du chef Christophe Leroy qui aurait cuisin\u00e9 au Palais Vivienne. Une enqu\u00eate pour \u00ab\u00a0mise en danger de la vie d&rsquo;autrui a eu lieu\u00a0\u00bb\u00a0 Ce matin, Pierre-Jean Chalen\u00e7on \u00e9tait l\u2019invit\u00e9 de Jean-Marc Morandini dans \u00ab\u00a0Morandini Live\u00a0\u00bb sur CNews et Non Stop People. Le collectionneur a r\u00e9agi&nbsp;en [&hellip;]<\/p>\n","protected":false},"author":2,"featured_media":18261,"comment_status":"open","ping_status":"open","sticky":false,"template":"","format":"standard","meta":{"_jetpack_memberships_contains_paid_content":false,"footnotes":"","jetpack_publicize_message":"","jetpack_publicize_feature_enabled":true,"jetpack_social_post_already_shared":true,"jetpack_social_options":{"image_generator_settings":{"template":"highway","default_image_id":0,"font":"","enabled":false},"version":2},"_wpas_customize_per_network":false},"categories":[405],"tags":[],"class_list":["post-18260","post","type-post","status-publish","format-standard","has-post-thumbnail","hentry","category-actu-france-monde"],"jetpack_publicize_connections":[],"jetpack_featured_media_url":"https:\/\/i0.wp.com\/www.iceagetv.com\/radiosite\/wp-content\/uploads\/2021\/04\/Une-perquisition-a-lieu-au-domicile-du-chef-Christophe-Leroy.png?fit=713%2C363&ssl=1","jetpack_sharing_enabled":true,"_links":{"self":[{"href":"https:\/\/www.iceagetv.com\/radiosite\/wp-json\/wp\/v2\/posts\/18260","targetHints":{"allow":["GET"]}}],"collection":[{"href":"https:\/\/www.iceagetv.com\/radiosite\/wp-json\/wp\/v2\/posts"}],"about":[{"href":"https:\/\/www.iceagetv.com\/radiosite\/wp-json\/wp\/v2\/types\/post"}],"author":[{"embeddable":true,"href":"https:\/\/www.iceagetv.com\/radiosite\/wp-json\/wp\/v2\/users\/2"}],"replies":[{"embeddable":true,"href":"https:\/\/www.iceagetv.com\/radiosite\/wp-json\/wp\/v2\/comments?post=18260"}],"version-history":[{"count":1,"href":"https:\/\/www.iceagetv.com\/radiosite\/wp-json\/wp\/v2\/posts\/18260\/revisions"}],"predecessor-version":[{"id":18262,"href":"https:\/\/www.iceagetv.com\/radiosite\/wp-json\/wp\/v2\/posts\/18260\/revisions\/18262"}],"wp:featuredmedia":[{"embeddable":true,"href":"https:\/\/www.iceagetv.com\/radiosite\/wp-json\/wp\/v2\/media\/18261"}],"wp:attachment":[{"href":"https:\/\/www.iceagetv.com\/radiosite\/wp-json\/wp\/v2\/media?parent=18260"}],"wp:term":[{"taxonomy":"category","embeddable":true,"href":"https:\/\/www.iceagetv.com\/radiosite\/wp-json\/wp\/v2\/categories?post=18260"},{"taxonomy":"post_tag","embeddable":true,"href":"https:\/\/www.iceagetv.com\/radiosite\/wp-json\/wp\/v2\/tags?post=18260"}],"curies":[{"name":"wp","href":"https:\/\/api.w.org\/{rel}","templated":true}]}}