{"id":18266,"date":"2021-04-08T08:19:29","date_gmt":"2021-04-08T08:19:29","guid":{"rendered":"http:\/\/www.iceagetv.com\/radiosite\/?p=18266"},"modified":"2021-04-08T08:19:29","modified_gmt":"2021-04-08T08:19:29","slug":"emmanuel-macron-va-annoncer-la-suppression-de-lena","status":"publish","type":"post","link":"https:\/\/www.iceagetv.com\/radiosite\/emmanuel-macron-va-annoncer-la-suppression-de-lena\/","title":{"rendered":"Emmanuel Macron va annoncer la suppression de l\u2019ENA"},"content":{"rendered":"\n<p><strong>Le chef de l\u2019Etat r\u00e9unit jeudi apr\u00e8s-midi les plus hauts fonctionnaires fran\u00e7ais pour leur annoncer une r\u00e9forme de tr\u00e8s grande ampleur de la haute fonction publique. Avec une mesure phare et symbolique, la suppression de l\u2019Ecole nationale d\u2019administration, une promesse datant de la crise des gilets jaunes.<\/strong><\/p>\n\n\n\n<p>C\u2019est une mesure tr\u00e8s forte et surtout extr\u00eamement symbolique qu\u2019<a href=\"https:\/\/www.europe1.fr\/dossiers\/emmanuel-macron\">Emmanuel Macron<\/a>\u00a0s\u2019appr\u00eate \u00e0 d\u00e9voiler. Le chef de l\u2019Etat a en effet d\u00e9cid\u00e9 de purement et simplement supprimer l\u2019ENA, selon les informations d\u2019Europe 1. Il doit l\u2019annoncer jeudi apr\u00e8s-midi aux \u00ab\u00a0managers de la fonction publique, c\u2019est-\u00e0-dire les 200 \u00e0 500 plus hauts fonctionnaires fran\u00e7ais, dans le cadre d\u2019une r\u00e9forme de tr\u00e8s grande ampleur de la haute administration fran\u00e7aise. Le pr\u00e9sident de la R\u00e9publique honore l\u00e0\u00a0<a href=\"https:\/\/www.europe1.fr\/politique\/emmanuel-macron-promet-une-profonde-reorganisation-de-ladministration-en-mai-3895090\">une promesse datant de la crise des gilets jaunes<\/a>, sur laquelle il \u00e9tait pourtant dans un premier temps revenu.<\/p>\n\n\n\n<h2 class=\"wp-block-heading\">Nouveaux profils, nouvelle logique<\/h2>\n\n\n\n<p>Mais c\u2019est donc finalement d\u00e9cid\u00e9&nbsp;:&nbsp;<a href=\"https:\/\/www.europe1.fr\/societe\/professeurs-profils-des-eleves-opinions-politiques-a-lena-un-conformisme-aggrave-3896426\">l\u2019Ecole nationale d\u2019administration, qui forme aujourd\u2019hui l\u2019\u00e9lite de la haute fonction publique<\/a>&nbsp;fran\u00e7aise, va dispara\u00eetre pour laisser place \u00e0 une nouvelle \u00e9cole. Emmanuel Macron souhaite ouvrir \u00e0 de nouveaux candidats les grands corps de l\u2019Etat, qui administrent aujourd\u2019hui le pays, dont les plus connus sont l\u2019Inspection des finances, le Conseil d\u2019Etat ou encore la&nbsp;Cour des comptes.<\/p>\n\n\n\n<p>Le chef de l\u2019Etat veut attirer des profils plus vari\u00e9s venant des universit\u00e9s et plus uniquement de Sciences Po. Pour la formation, il doit aussi annoncer un tronc commun \u00e0 tous les hauts fonctionnaires, pour les confronter aux nouvelles r\u00e9alit\u00e9s du terrain&nbsp;: la\u00efcit\u00e9, pauvret\u00e9, \u00e9cologie, discours scientifiques.<\/p>\n\n\n\n<h2 class=\"wp-block-heading\">Casser les logiques de corps et de rentes \u00e0 vie<\/h2>\n\n\n\n<p>Enfin, et c\u2019est un sujet tr\u00e8s sensible,&nbsp;Emmanuel Macron va s\u2019attaquer \u00e0 la r\u00e9forme des carri\u00e8res, en encourageant les mutations, en cassant les logiques de corps et de rentes \u00e0 vie.<\/p>\n\n\n\n<p>Si cette r\u00e9forme \u00e9tait adopt\u00e9e avant la fin du quinquennat, les hauts fonctionnaires&nbsp;seraient \u00e0 l\u2019avenir \u00e9valu\u00e9s de mani\u00e8re syst\u00e9matique et affect\u00e9s \u00e0 une mission en fonction de leur profil et des besoins de l\u2019Etat, et plus seulement sur le seul crit\u00e8re de leur classement \u00e0 la sortie de l\u2019\u00e9cole. Et si \u00e7a ne leur convient pas, une rupture conventionnelle de leur contrat devrait leur \u00eatre propos\u00e9e.<\/p>\n\n\n\n<h2 class=\"wp-block-heading\">Une petite r\u00e9volution pour cr\u00e9er un \u00e9lectrochoc<\/h2>\n\n\n\n<p>Il ne s\u2019agit donc pas, loin s\u2019en faut, d\u2019un simple toilettage de la haute fonction publique. Emmanuel Macron souhaite montrer aux Fran\u00e7ais qu\u2019il tire les premiers enseignements de la crise sanitaire, du premier retour d\u2019exp\u00e9rience des dysfonctionnements qui ont \u00e9t\u00e9 point\u00e9s du doigt. Et ce en s\u2019attaquant au \u00ab\u00a0mammouth\u00a0\u00bb d\u2019une administration jug\u00e9e peu efficace, pas suffisamment loyale, trop lente, trop puissante, trop endog\u00e8ne, et surtout prenant trop peu de risques pour se prot\u00e9ger.<\/p>\n\n\n\n<p>En r\u00e9formant aujourd\u2019hui l\u2019ordonnance de 1945, con\u00e7ue par le G\u00e9n\u00e9ral de Gaulle, qui souhaitait \u00e0 l\u2019\u00e9poque constituer une nouvelle haute fonction publique pour relever le pays, Emmanuel Macron provoque une petite r\u00e9volution.&nbsp;&nbsp;La situation n\u2019a certes rien \u00e0 voir avec l\u2019apr\u00e8s-guerre, mais le pr\u00e9sident veut cr\u00e9er le m\u00eame \u00e9lectrochoc.<\/p>\n\n\n\n<h2 class=\"wp-block-heading\">Un passage au Parlement avant juin indispensable<\/h2>\n\n\n\n<p>Plusieurs conseillers \u00e9lys\u00e9ens qu\u2019Europe 1 a contact\u00e9s r\u00e9cusent toute attaque en r\u00e8gle contre les hauts fonctionnaires. Pourtant, il s\u2019agit bel et bien d\u2019un symbole tr\u00e8s fort.<\/p>\n\n\n\n<p>Reste que pour que cette r\u00e9forme ait une chance d\u2019\u00eatre adopt\u00e9e avant 2022, il faut imp\u00e9rativement qu\u2019elle soit d\u00e9battue au Parlement avant le mois de juin. Et quand on observe l\u2019embouteillage l\u00e9gislatif, une certitude&nbsp;: la fen\u00eatre de tir est toute petite.&nbsp;<\/p>\n\n\n\n<p><\/p>\n","protected":false},"excerpt":{"rendered":"<p>Le chef de l\u2019Etat r\u00e9unit jeudi apr\u00e8s-midi les plus hauts fonctionnaires fran\u00e7ais pour leur annoncer une r\u00e9forme de tr\u00e8s grande ampleur de la haute fonction publique. Avec une mesure phare et symbolique, la suppression de l\u2019Ecole nationale d\u2019administration, une promesse datant de la crise des gilets jaunes. C\u2019est une mesure tr\u00e8s forte et surtout extr\u00eamement [&hellip;]<\/p>\n","protected":false},"author":2,"featured_media":18267,"comment_status":"open","ping_status":"open","sticky":false,"template":"","format":"standard","meta":{"_jetpack_memberships_contains_paid_content":false,"footnotes":"","jetpack_publicize_message":"","jetpack_publicize_feature_enabled":true,"jetpack_social_post_already_shared":true,"jetpack_social_options":{"image_generator_settings":{"template":"highway","default_image_id":0,"font":"","enabled":false},"version":2},"_wpas_customize_per_network":false},"categories":[405],"tags":[],"class_list":["post-18266","post","type-post","status-publish","format-standard","has-post-thumbnail","hentry","category-actu-france-monde"],"jetpack_publicize_connections":[],"jetpack_featured_media_url":"https:\/\/i0.wp.com\/www.iceagetv.com\/radiosite\/wp-content\/uploads\/2021\/04\/Emmanuel-Macron-va-annoncer-la-suppression-de-l%E2%80%99ENA.png?fit=572%2C243&ssl=1","jetpack_sharing_enabled":true,"_links":{"self":[{"href":"https:\/\/www.iceagetv.com\/radiosite\/wp-json\/wp\/v2\/posts\/18266","targetHints":{"allow":["GET"]}}],"collection":[{"href":"https:\/\/www.iceagetv.com\/radiosite\/wp-json\/wp\/v2\/posts"}],"about":[{"href":"https:\/\/www.iceagetv.com\/radiosite\/wp-json\/wp\/v2\/types\/post"}],"author":[{"embeddable":true,"href":"https:\/\/www.iceagetv.com\/radiosite\/wp-json\/wp\/v2\/users\/2"}],"replies":[{"embeddable":true,"href":"https:\/\/www.iceagetv.com\/radiosite\/wp-json\/wp\/v2\/comments?post=18266"}],"version-history":[{"count":1,"href":"https:\/\/www.iceagetv.com\/radiosite\/wp-json\/wp\/v2\/posts\/18266\/revisions"}],"predecessor-version":[{"id":18268,"href":"https:\/\/www.iceagetv.com\/radiosite\/wp-json\/wp\/v2\/posts\/18266\/revisions\/18268"}],"wp:featuredmedia":[{"embeddable":true,"href":"https:\/\/www.iceagetv.com\/radiosite\/wp-json\/wp\/v2\/media\/18267"}],"wp:attachment":[{"href":"https:\/\/www.iceagetv.com\/radiosite\/wp-json\/wp\/v2\/media?parent=18266"}],"wp:term":[{"taxonomy":"category","embeddable":true,"href":"https:\/\/www.iceagetv.com\/radiosite\/wp-json\/wp\/v2\/categories?post=18266"},{"taxonomy":"post_tag","embeddable":true,"href":"https:\/\/www.iceagetv.com\/radiosite\/wp-json\/wp\/v2\/tags?post=18266"}],"curies":[{"name":"wp","href":"https:\/\/api.w.org\/{rel}","templated":true}]}}