{"id":18270,"date":"2021-04-08T16:03:28","date_gmt":"2021-04-08T16:03:28","guid":{"rendered":"http:\/\/www.iceagetv.com\/radiosite\/?p=18270"},"modified":"2021-04-08T16:03:28","modified_gmt":"2021-04-08T16:03:28","slug":"restaurants-clandestins-une-dizaine-de-policiers-sont-arrives-au-palais-vivienne-propriete-de-pierre-jean-chalencon-apres-la-perquisition-hier-chez-le-chef-christophe-leroy","status":"publish","type":"post","link":"https:\/\/www.iceagetv.com\/radiosite\/restaurants-clandestins-une-dizaine-de-policiers-sont-arrives-au-palais-vivienne-propriete-de-pierre-jean-chalencon-apres-la-perquisition-hier-chez-le-chef-christophe-leroy\/","title":{"rendered":"Restaurants clandestins: Une dizaine de policiers sont arriv\u00e9s au Palais Vivienne, propri\u00e9t\u00e9 de Pierre-Jean Chalen\u00e7on, apr\u00e8s la perquisition hier chez le chef Christophe Leroy"},"content":{"rendered":"\n<p>Selon BFMTV, une dizaine de policiers sont arriv\u00e9s cet apr\u00e8s-midi au Palais Vivienne, propri\u00e9t\u00e9 de Pierre-Jean Chalen\u00e7on, \u00e0 Paris. Le collectionneur est soup\u00e7onn\u00e9 d\u2019avoir accueilli au Palais Vivienne un d\u00eener clandestin organis\u00e9 par le chef Christophe Leroy. Hier, une perquisition a \u00e9t\u00e9 men\u00e9e au domicile parisien de ce dernier.<\/p>\n\n\n\n<p>Le cuisinier, soup\u00e7onn\u00e9 d&rsquo;avoir organis\u00e9 des repas luxueux clandestins notamment au Palais Vivienne de Pierre-Jean Chalen\u00e7on, a affirm\u00e9 ce matin par la voix de son avocat que ces agapes \u00e9taient l\u00e9gales et qu&rsquo;aucun ministre n&rsquo;y avait particip\u00e9. Lors de la perquisition men\u00e9e \u00e0 son domicile parisien, M. Leroy \u00aba pu remettre un certain nombre de documents \u00e9tablissant que les prestations qu\u2019il a effectu\u00e9es l&rsquo;ont \u00e9t\u00e9, comme la loi l&rsquo;autorise, dans des domiciles priv\u00e9s et non pas dans des \u00e9tablissements recevant du public (ERP) de type restaurant\u00bb, indique Me Thierry Fradet dans un communiqu\u00e9. \u00abEn tout \u00e9tat de cause et contrairement \u00e0 ce qui a \u00e9t\u00e9 affirm\u00e9 de mani\u00e8re peu professionnelle, aucun membre du gouvernement n&rsquo;a particip\u00e9 aux repas\u00bb, ajoute-t-il, d\u00e9non\u00e7ant un \u00abmauvais proc\u00e8s\u00bb \u00e0 l&rsquo;encontre de son client.<\/p>\n\n\n\n<p>La diffusion vendredi d\u2019un reportage \u00e0 la t\u00e9l\u00e9vision sur des d\u00eeners clandestins fastueux \u00e0 Paris a d\u00e9clench\u00e9 une vive pol\u00e9mique le week-end dernier, un des organisateurs, identifi\u00e9 comme \u00e9tant le collectionneur fran\u00e7ais Pierre-Jean Chalen\u00e7on, affirmant avoir \u00ab&nbsp;d\u00een\u00e9 dans la semaine dans deux-trois restaurants clandestins&nbsp;\u00bb o\u00f9 il aurait crois\u00e9 \u00ab&nbsp;des ministres&nbsp;\u00bb. Depuis, M. Chalen\u00e7on est revenu sur ses d\u00e9clarations, en expliquant avoir voulu faire de \u00ab&nbsp;l\u2019humour&nbsp;\u00bb.<\/p>\n\n\n\n<p>Le reportage faisait notamment \u00e9tat d\u2019un d\u00eener \u00ab&nbsp;autour d\u2019un menu caviar et champagne&nbsp;\u00bb au prix de \u00ab&nbsp;220 euros par personne&nbsp;\u00bb concoct\u00e9 par le cuisinier. Il avait enflamm\u00e9 les r\u00e9seaux sociaux durant le weekend, provoqu\u00e9 des r\u00e9actions de la classe politique, et entra\u00een\u00e9 l\u2019ouverture d\u2019une enqu\u00eate.<\/p>\n\n\n\n<p><\/p>\n","protected":false},"excerpt":{"rendered":"<p>Selon BFMTV, une dizaine de policiers sont arriv\u00e9s cet apr\u00e8s-midi au Palais Vivienne, propri\u00e9t\u00e9 de Pierre-Jean Chalen\u00e7on, \u00e0 Paris. Le collectionneur est soup\u00e7onn\u00e9 d\u2019avoir accueilli au Palais Vivienne un d\u00eener clandestin organis\u00e9 par le chef Christophe Leroy. Hier, une perquisition a \u00e9t\u00e9 men\u00e9e au domicile parisien de ce dernier. Le cuisinier, soup\u00e7onn\u00e9 d&rsquo;avoir organis\u00e9 des [&hellip;]<\/p>\n","protected":false},"author":2,"featured_media":18271,"comment_status":"open","ping_status":"open","sticky":false,"template":"","format":"standard","meta":{"_jetpack_memberships_contains_paid_content":false,"footnotes":"","jetpack_publicize_message":"","jetpack_publicize_feature_enabled":true,"jetpack_social_post_already_shared":true,"jetpack_social_options":{"image_generator_settings":{"template":"highway","default_image_id":0,"font":"","enabled":false},"version":2},"_wpas_customize_per_network":false},"categories":[405],"tags":[],"class_list":["post-18270","post","type-post","status-publish","format-standard","has-post-thumbnail","hentry","category-actu-france-monde"],"jetpack_publicize_connections":[],"jetpack_featured_media_url":"https:\/\/i0.wp.com\/www.iceagetv.com\/radiosite\/wp-content\/uploads\/2021\/04\/Restaurants-clandestins.jpg?fit=679%2C293&ssl=1","jetpack_sharing_enabled":true,"_links":{"self":[{"href":"https:\/\/www.iceagetv.com\/radiosite\/wp-json\/wp\/v2\/posts\/18270","targetHints":{"allow":["GET"]}}],"collection":[{"href":"https:\/\/www.iceagetv.com\/radiosite\/wp-json\/wp\/v2\/posts"}],"about":[{"href":"https:\/\/www.iceagetv.com\/radiosite\/wp-json\/wp\/v2\/types\/post"}],"author":[{"embeddable":true,"href":"https:\/\/www.iceagetv.com\/radiosite\/wp-json\/wp\/v2\/users\/2"}],"replies":[{"embeddable":true,"href":"https:\/\/www.iceagetv.com\/radiosite\/wp-json\/wp\/v2\/comments?post=18270"}],"version-history":[{"count":1,"href":"https:\/\/www.iceagetv.com\/radiosite\/wp-json\/wp\/v2\/posts\/18270\/revisions"}],"predecessor-version":[{"id":18272,"href":"https:\/\/www.iceagetv.com\/radiosite\/wp-json\/wp\/v2\/posts\/18270\/revisions\/18272"}],"wp:featuredmedia":[{"embeddable":true,"href":"https:\/\/www.iceagetv.com\/radiosite\/wp-json\/wp\/v2\/media\/18271"}],"wp:attachment":[{"href":"https:\/\/www.iceagetv.com\/radiosite\/wp-json\/wp\/v2\/media?parent=18270"}],"wp:term":[{"taxonomy":"category","embeddable":true,"href":"https:\/\/www.iceagetv.com\/radiosite\/wp-json\/wp\/v2\/categories?post=18270"},{"taxonomy":"post_tag","embeddable":true,"href":"https:\/\/www.iceagetv.com\/radiosite\/wp-json\/wp\/v2\/tags?post=18270"}],"curies":[{"name":"wp","href":"https:\/\/api.w.org\/{rel}","templated":true}]}}