{"id":18287,"date":"2021-04-10T07:04:27","date_gmt":"2021-04-10T07:04:27","guid":{"rendered":"http:\/\/www.iceagetv.com\/radiosite\/?p=18287"},"modified":"2021-04-10T07:04:27","modified_gmt":"2021-04-10T07:04:27","slug":"diners-clandestins-apres-la-garde-a-vue-de-pierre-jean-chalencon-et-du-cuisinier-christophe-leroy-aucun-element-ne-permet-de-mettre-au-jour-la-participation-dun-membre-du-gouvernement-aux-repas","status":"publish","type":"post","link":"https:\/\/www.iceagetv.com\/radiosite\/diners-clandestins-apres-la-garde-a-vue-de-pierre-jean-chalencon-et-du-cuisinier-christophe-leroy-aucun-element-ne-permet-de-mettre-au-jour-la-participation-dun-membre-du-gouvernement-aux-repas\/","title":{"rendered":"D\u00eeners clandestins : Apr\u00e8s la garde \u00e0 vue de Pierre-Jean Chalen\u00e7on et du cuisinier Christophe Leroy, \u00ab\u00a0aucun \u00e9l\u00e9ment ne permet de mettre au jour la participation d&rsquo;un membre du gouvernement aux repas"},"content":{"rendered":"\n<p>Les gardes \u00e0 vue Pierre-Jean Chalen\u00e7on et du cuisinier Christophe Leroy, interpell\u00e9s dans le cadre de l&rsquo;enqu\u00eate sur les d\u00eeners clandestins du Palais Vivienne, ont \u00e9t\u00e9 lev\u00e9es vendredi dans la soir\u00e9e. Les deux hommes et l&rsquo;\u00e9pouse de Christophe Leroy ont \u00e9t\u00e9 longuement interrog\u00e9s par la Brigade de r\u00e9pression de la d\u00e9linquance contre la personne (BRDP). Le parquet de Paris a indiqu\u00e9 que leurs gardes \u00e0 vue \u00abont \u00e9t\u00e9 lev\u00e9es pour poursuite d&rsquo;enqu\u00eate\u00bb.<\/p>\n\n\n\n<p>\u00abA ce stade des investigations, aucun \u00e9l\u00e9ment ne permet de mettre au jour la participation d&rsquo;un membre du gouvernement aux repas qui font l&rsquo;objet de cette enqu\u00eate\u00bb, a \u00e9galement soulign\u00e9 le parquet.<\/p>\n\n\n\n<p>Jeudi soir, les forces de l\u2019ordre avaient perquisitionn\u00e9 pendant plusieurs heures l\u2019\u00e9tablissement dont est propri\u00e9taire Pierre-Jean Chalen\u00e7on, avant d\u2019en sortir avec lui et de le faire monter dans une voiture de police. Il est soup\u00e7onn\u00e9 d\u2019avoir invit\u00e9 plusieurs personnes \u00e0 un repas clandestin le 1er avril. Pierre-Jean Chalen\u00e7on avait notamment indiqu\u00e9 dans un reportage en cam\u00e9ra cach\u00e9e de M6 qu\u2019il avait \u00abcrois\u00e9\u00bb des ministres dans ce genre de d\u00eeners, qui se tenaient malgr\u00e9 le confinement et les mesures sanitaires.&nbsp;<\/p>\n\n\n\n<p>Il avait ensuite affirm\u00e9 avoir fait de l\u2019humour, ce qui n\u2019a pas emp\u00each\u00e9 le procureur de la R\u00e9publique d\u2019ouvrir une enqu\u00eate, pour \u00abmise en danger de la vie d\u2019autrui\u00bb et \u00abtravail dissimul\u00e9\u00bb.<\/p>\n\n\n\n<p>Le Palais Vivienne est une partie d\u2019un h\u00f4tel particulier construit au d\u00e9but du 18e si\u00e8cle par l\u2019intendant aux finances. En 2015, Pierre-Jean Chalen\u00e7on a rachet\u00e9 le lieu pour \u00abenviron 6 millions, auxquels il convient d\u2019ajouter les frais de restauration\u00bb, comme il l\u2019avait affirm\u00e9 dans T\u00e9l\u00e9 2 Semaines, dans des propos rapport\u00e9s par Gala.<\/p>\n\n\n\n<p>Durant plusieurs ann\u00e9es, l\u2019ancien acheteur de l\u2019\u00e9mission Affaire conclue a r\u00e9nov\u00e9 l&rsquo;\u00e9tablissement. Tout est refait, du sol au plafond d&rsquo;environ 6 m\u00e8tres : moulures, portes d\u2019origines, parquets, ainsi que les d\u00e9cors muraux. L&rsquo;acheteur y a \u00e9galement install\u00e9 sa collection priv\u00e9e de Napol\u00e9on.<\/p>\n\n\n\n<p><\/p>\n","protected":false},"excerpt":{"rendered":"<p>Les gardes \u00e0 vue Pierre-Jean Chalen\u00e7on et du cuisinier Christophe Leroy, interpell\u00e9s dans le cadre de l&rsquo;enqu\u00eate sur les d\u00eeners clandestins du Palais Vivienne, ont \u00e9t\u00e9 lev\u00e9es vendredi dans la soir\u00e9e. Les deux hommes et l&rsquo;\u00e9pouse de Christophe Leroy ont \u00e9t\u00e9 longuement interrog\u00e9s par la Brigade de r\u00e9pression de la d\u00e9linquance contre la personne (BRDP). [&hellip;]<\/p>\n","protected":false},"author":2,"featured_media":18288,"comment_status":"open","ping_status":"open","sticky":false,"template":"","format":"standard","meta":{"_jetpack_memberships_contains_paid_content":false,"footnotes":"","jetpack_publicize_message":"","jetpack_publicize_feature_enabled":true,"jetpack_social_post_already_shared":true,"jetpack_social_options":{"image_generator_settings":{"template":"highway","default_image_id":0,"font":"","enabled":false},"version":2},"_wpas_customize_per_network":false},"categories":[405],"tags":[],"class_list":["post-18287","post","type-post","status-publish","format-standard","has-post-thumbnail","hentry","category-actu-france-monde"],"jetpack_publicize_connections":[],"jetpack_featured_media_url":"https:\/\/i0.wp.com\/www.iceagetv.com\/radiosite\/wp-content\/uploads\/2021\/04\/D%C3%AEners-clandestins.jpg?fit=679%2C293&ssl=1","jetpack_sharing_enabled":true,"_links":{"self":[{"href":"https:\/\/www.iceagetv.com\/radiosite\/wp-json\/wp\/v2\/posts\/18287","targetHints":{"allow":["GET"]}}],"collection":[{"href":"https:\/\/www.iceagetv.com\/radiosite\/wp-json\/wp\/v2\/posts"}],"about":[{"href":"https:\/\/www.iceagetv.com\/radiosite\/wp-json\/wp\/v2\/types\/post"}],"author":[{"embeddable":true,"href":"https:\/\/www.iceagetv.com\/radiosite\/wp-json\/wp\/v2\/users\/2"}],"replies":[{"embeddable":true,"href":"https:\/\/www.iceagetv.com\/radiosite\/wp-json\/wp\/v2\/comments?post=18287"}],"version-history":[{"count":1,"href":"https:\/\/www.iceagetv.com\/radiosite\/wp-json\/wp\/v2\/posts\/18287\/revisions"}],"predecessor-version":[{"id":18289,"href":"https:\/\/www.iceagetv.com\/radiosite\/wp-json\/wp\/v2\/posts\/18287\/revisions\/18289"}],"wp:featuredmedia":[{"embeddable":true,"href":"https:\/\/www.iceagetv.com\/radiosite\/wp-json\/wp\/v2\/media\/18288"}],"wp:attachment":[{"href":"https:\/\/www.iceagetv.com\/radiosite\/wp-json\/wp\/v2\/media?parent=18287"}],"wp:term":[{"taxonomy":"category","embeddable":true,"href":"https:\/\/www.iceagetv.com\/radiosite\/wp-json\/wp\/v2\/categories?post=18287"},{"taxonomy":"post_tag","embeddable":true,"href":"https:\/\/www.iceagetv.com\/radiosite\/wp-json\/wp\/v2\/tags?post=18287"}],"curies":[{"name":"wp","href":"https:\/\/api.w.org\/{rel}","templated":true}]}}