{"id":18324,"date":"2021-04-13T11:04:11","date_gmt":"2021-04-13T11:04:11","guid":{"rendered":"http:\/\/www.iceagetv.com\/radiosite\/?p=18324"},"modified":"2021-04-13T11:04:11","modified_gmt":"2021-04-13T11:04:11","slug":"violences-du-1er-mai-2018-a-paris-alexandre-benalla-renvoye-en-correctionnelle","status":"publish","type":"post","link":"https:\/\/www.iceagetv.com\/radiosite\/violences-du-1er-mai-2018-a-paris-alexandre-benalla-renvoye-en-correctionnelle\/","title":{"rendered":"Violences du 1er mai 2018 \u00e0 Paris : Alexandre Benalla renvoy\u00e9 en correctionnelle"},"content":{"rendered":"\n<p><a href=\"https:\/\/www.francetvinfo.fr\/politique\/emmanuel-macron\/agression-d-un-manifestant-par-un-collaborateur-de-l-elysee\/\" target=\"_blank\" rel=\"noreferrer noopener\">Alexandre Benalla<\/a>&nbsp;et trois autres personnes sont renvoy\u00e9s devant le tribunal correctionnel, dans l&rsquo;affaire&nbsp;<a href=\"https:\/\/www.francetvinfo.fr\/politique\/emmanuel-macron\/agression-d-un-manifestant-par-un-collaborateur-de-l-elysee\/violences-du-1er-mai2018-le-parquet-de-paris-requiert-le-renvoi-dalexandre-benalla-devant-le-tribunal-correctionnel_4289979.html\" target=\"_blank\" rel=\"noreferrer noopener\">des violences du 1er mai 2018 place de la Contrescarpe<\/a>&nbsp;\u00e0 Paris, a appris franceinfo de source proche du dossier, confirmant une information de l&rsquo;AFP. L&rsquo;audience est pr\u00e9vue le 4 mai 2021.<\/p>\n\n\n\n<p>D&rsquo;apr\u00e8s l&rsquo;ordonnance de renvoi dat\u00e9e du 12 avril que franceinfo a pu consulter, l&rsquo;ancien collaborateur d&rsquo;Emmanuel Macron devra notamment r\u00e9pondre de \u00ab\u00a0violences volontaires en r\u00e9union\u00a0\u00bb sur plusieurs personnes et de \u00ab\u00a0port public et sans droit d&rsquo;un insigne r\u00e9glement\u00e9 par l&rsquo;autorit\u00e9 publique\u00a0\u00bb. Alexandre Benalla est en effet soup\u00e7onn\u00e9 d&rsquo;avoir frapp\u00e9 des personnes en marge d&rsquo;une manifestation et d&rsquo;avoir port\u00e9 le brassard de la police nationale, sans en avoir le droit.<\/p>\n\n\n\n<p>Les autres personnes renvoy\u00e9es sont&nbsp;<a href=\"https:\/\/www.francetvinfo.fr\/politique\/emmanuel-macron\/agression-d-un-manifestant-par-un-collaborateur-de-l-elysee\/benalla-en-patron-macron-furieux-des-marcheurs-hors-sol-six-extraits-a-retenir-de-presume-coupable-le-livre-de-vincent-crase_3266793.html\" target=\"_blank\" rel=\"noreferrer noopener\">Vincent Crase<\/a>, ex-salari\u00e9 de La R\u00e9publique en marche, Laurent Simonin, chef d&rsquo;\u00e9tat-major adjoint de la Direction de l&rsquo;ordre public et de la circulation (DOPC) de la pr\u00e9fecture de police et Maxence Creusat, commissaire de police de cette m\u00eame DOPC.<\/p>\n","protected":false},"excerpt":{"rendered":"<p>Alexandre Benalla&nbsp;et trois autres personnes sont renvoy\u00e9s devant le tribunal correctionnel, dans l&rsquo;affaire&nbsp;des violences du 1er mai 2018 place de la Contrescarpe&nbsp;\u00e0 Paris, a appris franceinfo de source proche du dossier, confirmant une information de l&rsquo;AFP. L&rsquo;audience est pr\u00e9vue le 4 mai 2021. D&rsquo;apr\u00e8s l&rsquo;ordonnance de renvoi dat\u00e9e du 12 avril que franceinfo a pu [&hellip;]<\/p>\n","protected":false},"author":2,"featured_media":18325,"comment_status":"open","ping_status":"open","sticky":false,"template":"","format":"standard","meta":{"_jetpack_memberships_contains_paid_content":false,"footnotes":"","jetpack_publicize_message":"","jetpack_publicize_feature_enabled":true,"jetpack_social_post_already_shared":true,"jetpack_social_options":{"image_generator_settings":{"template":"highway","default_image_id":0,"font":"","enabled":false},"version":2},"_wpas_customize_per_network":false},"categories":[405],"tags":[],"class_list":["post-18324","post","type-post","status-publish","format-standard","has-post-thumbnail","hentry","category-actu-france-monde"],"jetpack_publicize_connections":[],"jetpack_featured_media_url":"https:\/\/i0.wp.com\/www.iceagetv.com\/radiosite\/wp-content\/uploads\/2021\/04\/Alexandre-Benalla-renvoy%C3%A9-en-correctionnelle.png?fit=716%2C479&ssl=1","jetpack_sharing_enabled":true,"_links":{"self":[{"href":"https:\/\/www.iceagetv.com\/radiosite\/wp-json\/wp\/v2\/posts\/18324","targetHints":{"allow":["GET"]}}],"collection":[{"href":"https:\/\/www.iceagetv.com\/radiosite\/wp-json\/wp\/v2\/posts"}],"about":[{"href":"https:\/\/www.iceagetv.com\/radiosite\/wp-json\/wp\/v2\/types\/post"}],"author":[{"embeddable":true,"href":"https:\/\/www.iceagetv.com\/radiosite\/wp-json\/wp\/v2\/users\/2"}],"replies":[{"embeddable":true,"href":"https:\/\/www.iceagetv.com\/radiosite\/wp-json\/wp\/v2\/comments?post=18324"}],"version-history":[{"count":1,"href":"https:\/\/www.iceagetv.com\/radiosite\/wp-json\/wp\/v2\/posts\/18324\/revisions"}],"predecessor-version":[{"id":18326,"href":"https:\/\/www.iceagetv.com\/radiosite\/wp-json\/wp\/v2\/posts\/18324\/revisions\/18326"}],"wp:featuredmedia":[{"embeddable":true,"href":"https:\/\/www.iceagetv.com\/radiosite\/wp-json\/wp\/v2\/media\/18325"}],"wp:attachment":[{"href":"https:\/\/www.iceagetv.com\/radiosite\/wp-json\/wp\/v2\/media?parent=18324"}],"wp:term":[{"taxonomy":"category","embeddable":true,"href":"https:\/\/www.iceagetv.com\/radiosite\/wp-json\/wp\/v2\/categories?post=18324"},{"taxonomy":"post_tag","embeddable":true,"href":"https:\/\/www.iceagetv.com\/radiosite\/wp-json\/wp\/v2\/tags?post=18324"}],"curies":[{"name":"wp","href":"https:\/\/api.w.org\/{rel}","templated":true}]}}