{"id":18330,"date":"2021-04-14T06:46:20","date_gmt":"2021-04-14T06:46:20","guid":{"rendered":"http:\/\/www.iceagetv.com\/radiosite\/?p=18330"},"modified":"2021-04-14T06:46:20","modified_gmt":"2021-04-14T06:46:20","slug":"vosges-le-plan-alerte-enlevement-leve-la-fillette-de-huit-ans-na-pas-ete-retrouvee-et-lenquete-se-poursuit","status":"publish","type":"post","link":"https:\/\/www.iceagetv.com\/radiosite\/vosges-le-plan-alerte-enlevement-leve-la-fillette-de-huit-ans-na-pas-ete-retrouvee-et-lenquete-se-poursuit\/","title":{"rendered":"Vosges : le plan Alerte enl\u00e8vement lev\u00e9, la fillette de huit ans n&rsquo;a pas \u00e9t\u00e9 retrouv\u00e9e et l&rsquo;enqu\u00eate se poursuit"},"content":{"rendered":"\n<p>L&rsquo;Alerte enl\u00e8venement concernant Mia, une fillette de 8 ans qui a \u00e9t\u00e9 enlev\u00e9e \u00e0 Les Pouli\u00e8res (Vosges) mardi vers 11h30 par trois hommes, a \u00e9t\u00e9 lev\u00e9e dans la nuit.&nbsp;<em>\u00ab\u00a0L&rsquo;enfant n&rsquo;a pas \u00e9t\u00e9 retrouv\u00e9e. (&#8230;) L&rsquo;enqu\u00eate se poursuit\u00a0\u00bb<\/em>,&nbsp;<a href=\"https:\/\/twitter.com\/justice_gouv\/status\/1382101555957133327\" target=\"_blank\" rel=\"noreferrer noopener\">\u00e9crit mercredi 14 avril&nbsp;<\/a><a href=\"https:\/\/twitter.com\/justice_gouv\/status\/1382101555957133327\" target=\"_blank\" rel=\"noreferrer noopener\">le minist\u00e8re de la Justice<\/a>.&nbsp;<em>\u00ab\u00a0La fillette a \u00e9t\u00e9 enlev\u00e9e alors qu&rsquo;elle \u00e9tait confi\u00e9e \u00e0 sa grand-m\u00e8re maternelle d\u00e9sign\u00e9e tiers de confiance par le juge des enfants\u00a0\u00bb,<\/em>&nbsp;a pr\u00e9cis\u00e9 Nicolas Heitz, le procureur de la R\u00e9publique d&rsquo;Epinal, qui pr\u00e9voit de tenir une conf\u00e9rence de presse mercredi.<\/p>\n\n\n\n<h2 class=\"wp-block-heading\">Sa m\u00e8re pourrait \u00eatre avec elle<\/h2>\n\n\n\n<p>Les ravisseurs de la fillette sont trois hommes, de type europ\u00e9en, deux \u00e2g\u00e9s entre 25 et 35 ans, dont l&rsquo;un serait porteur d&rsquo;un tatouage en forme de croix au niveau du cou, et un troisi\u00e8me \u00e2g\u00e9 de 45 \u00e0 50 ans. Ils sont susceptibles de circuler \u00e0 bord d&rsquo;un v\u00e9hicule Volkswagen de type Transporter gris anthracite.<\/p>\n\n\n\n<p>L&rsquo;enfant pourrait par ailleurs \u00eatre accompagn\u00e9e de sa m\u00e8re, qui n&rsquo;a pas le droit de la voir seule. Celle-ci est \u00e2g\u00e9e de 28 ans, mesure 1m70, est tr\u00e8s mince, a les cheveux ch\u00e2tain clair mi-longs, deux tatouages en forme d&rsquo;\u00e9toiles \u00e0 l&rsquo;int\u00e9rieur d&rsquo;un poignet, et est susceptible de circuler \u00e0 bord d&rsquo;un v\u00e9hicule Peugeot 207 noir, immatricul\u00e9 BZ 370 GZ.<\/p>\n\n\n\n<p>La section de recherche de Nancy et la brigade de recherche de Saint-Di\u00e9 sont charg\u00e9es de l&rsquo;enqu\u00eate.<\/p>\n","protected":false},"excerpt":{"rendered":"<p>L&rsquo;Alerte enl\u00e8venement concernant Mia, une fillette de 8 ans qui a \u00e9t\u00e9 enlev\u00e9e \u00e0 Les Pouli\u00e8res (Vosges) mardi vers 11h30 par trois hommes, a \u00e9t\u00e9 lev\u00e9e dans la nuit.&nbsp;\u00ab\u00a0L&rsquo;enfant n&rsquo;a pas \u00e9t\u00e9 retrouv\u00e9e. (&#8230;) L&rsquo;enqu\u00eate se poursuit\u00a0\u00bb,&nbsp;\u00e9crit mercredi 14 avril&nbsp;le minist\u00e8re de la Justice.&nbsp;\u00ab\u00a0La fillette a \u00e9t\u00e9 enlev\u00e9e alors qu&rsquo;elle \u00e9tait confi\u00e9e \u00e0 sa grand-m\u00e8re [&hellip;]<\/p>\n","protected":false},"author":2,"featured_media":18331,"comment_status":"open","ping_status":"open","sticky":false,"template":"","format":"standard","meta":{"_jetpack_memberships_contains_paid_content":false,"footnotes":"","jetpack_publicize_message":"","jetpack_publicize_feature_enabled":true,"jetpack_social_post_already_shared":true,"jetpack_social_options":{"image_generator_settings":{"template":"highway","default_image_id":0,"font":"","enabled":false},"version":2},"_wpas_customize_per_network":false},"categories":[405],"tags":[],"class_list":["post-18330","post","type-post","status-publish","format-standard","has-post-thumbnail","hentry","category-actu-france-monde"],"jetpack_publicize_connections":[],"jetpack_featured_media_url":"https:\/\/i0.wp.com\/www.iceagetv.com\/radiosite\/wp-content\/uploads\/2021\/04\/le-plan-Alerte-enl%C3%A8vement-lev%C3%A9.png?fit=859%2C472&ssl=1","jetpack_sharing_enabled":true,"_links":{"self":[{"href":"https:\/\/www.iceagetv.com\/radiosite\/wp-json\/wp\/v2\/posts\/18330","targetHints":{"allow":["GET"]}}],"collection":[{"href":"https:\/\/www.iceagetv.com\/radiosite\/wp-json\/wp\/v2\/posts"}],"about":[{"href":"https:\/\/www.iceagetv.com\/radiosite\/wp-json\/wp\/v2\/types\/post"}],"author":[{"embeddable":true,"href":"https:\/\/www.iceagetv.com\/radiosite\/wp-json\/wp\/v2\/users\/2"}],"replies":[{"embeddable":true,"href":"https:\/\/www.iceagetv.com\/radiosite\/wp-json\/wp\/v2\/comments?post=18330"}],"version-history":[{"count":1,"href":"https:\/\/www.iceagetv.com\/radiosite\/wp-json\/wp\/v2\/posts\/18330\/revisions"}],"predecessor-version":[{"id":18332,"href":"https:\/\/www.iceagetv.com\/radiosite\/wp-json\/wp\/v2\/posts\/18330\/revisions\/18332"}],"wp:featuredmedia":[{"embeddable":true,"href":"https:\/\/www.iceagetv.com\/radiosite\/wp-json\/wp\/v2\/media\/18331"}],"wp:attachment":[{"href":"https:\/\/www.iceagetv.com\/radiosite\/wp-json\/wp\/v2\/media?parent=18330"}],"wp:term":[{"taxonomy":"category","embeddable":true,"href":"https:\/\/www.iceagetv.com\/radiosite\/wp-json\/wp\/v2\/categories?post=18330"},{"taxonomy":"post_tag","embeddable":true,"href":"https:\/\/www.iceagetv.com\/radiosite\/wp-json\/wp\/v2\/tags?post=18330"}],"curies":[{"name":"wp","href":"https:\/\/api.w.org\/{rel}","templated":true}]}}