{"id":18342,"date":"2021-04-15T12:57:47","date_gmt":"2021-04-15T12:57:47","guid":{"rendered":"http:\/\/www.iceagetv.com\/radiosite\/?p=18342"},"modified":"2021-04-15T12:57:47","modified_gmt":"2021-04-15T12:57:47","slug":"la-ministre-du-travail-elisabeth-borne-reconnait-un-probleme-dans-le-calcul-des-allocations-liee-a-la-reforme-de-lassurance-chomage-concernant-les-personnes-ayant-ete-en-chomage-partiel-ou-en-co","status":"publish","type":"post","link":"https:\/\/www.iceagetv.com\/radiosite\/la-ministre-du-travail-elisabeth-borne-reconnait-un-probleme-dans-le-calcul-des-allocations-liee-a-la-reforme-de-lassurance-chomage-concernant-les-personnes-ayant-ete-en-chomage-partiel-ou-en-co\/","title":{"rendered":"La ministre du Travail Elisabeth Borne reconna\u00eet un \u00ab\u00a0probl\u00e8me\u00a0\u00bb dans le calcul des allocations li\u00e9e \u00e0 la r\u00e9forme de l&rsquo;assurance-ch\u00f4mage concernant les personnes ayant \u00e9t\u00e9 en ch\u00f4mage partiel ou en cong\u00e9 maternit\u00e9"},"content":{"rendered":"\n<p>La ministre du Travail Elisabeth Borne a reconnu un \u00ab\u00a0probl\u00e8me\u00a0\u00bb dans le calcul des allocations li\u00e9e \u00e0 la r\u00e9forme de l&rsquo;assurance-ch\u00f4mage concernant les personnes ayant \u00e9t\u00e9 en ch\u00f4mage partiel ou en cong\u00e9 maternit\u00e9 comme l&rsquo;a soulign\u00e9 une \u00e9tude r\u00e9alis\u00e9e par l&rsquo;Un\u00e9dic.<\/p>\n\n\n\n<p>\u00ab\u00a0J&rsquo;ai demand\u00e9 \u00e0 mes services de prendre contact avec l&rsquo;Un\u00e9dic pour qu&rsquo;on r\u00e8gle ce probl\u00e8me et c&rsquo;est ce qu&rsquo;on va faire\u00a0\u00bb, a affirm\u00e9 la ministre invit\u00e9e de CNews.<\/p>\n\n\n\n<p>L&rsquo;organisme paritaire qui g\u00e8re l&rsquo;assurance-ch\u00f4mage a effectu\u00e9 des simulations sur les cons\u00e9quences de la r\u00e9forme qui doit entrer en vigueur au 1er juillet, avec un nouveau mode de calcul des allocations moins favorable aux demandeurs d&#8217;emploi qui alternent r\u00e9guli\u00e8rement p\u00e9riodes de ch\u00f4mage et d&rsquo;activit\u00e9.<\/p>\n\n\n\n<p>L&rsquo;Un\u00e9dic \u00e9tudie le cas de deux salari\u00e9s avec les m\u00eames p\u00e9riodes d&#8217;emploi et des r\u00e9mun\u00e9rations \u00e9gales mais dont l&rsquo;un aurait \u00e9t\u00e9 plac\u00e9 en ch\u00f4mage partiel. Ce dernier se retrouverait avec une allocation mensuelle r\u00e9duite d&rsquo;un tiers par rapport \u00e0 celle du second salari\u00e9.<\/p>\n\n\n\n<p>M\u00eame sc\u00e9nario pour les salari\u00e9s ayant b\u00e9n\u00e9fici\u00e9 d&rsquo;un cong\u00e9 maternit\u00e9 ou maladie, avec un \u00e9cart d&rsquo;allocation \u00e0 peu pr\u00e8s similaire.<\/p>\n\n\n\n<p>\u00ab\u00a0On n&rsquo;a pas choisi d&rsquo;\u00eatre en activit\u00e9 partielle et donc l&rsquo;objectif, c&rsquo;est qu&rsquo;on ne soit pas p\u00e9nalis\u00e9\u00a0\u00bb, a rappel\u00e9 Elisabeth Borne. \u00ab\u00a0Il y a un effet qui ne correspond pas \u00e0 ce qu&rsquo;on souhaite faire donc on va le corriger\u00a0\u00bb, a-t-elle ajout\u00e9.<\/p>\n\n\n\n<p>Invit\u00e9 de RMC un peu plus t\u00f4t dans la matin\u00e9e, le secr\u00e9taire g\u00e9n\u00e9ral de la CFDT Laurent Berger a assur\u00e9 avoir \u00ab\u00a0alert\u00e9 le minist\u00e8re\u00a0\u00bb sur ces cons\u00e9quences induites par la r\u00e9forme.<\/p>\n\n\n\n<p>Il a annonc\u00e9 que la CFDT allait d\u00e9poser prochainement un recours en r\u00e9f\u00e9r\u00e9 devant le conseil d&rsquo;\u00c9tat contre le d\u00e9cret d&rsquo;application de la r\u00e9forme modifiant ces r\u00e8gles de calcul.<\/p>\n\n\n\n<p>\u00ab\u00a0A vouloir r\u00e9former \u00e0 tout prix de fa\u00e7on anachronique, (&#8230;) on tape sur les ch\u00f4meurs et on a fait une politique du doigt mouill\u00e9\u00a0\u00bb, a d\u00e9plor\u00e9 M. Berger.<\/p>\n\n\n\n<p>Dans un communiqu\u00e9, la CFDT pointe \u00ab\u00a0plusieurs points de contestations possibles\u00a0\u00bb du d\u00e9cret.<\/p>\n\n\n\n<p>\u00ab\u00a0Les nouvelles modalit\u00e9s de calcul du salaire journalier de r\u00e9f\u00e9rence pourront conduire \u00e0 une in\u00e9galit\u00e9 de traitement entre deux demandeurs d&#8217;emploi ayant travaill\u00e9 le m\u00eame nombre d&rsquo;heures mais selon un rythme diff\u00e9rent\u00a0\u00bb, souligne-t-elle.<\/p>\n\n\n\n<p>\u00ab\u00a0Par ailleurs, il existe &#8211; entre autres &#8211; un risque de discrimination indirecte au d\u00e9triment des salari\u00e9s en arr\u00eat maladie, en cong\u00e9 parental ou plac\u00e9s en activit\u00e9 partielle pendant la crise, qui percevront, du fait de ces p\u00e9riodes, des allocations moindres\u00a0\u00bb.<\/p>\n\n\n\n<p>Elisabeth Borne a insist\u00e9 jeudi sur le fait qu&rsquo;il n&rsquo;y avait \u00ab\u00a0aucune raison d&rsquo;\u00eatre p\u00e9nalis\u00e9 dans son allocation ch\u00f4mage si on a \u00e9t\u00e9 en cong\u00e9 maternit\u00e9 ou en activit\u00e9 partielle\u00a0\u00bb.<\/p>\n\n\n\n<p>Elle a par ailleurs annonc\u00e9 que les r\u00e8gles de l&rsquo;activit\u00e9 partielle allaient \u00eatre conserv\u00e9es \u00ab\u00a0tout au long du mois de mai\u00a0\u00bb. Elle s&rsquo;est \u00e9galement f\u00e9licit\u00e9e du fait que \u00ab\u00a0200.000 jeunes ont pu s&rsquo;engager depuis le d\u00e9but de l&rsquo;ann\u00e9e dans des parcours d&#8217;emploi\u00a0\u00bb, rappelant l&rsquo;objectif d&rsquo;un million sur l&rsquo;ann\u00e9e 2021.<\/p>\n\n\n\n<p><\/p>\n","protected":false},"excerpt":{"rendered":"<p>La ministre du Travail Elisabeth Borne a reconnu un \u00ab\u00a0probl\u00e8me\u00a0\u00bb dans le calcul des allocations li\u00e9e \u00e0 la r\u00e9forme de l&rsquo;assurance-ch\u00f4mage concernant les personnes ayant \u00e9t\u00e9 en ch\u00f4mage partiel ou en cong\u00e9 maternit\u00e9 comme l&rsquo;a soulign\u00e9 une \u00e9tude r\u00e9alis\u00e9e par l&rsquo;Un\u00e9dic. \u00ab\u00a0J&rsquo;ai demand\u00e9 \u00e0 mes services de prendre contact avec l&rsquo;Un\u00e9dic pour qu&rsquo;on r\u00e8gle ce [&hellip;]<\/p>\n","protected":false},"author":2,"featured_media":18343,"comment_status":"open","ping_status":"open","sticky":false,"template":"","format":"standard","meta":{"_jetpack_memberships_contains_paid_content":false,"footnotes":"","jetpack_publicize_message":"","jetpack_publicize_feature_enabled":true,"jetpack_social_post_already_shared":true,"jetpack_social_options":{"image_generator_settings":{"template":"highway","default_image_id":0,"font":"","enabled":false},"version":2},"_wpas_customize_per_network":false},"categories":[405],"tags":[],"class_list":["post-18342","post","type-post","status-publish","format-standard","has-post-thumbnail","hentry","category-actu-france-monde"],"jetpack_publicize_connections":[],"jetpack_featured_media_url":"https:\/\/i0.wp.com\/www.iceagetv.com\/radiosite\/wp-content\/uploads\/2021\/04\/La-ministre-du-Travail-Elisabeth-Borne-reconna%C3%AEt.jpg?fit=679%2C293&ssl=1","jetpack_sharing_enabled":true,"_links":{"self":[{"href":"https:\/\/www.iceagetv.com\/radiosite\/wp-json\/wp\/v2\/posts\/18342","targetHints":{"allow":["GET"]}}],"collection":[{"href":"https:\/\/www.iceagetv.com\/radiosite\/wp-json\/wp\/v2\/posts"}],"about":[{"href":"https:\/\/www.iceagetv.com\/radiosite\/wp-json\/wp\/v2\/types\/post"}],"author":[{"embeddable":true,"href":"https:\/\/www.iceagetv.com\/radiosite\/wp-json\/wp\/v2\/users\/2"}],"replies":[{"embeddable":true,"href":"https:\/\/www.iceagetv.com\/radiosite\/wp-json\/wp\/v2\/comments?post=18342"}],"version-history":[{"count":1,"href":"https:\/\/www.iceagetv.com\/radiosite\/wp-json\/wp\/v2\/posts\/18342\/revisions"}],"predecessor-version":[{"id":18344,"href":"https:\/\/www.iceagetv.com\/radiosite\/wp-json\/wp\/v2\/posts\/18342\/revisions\/18344"}],"wp:featuredmedia":[{"embeddable":true,"href":"https:\/\/www.iceagetv.com\/radiosite\/wp-json\/wp\/v2\/media\/18343"}],"wp:attachment":[{"href":"https:\/\/www.iceagetv.com\/radiosite\/wp-json\/wp\/v2\/media?parent=18342"}],"wp:term":[{"taxonomy":"category","embeddable":true,"href":"https:\/\/www.iceagetv.com\/radiosite\/wp-json\/wp\/v2\/categories?post=18342"},{"taxonomy":"post_tag","embeddable":true,"href":"https:\/\/www.iceagetv.com\/radiosite\/wp-json\/wp\/v2\/tags?post=18342"}],"curies":[{"name":"wp","href":"https:\/\/api.w.org\/{rel}","templated":true}]}}