{"id":18345,"date":"2021-04-15T15:58:02","date_gmt":"2021-04-15T15:58:02","guid":{"rendered":"http:\/\/www.iceagetv.com\/radiosite\/?p=18345"},"modified":"2021-04-15T15:58:02","modified_gmt":"2021-04-15T15:58:02","slug":"vaccination-des-creneaux-dedies-des-ce-week-end-pour-les-enseignants-et-policiers-de-plus-de-55-ans","status":"publish","type":"post","link":"https:\/\/www.iceagetv.com\/radiosite\/vaccination-des-creneaux-dedies-des-ce-week-end-pour-les-enseignants-et-policiers-de-plus-de-55-ans\/","title":{"rendered":"Vaccination : des cr\u00e9neaux d\u00e9di\u00e9s d\u00e8s ce week-end pour les enseignants et policiers de plus de 55 ans"},"content":{"rendered":"\n<p> Des \u00ab<em>cr\u00e9neaux d\u00e9di\u00e9s<\/em>\u00bb de vaccination seront ouverts d\u00e8s ce week-end aux enseignants et policiers et gendarmes de plus de 55 ans, ainsi que plusieurs autres professions particuli\u00e8rement expos\u00e9es au Covid-19, a annonc\u00e9 jeudi Jean Castex. Le Premier ministre a \u00e9galement soulign\u00e9 que la barre des 12 millions de personnes ayant re\u00e7u une premi\u00e8re dose serait franchie ce jeudi, deux millions de plus que l&rsquo;objectif annonc\u00e9 de 10 millions pour la mi-avril. <\/p>\n\n\n\n<p>Cette mesure concernera les professeurs des \u00e9coles, coll\u00e8ges et lyc\u00e9es, les professionnels de la petite enfance, les policiers et gendarmes, les surveillants p\u00e9nitentiaires, les agents sp\u00e9cialis\u00e9s des \u00e9coles maternelles (Atsem) et les AESH (accompagnants d&rsquo;enfants en situation de handicap), soit en tout environ 400.000 personnes, a pr\u00e9cis\u00e9 le Premier ministre en visitant un centre de vaccination \u00e0 Saint-R\u00e9my-l\u00e8s-Chevreuse. Ils pourront recevoir des injections du vaccin AstraZeneca ou bien de Pfizer ou Moderna, a-t-il ajout\u00e9.<\/p>\n\n\n\n<p>\u00ab<em>J&rsquo;ai par ailleurs demand\u00e9 \u00e0 la ministre du Travail d&rsquo;engager une concertation avec les partenaires sociaux pour identifier d&rsquo;autres salari\u00e9s du secteur priv\u00e9 qui pourraient \u00e9galement b\u00e9n\u00e9ficier, en raison de leur fonction, de ces cr\u00e9neaux prioritaires<\/em>\u00bb, a pr\u00e9cis\u00e9 Jean Castex.<\/p>\n\n\n\n<h2 class=\"wp-block-heading\">La vaccination \u00e9largie \u00e0 tous les plus de 55 ans depuis lundi<\/h2>\n\n\n\n<p>Le 31 mars, Emmanuel Macron avait \u00e9voqu\u00e9 une \u00ab<em>strat\u00e9gie sp\u00e9cifique<\/em>\u00bb pour \u00ab<em>toutes les professions les plus expos\u00e9es<\/em>\u00bb, en particulier les enseignants.<\/p>\n\n\n\n<p>Depuis lundi, la vaccination est \u00e9largie \u00e0 tous les plus de 55 ans, qui peuvent prendre rendez-vous chez leur m\u00e9decin ou en pharmacie pour une piq\u00fbre de vaccin AstraZeneca ou de Johnson &amp; Johnson, dont la France doit recevoir une premi\u00e8re livraison de 200.000 doses cette semaine.<\/p>\n\n\n\n<p>Alors que les \u00e9coles ont \u00e9t\u00e9 ferm\u00e9es pour freiner l&rsquo;\u00e9pid\u00e9mie, la vaccination prioritaire des enseignants est depuis des mois r\u00e9clam\u00e9e par les syndicats.<\/p>\n\n\n\n<p><\/p>\n","protected":false},"excerpt":{"rendered":"<p>Des \u00abcr\u00e9neaux d\u00e9di\u00e9s\u00bb de vaccination seront ouverts d\u00e8s ce week-end aux enseignants et policiers et gendarmes de plus de 55 ans, ainsi que plusieurs autres professions particuli\u00e8rement expos\u00e9es au Covid-19, a annonc\u00e9 jeudi Jean Castex. Le Premier ministre a \u00e9galement soulign\u00e9 que la barre des 12 millions de personnes ayant re\u00e7u une premi\u00e8re dose serait [&hellip;]<\/p>\n","protected":false},"author":2,"featured_media":18346,"comment_status":"open","ping_status":"open","sticky":false,"template":"","format":"standard","meta":{"_jetpack_memberships_contains_paid_content":false,"footnotes":"","jetpack_publicize_message":"","jetpack_publicize_feature_enabled":true,"jetpack_social_post_already_shared":true,"jetpack_social_options":{"image_generator_settings":{"template":"highway","default_image_id":0,"font":"","enabled":false},"version":2},"_wpas_customize_per_network":false},"categories":[405],"tags":[],"class_list":["post-18345","post","type-post","status-publish","format-standard","has-post-thumbnail","hentry","category-actu-france-monde"],"jetpack_publicize_connections":[],"jetpack_featured_media_url":"https:\/\/i0.wp.com\/www.iceagetv.com\/radiosite\/wp-content\/uploads\/2021\/04\/des-cr%C3%A9neaux-d%C3%A9di%C3%A9s-d%C3%A8s-ce-week-end-pour-les-enseignants-et-policiers-de-plus-de-55-ans.png?fit=885%2C473&ssl=1","jetpack_sharing_enabled":true,"_links":{"self":[{"href":"https:\/\/www.iceagetv.com\/radiosite\/wp-json\/wp\/v2\/posts\/18345","targetHints":{"allow":["GET"]}}],"collection":[{"href":"https:\/\/www.iceagetv.com\/radiosite\/wp-json\/wp\/v2\/posts"}],"about":[{"href":"https:\/\/www.iceagetv.com\/radiosite\/wp-json\/wp\/v2\/types\/post"}],"author":[{"embeddable":true,"href":"https:\/\/www.iceagetv.com\/radiosite\/wp-json\/wp\/v2\/users\/2"}],"replies":[{"embeddable":true,"href":"https:\/\/www.iceagetv.com\/radiosite\/wp-json\/wp\/v2\/comments?post=18345"}],"version-history":[{"count":1,"href":"https:\/\/www.iceagetv.com\/radiosite\/wp-json\/wp\/v2\/posts\/18345\/revisions"}],"predecessor-version":[{"id":18347,"href":"https:\/\/www.iceagetv.com\/radiosite\/wp-json\/wp\/v2\/posts\/18345\/revisions\/18347"}],"wp:featuredmedia":[{"embeddable":true,"href":"https:\/\/www.iceagetv.com\/radiosite\/wp-json\/wp\/v2\/media\/18346"}],"wp:attachment":[{"href":"https:\/\/www.iceagetv.com\/radiosite\/wp-json\/wp\/v2\/media?parent=18345"}],"wp:term":[{"taxonomy":"category","embeddable":true,"href":"https:\/\/www.iceagetv.com\/radiosite\/wp-json\/wp\/v2\/categories?post=18345"},{"taxonomy":"post_tag","embeddable":true,"href":"https:\/\/www.iceagetv.com\/radiosite\/wp-json\/wp\/v2\/tags?post=18345"}],"curies":[{"name":"wp","href":"https:\/\/api.w.org\/{rel}","templated":true}]}}