{"id":18351,"date":"2021-04-16T07:12:24","date_gmt":"2021-04-16T07:12:24","guid":{"rendered":"http:\/\/www.iceagetv.com\/radiosite\/?p=18351"},"modified":"2021-04-16T07:12:24","modified_gmt":"2021-04-16T07:12:24","slug":"coronavirus-restaurants-hotels-musees-spectacles-ecoles-lycees-colleges-voici-le-planning-de-reouvertures-envisage-par-emmanuel-macron","status":"publish","type":"post","link":"https:\/\/www.iceagetv.com\/radiosite\/coronavirus-restaurants-hotels-musees-spectacles-ecoles-lycees-colleges-voici-le-planning-de-reouvertures-envisage-par-emmanuel-macron\/","title":{"rendered":"Coronavirus &#8211; Restaurants, h\u00f4tels, mus\u00e9es, spectacles, \u00e9coles, lyc\u00e9es, coll\u00e8ges : Voici le planning de r\u00e9ouvertures envisag\u00e9 par Emmanuel Macron"},"content":{"rendered":"\n<p>Alors qu&rsquo;il annon\u00e7ait le reconfinement devant des millions de Fran\u00e7ais le 31 mars dernier, le pr\u00e9sident annon\u00e7ait \u00e9galement \u00able bout du tunnel\u00bb : \u00abD\u00e8s la mi-mai, nous recommencerons \u00e0 ouvrir avec des r\u00e8gles strictes, certains lieux de culture, nous autoriserons sous conditions l&rsquo;ouverture de terrasses et nous allons b\u00e2tir entre la mi-mai et le d\u00e9but de l&rsquo;\u00e9t\u00e9, un calendrier de r\u00e9ouverture progressive pour la culture, le sport, les loisirs, l&rsquo;\u00e9v\u00e9nementiel et nos caf\u00e9s et restaurants\u00bb.<\/p>\n\n\n\n<p>Hier, le Pr\u00e9sident de la R\u00e9publique a tent\u00e9 de donn\u00e9 des perspectives&#8230; Emmanuel Macron confirme que l\u2019ouverture progressive des terrasses, annonc\u00e9e pour la mi-mai, reste d\u2019actualit\u00e9. Idem pour le calendrier de retour \u00e9chelonn\u00e9 \u00e0 l\u2019\u00e9cole, pr\u00e9vu le 26 avril pour le primaire et le 3 mai pour les coll\u00e8ges et lyc\u00e9es en pr\u00e9sentiel. Pour le reste des activit\u00e9s, le pr\u00e9sident d\u00e9taille un syst\u00e8me de \u00ab phases \u00bb successives de \u00ab deux \u00e0 trois semaines \u00bb, o\u00f9 l\u2019\u00e9tau des contraintes serait desserr\u00e9 par palier. Une gradation qui permet de \u00ab voir comment \u00e7a se passe \u00bb avant d\u2019encha\u00eener sur l\u2019\u00e9tape suivante. C\u00f4t\u00e9 culture, les mus\u00e9es pourraient rouvrir rapidement.<\/p>\n\n\n\n<p><strong><br>Terrasses des restaurants : Mi-mai (A confirmer)<\/strong><\/p>\n\n\n\n<p><strong>Terrasses des bars :&nbsp;Mi-mai (A confirmer)<\/strong><\/p>\n\n\n\n<p><strong>Restaurants : Aucune date<\/strong><\/p>\n\n\n\n<p><strong>Mus\u00e9es :&nbsp;Mi-mai (A confirmer)<\/strong><\/p>\n\n\n\n<p><strong>Autres lieux culturels : Pas de date<\/strong><\/p>\n\n\n\n<p><strong>Ecole : 26 avril<\/strong><\/p>\n\n\n\n<p><strong>Primaire : 3 mai<\/strong><\/p>\n\n\n\n<p><strong>Coll\u00e8ge: 3 mai<\/strong><\/p>\n\n\n\n<p><strong>Lyc\u00e9e : 3 mai<\/strong><\/p>\n\n\n\n<p><\/p>\n","protected":false},"excerpt":{"rendered":"<p>Alors qu&rsquo;il annon\u00e7ait le reconfinement devant des millions de Fran\u00e7ais le 31 mars dernier, le pr\u00e9sident annon\u00e7ait \u00e9galement \u00able bout du tunnel\u00bb : \u00abD\u00e8s la mi-mai, nous recommencerons \u00e0 ouvrir avec des r\u00e8gles strictes, certains lieux de culture, nous autoriserons sous conditions l&rsquo;ouverture de terrasses et nous allons b\u00e2tir entre la mi-mai et le d\u00e9but [&hellip;]<\/p>\n","protected":false},"author":2,"featured_media":18352,"comment_status":"open","ping_status":"open","sticky":false,"template":"","format":"standard","meta":{"_jetpack_memberships_contains_paid_content":false,"footnotes":"","jetpack_publicize_message":"","jetpack_publicize_feature_enabled":true,"jetpack_social_post_already_shared":true,"jetpack_social_options":{"image_generator_settings":{"template":"highway","default_image_id":0,"font":"","enabled":false},"version":2},"_wpas_customize_per_network":false},"categories":[405],"tags":[],"class_list":["post-18351","post","type-post","status-publish","format-standard","has-post-thumbnail","hentry","category-actu-france-monde"],"jetpack_publicize_connections":[],"jetpack_featured_media_url":"https:\/\/i0.wp.com\/www.iceagetv.com\/radiosite\/wp-content\/uploads\/2021\/04\/Voici-le-planning-de-r%C3%A9ouvertures-envisag%C3%A9-par-Emmanuel-Macron.jpg?fit=679%2C293&ssl=1","jetpack_sharing_enabled":true,"_links":{"self":[{"href":"https:\/\/www.iceagetv.com\/radiosite\/wp-json\/wp\/v2\/posts\/18351","targetHints":{"allow":["GET"]}}],"collection":[{"href":"https:\/\/www.iceagetv.com\/radiosite\/wp-json\/wp\/v2\/posts"}],"about":[{"href":"https:\/\/www.iceagetv.com\/radiosite\/wp-json\/wp\/v2\/types\/post"}],"author":[{"embeddable":true,"href":"https:\/\/www.iceagetv.com\/radiosite\/wp-json\/wp\/v2\/users\/2"}],"replies":[{"embeddable":true,"href":"https:\/\/www.iceagetv.com\/radiosite\/wp-json\/wp\/v2\/comments?post=18351"}],"version-history":[{"count":1,"href":"https:\/\/www.iceagetv.com\/radiosite\/wp-json\/wp\/v2\/posts\/18351\/revisions"}],"predecessor-version":[{"id":18353,"href":"https:\/\/www.iceagetv.com\/radiosite\/wp-json\/wp\/v2\/posts\/18351\/revisions\/18353"}],"wp:featuredmedia":[{"embeddable":true,"href":"https:\/\/www.iceagetv.com\/radiosite\/wp-json\/wp\/v2\/media\/18352"}],"wp:attachment":[{"href":"https:\/\/www.iceagetv.com\/radiosite\/wp-json\/wp\/v2\/media?parent=18351"}],"wp:term":[{"taxonomy":"category","embeddable":true,"href":"https:\/\/www.iceagetv.com\/radiosite\/wp-json\/wp\/v2\/categories?post=18351"},{"taxonomy":"post_tag","embeddable":true,"href":"https:\/\/www.iceagetv.com\/radiosite\/wp-json\/wp\/v2\/tags?post=18351"}],"curies":[{"name":"wp","href":"https:\/\/api.w.org\/{rel}","templated":true}]}}