{"id":18361,"date":"2021-04-16T16:14:20","date_gmt":"2021-04-16T16:14:20","guid":{"rendered":"http:\/\/www.iceagetv.com\/radiosite\/?p=18361"},"modified":"2021-04-16T16:14:20","modified_gmt":"2021-04-16T16:14:20","slug":"coronavirus-la-moselle-va-devenir-un-departement-pilote-avec-la-mise-a-disposition-du-vaccin-moderna-en-pharmacie-annonce-le-president-du-conseil-dorientation-de-la-strategie-vaccinale-le-pr","status":"publish","type":"post","link":"https:\/\/www.iceagetv.com\/radiosite\/coronavirus-la-moselle-va-devenir-un-departement-pilote-avec-la-mise-a-disposition-du-vaccin-moderna-en-pharmacie-annonce-le-president-du-conseil-dorientation-de-la-strategie-vaccinale-le-pr\/","title":{"rendered":"Coronavirus &#8211; La Moselle va devenir un \u00ab\u00a0d\u00e9partement pilote\u00a0\u00bb avec la mise \u00e0 disposition du vaccin Moderna en pharmacie, annonce le pr\u00e9sident du Conseil d&rsquo;orientation de la strat\u00e9gie vaccinale, le Pr Alain Fischer"},"content":{"rendered":"\n<p>La Moselle va devenir un \u00ab\u00a0d\u00e9partement pilote\u00a0\u00bb avec la mise \u00e0 disposition du vaccin anti-Covid-19 Moderna en pharmacie, a annonc\u00e9 le pr\u00e9sident du Conseil d&rsquo;orientation de la strat\u00e9gie vaccinale, le Pr Alain Fischer.<\/p>\n\n\n\n<p>Celui-ci n&rsquo;a toutefois pas pr\u00e9cis\u00e9 le calendrier de ce d\u00e9ploiement qui \u00ab\u00a0vise \u00e0 lutter contre le variant sud-africain\u00a0\u00bb, lors d&rsquo;une conf\u00e9rence de presse organis\u00e9e en ligne par l&rsquo;Agence r\u00e9gionale de sant\u00e9 (ARS) du Grand Est depuis Paris.<\/p>\n\n\n\n<p>Ce variant a \u00e9t\u00e9 tr\u00e8s actif dans le d\u00e9partement de la Moselle, repr\u00e9sentant \u00ab\u00a0presque 40%\u00a0\u00bb des contaminations en f\u00e9vrier, selon le Pr Fischer. Mais il est depuis en net recul puisqu&rsquo;il est tomb\u00e9 \u00ab\u00a0\u00e0 24% alors que 75% des cas\u00a0\u00bb relev\u00e9s \u00e0 pr\u00e9sent sont dus au variant britannique, a-t-il relev\u00e9.<\/p>\n\n\n\n<p>Pour le \u00ab\u00a0Monsieur vaccins\u00a0\u00bb du gouvernement, il n&rsquo;y a donc \u00ab\u00a0strictement aucune raison\u00a0\u00bb d&rsquo;apporter des changements \u00e0 l&rsquo;actuelle politique vaccinale men\u00e9e en Moselle et d&rsquo;arr\u00eater la vaccination avec AstraZeneca\u00a0\u00bb.<\/p>\n\n\n\n<p>Il n&rsquo;y \u00ab\u00a0pas du tout d&rsquo;indication que ce vaccin ne soit pas efficace \u00e0 l&rsquo;\u00e9gard du variant sud-africain\u00a0\u00bb, a-t-il fait valoir.<\/p>\n\n\n\n<p>Dans ce d\u00e9partement, le Pr Fischer a toutefois pr\u00e9conis\u00e9 de continuer \u00e0 maintenir l&rsquo;espacement entre les deux doses de vaccins \u00e0 28 jours au lieu des 42 jours pr\u00e9vus au niveau national car \u00ab\u00a0c&rsquo;est l&rsquo;intervalle optimal\u00a0\u00bb.<\/p>\n\n\n\n<p>Le Pr Fischer a par ailleurs exprim\u00e9 sa vive opposition \u00e0 la suggestion de l&rsquo;Acad\u00e9mie de m\u00e9decine qui a pr\u00f4n\u00e9 jeudi un \u00e9cart de six mois au lieu de six semaines entre la premi\u00e8re et la deuxi\u00e8me dose pour les vaccins Pfizer ou Moderna, chez les moins de 55 ans.<\/p>\n\n\n\n<p>Cela permettrait \u00ab\u00a0d&rsquo;atteindre une immunit\u00e9 collective beaucoup plus rapidement avec le m\u00eame nombre de doses tout en assurant une protection individuelle satisfaisante\u00a0\u00bb, a estim\u00e9 l&rsquo;Acad\u00e9mie.\u00a0\u00bbCet avis repr\u00e9sente celui de certains de mes coll\u00e8gues, mais pas celui de l&rsquo;immense majorit\u00e9 des scientifiques et des m\u00e9decins qui, de par le monde, s&rsquo;int\u00e9ressent \u00e0 la vaccination\u00a0\u00bb, a r\u00e9pondu le Pr Fischer, lui-m\u00eame membre de cette Acad\u00e9mie, d\u00e9plorant de \u00ab\u00a0n&rsquo;avoir pas \u00e9t\u00e9 consult\u00e9\u00a0\u00bb.<\/p>\n\n\n\n<p>L&rsquo;Acad\u00e9mie de m\u00e9decine n&rsquo;a toutefois pas de pouvoir d\u00e9cisionnel. Il appartient \u00e0 la Haute autorit\u00e9 de sant\u00e9 de prendre ce type de d\u00e9cisions qui n\u00e9cessite l&rsquo;aval du gouvernement.<\/p>\n\n\n\n<p><\/p>\n","protected":false},"excerpt":{"rendered":"<p>La Moselle va devenir un \u00ab\u00a0d\u00e9partement pilote\u00a0\u00bb avec la mise \u00e0 disposition du vaccin anti-Covid-19 Moderna en pharmacie, a annonc\u00e9 le pr\u00e9sident du Conseil d&rsquo;orientation de la strat\u00e9gie vaccinale, le Pr Alain Fischer. Celui-ci n&rsquo;a toutefois pas pr\u00e9cis\u00e9 le calendrier de ce d\u00e9ploiement qui \u00ab\u00a0vise \u00e0 lutter contre le variant sud-africain\u00a0\u00bb, lors d&rsquo;une conf\u00e9rence de [&hellip;]<\/p>\n","protected":false},"author":2,"featured_media":18362,"comment_status":"open","ping_status":"open","sticky":false,"template":"","format":"standard","meta":{"_jetpack_memberships_contains_paid_content":false,"footnotes":"","jetpack_publicize_message":"","jetpack_publicize_feature_enabled":true,"jetpack_social_post_already_shared":true,"jetpack_social_options":{"image_generator_settings":{"template":"highway","default_image_id":0,"font":"","enabled":false},"version":2},"_wpas_customize_per_network":false},"categories":[405],"tags":[],"class_list":["post-18361","post","type-post","status-publish","format-standard","has-post-thumbnail","hentry","category-actu-france-monde"],"jetpack_publicize_connections":[],"jetpack_featured_media_url":"https:\/\/i0.wp.com\/www.iceagetv.com\/radiosite\/wp-content\/uploads\/2021\/04\/La-Moselle-va-devenir-un-d%C3%A9partement-pilote.jpg?fit=679%2C293&ssl=1","jetpack_sharing_enabled":true,"_links":{"self":[{"href":"https:\/\/www.iceagetv.com\/radiosite\/wp-json\/wp\/v2\/posts\/18361","targetHints":{"allow":["GET"]}}],"collection":[{"href":"https:\/\/www.iceagetv.com\/radiosite\/wp-json\/wp\/v2\/posts"}],"about":[{"href":"https:\/\/www.iceagetv.com\/radiosite\/wp-json\/wp\/v2\/types\/post"}],"author":[{"embeddable":true,"href":"https:\/\/www.iceagetv.com\/radiosite\/wp-json\/wp\/v2\/users\/2"}],"replies":[{"embeddable":true,"href":"https:\/\/www.iceagetv.com\/radiosite\/wp-json\/wp\/v2\/comments?post=18361"}],"version-history":[{"count":1,"href":"https:\/\/www.iceagetv.com\/radiosite\/wp-json\/wp\/v2\/posts\/18361\/revisions"}],"predecessor-version":[{"id":18363,"href":"https:\/\/www.iceagetv.com\/radiosite\/wp-json\/wp\/v2\/posts\/18361\/revisions\/18363"}],"wp:featuredmedia":[{"embeddable":true,"href":"https:\/\/www.iceagetv.com\/radiosite\/wp-json\/wp\/v2\/media\/18362"}],"wp:attachment":[{"href":"https:\/\/www.iceagetv.com\/radiosite\/wp-json\/wp\/v2\/media?parent=18361"}],"wp:term":[{"taxonomy":"category","embeddable":true,"href":"https:\/\/www.iceagetv.com\/radiosite\/wp-json\/wp\/v2\/categories?post=18361"},{"taxonomy":"post_tag","embeddable":true,"href":"https:\/\/www.iceagetv.com\/radiosite\/wp-json\/wp\/v2\/tags?post=18361"}],"curies":[{"name":"wp","href":"https:\/\/api.w.org\/{rel}","templated":true}]}}