{"id":18386,"date":"2021-04-18T09:25:16","date_gmt":"2021-04-18T09:25:16","guid":{"rendered":"http:\/\/www.iceagetv.com\/radiosite\/?p=18386"},"modified":"2021-04-18T09:25:16","modified_gmt":"2021-04-18T09:25:16","slug":"affaire-mia-la-petite-fille-de-8-ans-et-sa-mere-retrouvees-en-suisse","status":"publish","type":"post","link":"https:\/\/www.iceagetv.com\/radiosite\/affaire-mia-la-petite-fille-de-8-ans-et-sa-mere-retrouvees-en-suisse\/","title":{"rendered":"AFFAIRE MIA: LA PETITE FILLE DE 8 ANS ET SA M\u00c8RE RETROUV\u00c9ES EN SUISSE"},"content":{"rendered":"\n<p>Toutes deux ont \u00e9t\u00e9 retrouv\u00e9es dans un squat dans la commune helv\u00e8te de Sainte-Croix.<br>\nApr\u00e8s cinq jours de recherches actives, Mia a \u00e9t\u00e9 retrouv\u00e9e ce dimanche par les enqu\u00eateurs dans un squat de la commune de Sainte-Croix, en Suisse, a appris BFMTV. Sur place et \u00e0 la demande du parquet de Nancy, les investigations ont \u00e9t\u00e9 men\u00e9es par la police f\u00e9d\u00e9rale helv\u00e9tique et la police cantonale de Vaud, agissant sous l&rsquo;autorit\u00e9 du parquet de Fribourg.<\/p>\n\n\n\n<p>La petite fille de 8 ans avait \u00e9t\u00e9 enlev\u00e9e le 13 mars en fin de matin\u00e9e alors qu&rsquo;elle \u00e9tait h\u00e9berg\u00e9e chez sa grand-m\u00e8re maternelle, dans le village Les Pouli\u00e8res, \u00e0 une trentaine de kilom\u00e8tres d&rsquo;Epinal. Trois hommes, se faisant passer pour des repr\u00e9sentants de la protection de l&rsquo;enfance, s&rsquo;\u00e9taient pr\u00e9sent\u00e9s au domicile de cette femme, pr\u00e9textant un rendez-vous dans un service \u00e9ducatif avec la m\u00e8re de Mia. Cette derni\u00e8re, qui n&rsquo;a plus le droit de voir sa fille depuis le mois de janvier, est accus\u00e9 par les trois hommes d&rsquo;avoir commandit\u00e9 cet enl\u00e8vement. Elle a \u00e9t\u00e9 interpell\u00e9e ce m\u00eame-jour pas les enqu\u00eateurs. <\/p>\n","protected":false},"excerpt":{"rendered":"<p>Toutes deux ont \u00e9t\u00e9 retrouv\u00e9es dans un squat dans la commune helv\u00e8te de Sainte-Croix. Apr\u00e8s cinq jours de recherches actives, Mia a \u00e9t\u00e9 retrouv\u00e9e ce dimanche par les enqu\u00eateurs dans un squat de la commune de Sainte-Croix, en Suisse, a appris BFMTV. Sur place et \u00e0 la demande du parquet de Nancy, les investigations ont [&hellip;]<\/p>\n","protected":false},"author":2,"featured_media":18387,"comment_status":"open","ping_status":"open","sticky":false,"template":"","format":"standard","meta":{"_jetpack_memberships_contains_paid_content":false,"footnotes":"","jetpack_publicize_message":"","jetpack_publicize_feature_enabled":true,"jetpack_social_post_already_shared":true,"jetpack_social_options":{"image_generator_settings":{"template":"highway","default_image_id":0,"font":"","enabled":false},"version":2},"_wpas_customize_per_network":false},"categories":[405],"tags":[],"class_list":["post-18386","post","type-post","status-publish","format-standard","has-post-thumbnail","hentry","category-actu-france-monde"],"jetpack_publicize_connections":[],"jetpack_featured_media_url":"https:\/\/i0.wp.com\/www.iceagetv.com\/radiosite\/wp-content\/uploads\/2021\/04\/LA-PETITE-FILLE-DE-8-ANS-ET-SA-M%C3%88RE-RETROUV%C3%89ES-EN-SUISSE.jpg?fit=512%2C288&ssl=1","jetpack_sharing_enabled":true,"_links":{"self":[{"href":"https:\/\/www.iceagetv.com\/radiosite\/wp-json\/wp\/v2\/posts\/18386","targetHints":{"allow":["GET"]}}],"collection":[{"href":"https:\/\/www.iceagetv.com\/radiosite\/wp-json\/wp\/v2\/posts"}],"about":[{"href":"https:\/\/www.iceagetv.com\/radiosite\/wp-json\/wp\/v2\/types\/post"}],"author":[{"embeddable":true,"href":"https:\/\/www.iceagetv.com\/radiosite\/wp-json\/wp\/v2\/users\/2"}],"replies":[{"embeddable":true,"href":"https:\/\/www.iceagetv.com\/radiosite\/wp-json\/wp\/v2\/comments?post=18386"}],"version-history":[{"count":1,"href":"https:\/\/www.iceagetv.com\/radiosite\/wp-json\/wp\/v2\/posts\/18386\/revisions"}],"predecessor-version":[{"id":18388,"href":"https:\/\/www.iceagetv.com\/radiosite\/wp-json\/wp\/v2\/posts\/18386\/revisions\/18388"}],"wp:featuredmedia":[{"embeddable":true,"href":"https:\/\/www.iceagetv.com\/radiosite\/wp-json\/wp\/v2\/media\/18387"}],"wp:attachment":[{"href":"https:\/\/www.iceagetv.com\/radiosite\/wp-json\/wp\/v2\/media?parent=18386"}],"wp:term":[{"taxonomy":"category","embeddable":true,"href":"https:\/\/www.iceagetv.com\/radiosite\/wp-json\/wp\/v2\/categories?post=18386"},{"taxonomy":"post_tag","embeddable":true,"href":"https:\/\/www.iceagetv.com\/radiosite\/wp-json\/wp\/v2\/tags?post=18386"}],"curies":[{"name":"wp","href":"https:\/\/api.w.org\/{rel}","templated":true}]}}