{"id":18389,"date":"2021-04-18T14:12:21","date_gmt":"2021-04-18T14:12:21","guid":{"rendered":"http:\/\/www.iceagetv.com\/radiosite\/?p=18389"},"modified":"2021-04-18T14:12:21","modified_gmt":"2021-04-18T14:12:21","slug":"vaccination-leurope-remet-en-question-son-partenariat-avec-astrazeneca","status":"publish","type":"post","link":"https:\/\/www.iceagetv.com\/radiosite\/vaccination-leurope-remet-en-question-son-partenariat-avec-astrazeneca\/","title":{"rendered":"Vaccination : L\u2019Europe remet en question son partenariat avec AstraZeneca"},"content":{"rendered":"\n<p>Le commissaire europ\u00e9en au march\u00e9 int\u00e9rieur&nbsp;<a href=\"https:\/\/www.20minutes.fr\/sante\/3003971-20210322-coronavirus-thierry-breton-fixe-objectif-14-juillet-atteindre-europe-immunite-collective\">Thierry Breton<\/a>&nbsp;a expliqu\u00e9 ce dimanche que le contrat europ\u00e9en de&nbsp;<a href=\"https:\/\/www.20minutes.fr\/dossier\/vaccin\">vaccins<\/a>&nbsp;contre&nbsp;<a href=\"https:\/\/www.20minutes.fr\/dossier\/coronavirus\">le Covid-19<\/a>&nbsp;avec le groupe pharmaceutique&nbsp;&nbsp;<a href=\"https:\/\/www.20minutes.fr\/sante\/2997195-20210312-coronavirus-vaccin-astrazeneca-victime-paranoia-mondiale\">AstraZeneca<\/a>&nbsp;pourrait ne pas \u00eatre renouvel\u00e9 en raison des retards de livraison accumul\u00e9s depuis le d\u00e9but de l\u2019ann\u00e9e.<\/p>\n\n\n\n<p>\u00ab&nbsp;On est pragmatique. Ma priorit\u00e9 en tant que responsable des vaccins, c\u2019est que ceux avec lesquels nous contractualisons livrent exactement en temps et en heure, voire plus&nbsp;\u00bb, a-t-il dit lors d\u2019un entretien sur la cha\u00eene<em>&nbsp;BMFTV<\/em>.<\/p>\n\n\n\n<h2 class=\"wp-block-heading\">120&nbsp;millions de doses command\u00e9es, 30 livr\u00e9es<\/h2>\n\n\n\n<p>\u00ab&nbsp;On avait command\u00e9 120&nbsp;millions de doses pour le premier trimestre et 180&nbsp;millions pour le deuxi\u00e8me trimestre. Il se trouve qu\u2019au premier trimestre, ils (AstraZeneca, NDLR) n\u2019en ont livr\u00e9 que 30&nbsp;millions, ce qui a cr\u00e9\u00e9 des probl\u00e8mes que tout le monde a vus&nbsp;\u00bb et \u00ab&nbsp;ils n\u2019en livrent que 70&nbsp;millions au second trimestre&nbsp;\u00bb, a-t-il expliqu\u00e9, laissant entendre que le contrat, qui \u00ab&nbsp;se termine le 30&nbsp;juin&nbsp;\u00bb, pourrait ne pas \u00eatre renouvel\u00e9.<\/p>\n\n\n\n<p>\u00ab&nbsp;Rien n\u2019est d\u00e9finitif, on continuera \u00e0 discuter&nbsp;\u00bb, a cependant nuanc\u00e9 Thierry Breton. \u00ab&nbsp;Ce n\u2019est pas pour une raison \u00e9pid\u00e9miologique ou m\u00e9dicale. Quand on regarde les donn\u00e9es, les b\u00e9n\u00e9fices du vaccin&nbsp;AstraZeneca&nbsp;l\u2019emportent de fa\u00e7on massive par rapport \u00e0 la maladie&nbsp;\u00bb, a-t-il ajout\u00e9.<\/p>\n\n\n\n<h2 class=\"wp-block-heading\">Le Danemark abandonne AstraZeneca<\/h2>\n\n\n\n<p>La ministre fran\u00e7aise de l\u2019Industrie Agn\u00e8s Pannier-Runacher avait avanc\u00e9 vendredi qu\u2019il \u00e9tait probable que l\u2019Union europ\u00e9enne ne renouvelle pas ses contrats avec le groupe su\u00e9do-britannique en 2022, apr\u00e8s que le Danemark est devenu mercredi le premier pays europ\u00e9en \u00e0 annoncer l\u2019abandon de ce vaccin.<\/p>\n\n\n\n<p>Le Danemark avait justifi\u00e9 son choix par les effets secondaires \u00ab&nbsp;rares&nbsp;\u00bb mais \u00ab&nbsp;graves&nbsp;\u00bb de ce vaccin malgr\u00e9 les feux verts du r\u00e9gulateur europ\u00e9en et de l\u2019OMS pour l\u2019utiliser. \u00ab&nbsp;Nous n\u2019avons pas amorc\u00e9 de discussions avec Johnson &amp; Johnson et avec&nbsp;AstraZeneca&nbsp;pour un nouveau contrat, l\u00e0 ou nous avons d\u2019ores et d\u00e9j\u00e0 amorc\u00e9 des discussions avec Pfizer-BioNTech et Moderna&nbsp;\u00bb, avait soulign\u00e9 la ministre sur les ondes de RMC.<\/p>\n\n\n\n<h2 class=\"wp-block-heading\">Acc\u00e9l\u00e9ration en vue<\/h2>\n\n\n\n<p>La pr\u00e9sidente de la Commission europ\u00e9enne Ursula von der Leyen a \u00e9galement fait valoir cette semaine que Pfizer-BioNTech s\u2019\u00e9tait \u00ab&nbsp;r\u00e9v\u00e9l\u00e9 un partenaire fiable, qui avait honor\u00e9 ses engagements et se montrait r\u00e9actif face \u00e0 nos besoins&nbsp;\u00bb, \u00e0 rebours des probl\u00e8mes de livraison d\u2019AstraZeneca, d\u00e9velopp\u00e9 avec l\u2019universit\u00e9 d\u2019Oxford.<\/p>\n\n\n\n<p>La vaccination est un moyen \u00ab&nbsp;important pour rouvrir le continent europ\u00e9en progressivement et pouvoir aller en vacances&nbsp;\u00bb \u00e0 l\u2019int\u00e9rieur des fronti\u00e8res de l\u2019Union europ\u00e9enne, a avanc\u00e9 Thierry Breton dimanche. Pour cela, le commissaire europ\u00e9en mise sur l\u2019acc\u00e9l\u00e9ration de la vaccination au second trimestre et la mise en place d\u2019un passe sanitaire europ\u00e9en en juin.<\/p>\n\n\n\n<p><\/p>\n","protected":false},"excerpt":{"rendered":"<p>Le commissaire europ\u00e9en au march\u00e9 int\u00e9rieur&nbsp;Thierry Breton&nbsp;a expliqu\u00e9 ce dimanche que le contrat europ\u00e9en de&nbsp;vaccins&nbsp;contre&nbsp;le Covid-19&nbsp;avec le groupe pharmaceutique&nbsp;&nbsp;AstraZeneca&nbsp;pourrait ne pas \u00eatre renouvel\u00e9 en raison des retards de livraison accumul\u00e9s depuis le d\u00e9but de l\u2019ann\u00e9e. \u00ab&nbsp;On est pragmatique. Ma priorit\u00e9 en tant que responsable des vaccins, c\u2019est que ceux avec lesquels nous contractualisons livrent exactement [&hellip;]<\/p>\n","protected":false},"author":2,"featured_media":18390,"comment_status":"open","ping_status":"open","sticky":false,"template":"","format":"standard","meta":{"_jetpack_memberships_contains_paid_content":false,"footnotes":"","jetpack_publicize_message":"","jetpack_publicize_feature_enabled":true,"jetpack_social_post_already_shared":true,"jetpack_social_options":{"image_generator_settings":{"template":"highway","default_image_id":0,"font":"","enabled":false},"version":2},"_wpas_customize_per_network":false},"categories":[405],"tags":[],"class_list":["post-18389","post","type-post","status-publish","format-standard","has-post-thumbnail","hentry","category-actu-france-monde"],"jetpack_publicize_connections":[],"jetpack_featured_media_url":"https:\/\/i0.wp.com\/www.iceagetv.com\/radiosite\/wp-content\/uploads\/2021\/04\/L%E2%80%99Europe-remet-en-question-son-partenariat-avec-AstraZeneca.jpg?fit=640%2C410&ssl=1","jetpack_sharing_enabled":true,"_links":{"self":[{"href":"https:\/\/www.iceagetv.com\/radiosite\/wp-json\/wp\/v2\/posts\/18389","targetHints":{"allow":["GET"]}}],"collection":[{"href":"https:\/\/www.iceagetv.com\/radiosite\/wp-json\/wp\/v2\/posts"}],"about":[{"href":"https:\/\/www.iceagetv.com\/radiosite\/wp-json\/wp\/v2\/types\/post"}],"author":[{"embeddable":true,"href":"https:\/\/www.iceagetv.com\/radiosite\/wp-json\/wp\/v2\/users\/2"}],"replies":[{"embeddable":true,"href":"https:\/\/www.iceagetv.com\/radiosite\/wp-json\/wp\/v2\/comments?post=18389"}],"version-history":[{"count":1,"href":"https:\/\/www.iceagetv.com\/radiosite\/wp-json\/wp\/v2\/posts\/18389\/revisions"}],"predecessor-version":[{"id":18391,"href":"https:\/\/www.iceagetv.com\/radiosite\/wp-json\/wp\/v2\/posts\/18389\/revisions\/18391"}],"wp:featuredmedia":[{"embeddable":true,"href":"https:\/\/www.iceagetv.com\/radiosite\/wp-json\/wp\/v2\/media\/18390"}],"wp:attachment":[{"href":"https:\/\/www.iceagetv.com\/radiosite\/wp-json\/wp\/v2\/media?parent=18389"}],"wp:term":[{"taxonomy":"category","embeddable":true,"href":"https:\/\/www.iceagetv.com\/radiosite\/wp-json\/wp\/v2\/categories?post=18389"},{"taxonomy":"post_tag","embeddable":true,"href":"https:\/\/www.iceagetv.com\/radiosite\/wp-json\/wp\/v2\/tags?post=18389"}],"curies":[{"name":"wp","href":"https:\/\/api.w.org\/{rel}","templated":true}]}}