{"id":18395,"date":"2021-04-19T18:28:59","date_gmt":"2021-04-19T18:28:59","guid":{"rendered":"http:\/\/www.iceagetv.com\/radiosite\/?p=18395"},"modified":"2021-04-19T18:28:59","modified_gmt":"2021-04-19T18:28:59","slug":"ue-lance-une-plateforme-en-ligne-ou-les-citoyens-pourront-sexprimer-dans-le-cadre-de-la-conference-sur-lavenir-de-leurope-une-consultation-populaire-sur-le-projet-eur","status":"publish","type":"post","link":"https:\/\/www.iceagetv.com\/radiosite\/ue-lance-une-plateforme-en-ligne-ou-les-citoyens-pourront-sexprimer-dans-le-cadre-de-la-conference-sur-lavenir-de-leurope-une-consultation-populaire-sur-le-projet-eur\/","title":{"rendered":"&lsquo;UE lance une plateforme en ligne o\u00f9 les citoyens pourront s\u2019exprimer dans le cadre de la \u00ab\u00a0Conf\u00e9rence sur l\u2019avenir de l\u2019Europe\u00a0\u00bb, une consultation populaire sur le projet europ\u00e9en des dix ans \u00e0 venir"},"content":{"rendered":"\n<p>L&rsquo;UE a lanc\u00e9 lundi une&nbsp;<a href=\"https:\/\/futureu.europa.eu\/?locale=fr\" target=\"_blank\" rel=\"noreferrer noopener\">plateforme en ligne<\/a>&nbsp;o\u00f9 les citoyens pourront s\u2019exprimer dans le cadre de la \u00ab&nbsp;Conf\u00e9rence sur l\u2019avenir de l\u2019Europe&nbsp;\u00bb, une vaste consultation populaire sur le projet europ\u00e9en des dix ans \u00e0 venir. \u00ab&nbsp;L\u2019avenir est entre vos mains&nbsp;\u00bb, est-il soulign\u00e9 sur ce site disponible en 24 langues, o\u00f9 les Europ\u00e9ens sont invit\u00e9s \u00e0 \u00ab&nbsp;faire savoir dans quelle Europe&nbsp;\u00bb ils souhaitent vivre.<\/p>\n\n\n\n<p>De la migration \u00e0 l\u2019environnement, en passant par le num\u00e9rique, l\u2019\u00e9conomie ou encore les \u00ab\u00a0valeurs\u00a0\u00bb europ\u00e9ennes, neuf d\u00e9fis jug\u00e9s cruciaux pour le Vieux Continent sont mis en avant. Les participants pourront d\u00e9poser des id\u00e9es ou prendre part \u00e0 des \u00ab\u00a0\u00e9v\u00e8nements organis\u00e9s en ligne\u00a0\u00bb sur cette plateforme qui se veut \u00ab\u00a0le moteur\u00a0\u00bb, \u00ab\u00a0la plaque tournante\u00a0\u00bb de la Conf\u00e9rence.<\/p>\n\n\n\n<p>&nbsp;Toutes les contributions et tous les r\u00e9sultats des \u00e9v\u00e9nements seront collect\u00e9s, analys\u00e9s, contr\u00f4l\u00e9s et rendus publics&nbsp;\u00bb, promet la Conf\u00e9rence dans un communiqu\u00e9. \u00ab&nbsp;Chers Europ\u00e9ens, exprimez-vous&nbsp;! Dites-nous dans quelle Europe vous voulez vivre&nbsp;\u00bb, a lanc\u00e9 sur Twitter la pr\u00e9sidente de la Commission europ\u00e9enne, Ursula von der Leyen.<\/p>\n\n\n\n<p>La Conf\u00e9rence sur l\u2019avenir de l\u2019Europe, dont le coup d\u2019envoi a \u00e9t\u00e9 donn\u00e9 le 9 mars, est un exercice d\u00e9mocratique pr\u00e9vu sur un an dont la grande inconnue sera la participation des citoyens. Elle est plac\u00e9e sous l\u2019autorit\u00e9 d\u2019un triumvirat form\u00e9 des chefs du Parlement, de la Commission et du dirigeant \u00e0 la t\u00eate de la pr\u00e9sidence tournante.<\/p>\n\n\n\n<p>Un \u00e9v\u00e9nement symbolique doit avoir lieu pour marquer son lancement officiel le jour de la f\u00eate de l\u2019Europe, le 9 mai \u00e0 Strasbourg si la crise sanitaire le permet. Les conclusions de la Conf\u00e9rence qui doivent d\u00e9boucher sur des propositions de r\u00e9forme et d\u2019action sont attendues au printemps 2022, au moment o\u00f9 la France, en pleine campagne pr\u00e9sidentielle, occupera la pr\u00e9sidence tournante de l\u2019UE.<\/p>\n\n\n\n<p><\/p>\n","protected":false},"excerpt":{"rendered":"<p>L&rsquo;UE a lanc\u00e9 lundi une&nbsp;plateforme en ligne&nbsp;o\u00f9 les citoyens pourront s\u2019exprimer dans le cadre de la \u00ab&nbsp;Conf\u00e9rence sur l\u2019avenir de l\u2019Europe&nbsp;\u00bb, une vaste consultation populaire sur le projet europ\u00e9en des dix ans \u00e0 venir. \u00ab&nbsp;L\u2019avenir est entre vos mains&nbsp;\u00bb, est-il soulign\u00e9 sur ce site disponible en 24 langues, o\u00f9 les Europ\u00e9ens sont invit\u00e9s \u00e0 \u00ab&nbsp;faire [&hellip;]<\/p>\n","protected":false},"author":2,"featured_media":18396,"comment_status":"open","ping_status":"open","sticky":false,"template":"","format":"standard","meta":{"_jetpack_memberships_contains_paid_content":false,"footnotes":"","jetpack_publicize_message":"","jetpack_publicize_feature_enabled":true,"jetpack_social_post_already_shared":true,"jetpack_social_options":{"image_generator_settings":{"template":"highway","default_image_id":0,"font":"","enabled":false},"version":2},"_wpas_customize_per_network":false},"categories":[405],"tags":[],"class_list":["post-18395","post","type-post","status-publish","format-standard","has-post-thumbnail","hentry","category-actu-france-monde"],"jetpack_publicize_connections":[],"jetpack_featured_media_url":"https:\/\/i0.wp.com\/www.iceagetv.com\/radiosite\/wp-content\/uploads\/2021\/04\/UE-lance-une-plateforme-en-ligne-o%C3%B9-les-citoyens-pourront-s%E2%80%99exprimer-dans-le-cadre.png?fit=604%2C251&ssl=1","jetpack_sharing_enabled":true,"_links":{"self":[{"href":"https:\/\/www.iceagetv.com\/radiosite\/wp-json\/wp\/v2\/posts\/18395","targetHints":{"allow":["GET"]}}],"collection":[{"href":"https:\/\/www.iceagetv.com\/radiosite\/wp-json\/wp\/v2\/posts"}],"about":[{"href":"https:\/\/www.iceagetv.com\/radiosite\/wp-json\/wp\/v2\/types\/post"}],"author":[{"embeddable":true,"href":"https:\/\/www.iceagetv.com\/radiosite\/wp-json\/wp\/v2\/users\/2"}],"replies":[{"embeddable":true,"href":"https:\/\/www.iceagetv.com\/radiosite\/wp-json\/wp\/v2\/comments?post=18395"}],"version-history":[{"count":1,"href":"https:\/\/www.iceagetv.com\/radiosite\/wp-json\/wp\/v2\/posts\/18395\/revisions"}],"predecessor-version":[{"id":18397,"href":"https:\/\/www.iceagetv.com\/radiosite\/wp-json\/wp\/v2\/posts\/18395\/revisions\/18397"}],"wp:featuredmedia":[{"embeddable":true,"href":"https:\/\/www.iceagetv.com\/radiosite\/wp-json\/wp\/v2\/media\/18396"}],"wp:attachment":[{"href":"https:\/\/www.iceagetv.com\/radiosite\/wp-json\/wp\/v2\/media?parent=18395"}],"wp:term":[{"taxonomy":"category","embeddable":true,"href":"https:\/\/www.iceagetv.com\/radiosite\/wp-json\/wp\/v2\/categories?post=18395"},{"taxonomy":"post_tag","embeddable":true,"href":"https:\/\/www.iceagetv.com\/radiosite\/wp-json\/wp\/v2\/tags?post=18395"}],"curies":[{"name":"wp","href":"https:\/\/api.w.org\/{rel}","templated":true}]}}