{"id":18401,"date":"2021-04-20T15:44:39","date_gmt":"2021-04-20T15:44:39","guid":{"rendered":"http:\/\/www.iceagetv.com\/radiosite\/?p=18401"},"modified":"2021-04-20T15:44:39","modified_gmt":"2021-04-20T15:44:39","slug":"lavocat-des-grands-parents-paternels-de-mia-revele-que-la-fillette-a-deja-ete-enlevee-par-sa-mere-il-y-a-3-ans","status":"publish","type":"post","link":"https:\/\/www.iceagetv.com\/radiosite\/lavocat-des-grands-parents-paternels-de-mia-revele-que-la-fillette-a-deja-ete-enlevee-par-sa-mere-il-y-a-3-ans\/","title":{"rendered":"L&rsquo;avocat des grands-parents paternels de Mia r\u00e9v\u00e8le que la fillette a d\u00e9j\u00e0 \u00e9t\u00e9 enlev\u00e9e par sa m\u00e8re il y a 3 ans"},"content":{"rendered":"\n<p>Aujourd&rsquo;hui dans \u00ab\u00a0Crimes et faits divers: la quotidienne\u00a0\u00bb en direct sur NRJ 12, Jean-Marc Morandini a interrog\u00e9 l&rsquo;avocat des grands-paternels de la petite Mia. Mais surtout, durant son intervention, Ma\u00eetre Guillaume Fort a r\u00e9v\u00e9l\u00e9 que la m\u00e8re de la fillette l&rsquo;avait d\u00e9j\u00e0 enlev\u00e9e il y a trois ans.<\/p>\n\n\n\n<p>\u00ab\u00a0La petite Mia leur a \u00e9t\u00e9 confi\u00e9e de son 3\u00e8me jour, jusqu&rsquo;\u00e0 ses 5 ans et demi.\u00a0\u00bb, a-t-il d&rsquo;abord expliqu\u00e9.<\/p>\n\n\n\n<p>Et d&rsquo;ajouter: \u00ab\u00a0Ils ont \u00e9t\u00e9 extr\u00eamement surpris de la mani\u00e8re dont se sont d\u00e9roul\u00e9es les choses. Il faut savoir une chose tr\u00e8s importante, la petite Mia a d\u00e9j\u00e0 v\u00e9cu un premier enl\u00e8vement. Lorsque Mia a \u00e9t\u00e9 confi\u00e9e aux grands-parents paternels, la m\u00e8re, Lola, est venue lorsqu&rsquo;elle avait 5 ans et demi. Elles avaient une relation en pointill\u00e9s, mais continue. La m\u00e8re a enlev\u00e9 de force, sans pr\u00e9venir les grands-parents paternels, Lia, du jour au lendemain. Elle l&rsquo;a emmen\u00e9e de Mont\u00e9limar dans les Vosges, du jour au lendemain, sans pr\u00e9venir qui que ce soit.\u00a0\u00bb, a expliqu\u00e9 l&rsquo;avocat.<br>Et ma\u00eetre Fort de poursuivre: \u00ab\u00a0Les grands-parents paternels \u00e9taient effondr\u00e9s, ils n&rsquo;avaient pas r\u00e9agi \u00e0 ce moment l\u00e0 car c&rsquo;\u00e9tait la m\u00e8re de l&rsquo;enfant, ils ne voulaient pas cr\u00e9er de difficult\u00e9s familiales, car ils pensaient qu&rsquo;elle pourrait en prendre soin convenablement \u00e0 cette instant l\u00e0. Les grands-parents paternels sont pr\u00eats \u00e0 pardonner \u00e0 la m\u00e8re de Mia. Ils souhaitent juste qu&rsquo;elle puisse retrouver un \u00e9quilibre, retrouver un foyer s\u00e9curisant, protecteur.\u00a0\u00bb<\/p>\n\n\n\n<p>\u00ab\u00a0Ca fait deux fois qu&rsquo;elle est d\u00e9racin\u00e9e. C&rsquo;est une violence psychologique de d\u00e9raciner ainsi. Alors, est-ce que c&rsquo;\u00e9tait r\u00e9ellement la maman le moteur de tout cela, ou le contexte familial autour de Lola, qui est \u00e0 mettre en cause ? Je ne sais pas&#8230;\u00a0\u00bb, a-t-il ajout\u00e9.<\/p>\n\n\n\n<p>Et d&rsquo;\u00e9voquer les parents de Mia: \u00ab\u00a0Ils se sont rencontr\u00e9s jeunes, ils connaissaient une forme de pr\u00e9carit\u00e9 sociale et professionnelle, financi\u00e8re. Ils ont convenu que c&rsquo;\u00e9tait dans l&rsquo;int\u00e9r\u00eat de Mia que d&rsquo;\u00eatre \u00e9lev\u00e9e par les grands-parents paternels qui sont stables. C&rsquo;\u00e9tait un choix des parents, \u00e0 l&rsquo;amiable. Il n&rsquo;y avait pas de d\u00e9cision de justice \u00e0 ce moment l\u00e0\u00a0\u00bb<\/p>\n\n\n\n<p><\/p>\n","protected":false},"excerpt":{"rendered":"<p>Aujourd&rsquo;hui dans \u00ab\u00a0Crimes et faits divers: la quotidienne\u00a0\u00bb en direct sur NRJ 12, Jean-Marc Morandini a interrog\u00e9 l&rsquo;avocat des grands-paternels de la petite Mia. Mais surtout, durant son intervention, Ma\u00eetre Guillaume Fort a r\u00e9v\u00e9l\u00e9 que la m\u00e8re de la fillette l&rsquo;avait d\u00e9j\u00e0 enlev\u00e9e il y a trois ans. \u00ab\u00a0La petite Mia leur a \u00e9t\u00e9 confi\u00e9e [&hellip;]<\/p>\n","protected":false},"author":2,"featured_media":18402,"comment_status":"open","ping_status":"open","sticky":false,"template":"","format":"standard","meta":{"_jetpack_memberships_contains_paid_content":false,"footnotes":"","jetpack_publicize_message":"","jetpack_publicize_feature_enabled":true,"jetpack_social_post_already_shared":true,"jetpack_social_options":{"image_generator_settings":{"template":"highway","default_image_id":0,"font":"","enabled":false},"version":2},"_wpas_customize_per_network":false},"categories":[405],"tags":[],"class_list":["post-18401","post","type-post","status-publish","format-standard","has-post-thumbnail","hentry","category-actu-france-monde"],"jetpack_publicize_connections":[],"jetpack_featured_media_url":"https:\/\/i0.wp.com\/www.iceagetv.com\/radiosite\/wp-content\/uploads\/2021\/04\/Lavocat-des-grands-parents-paternels-de-Mia-r%C3%A9v%C3%A8le-que-la-fillette-a-d%C3%A9j%C3%A0-%C3%A9t%C3%A9-enlev%C3%A9e-par-sa-m%C3%A8re-il-y-a-3-ans.png?fit=685%2C357&ssl=1","jetpack_sharing_enabled":true,"_links":{"self":[{"href":"https:\/\/www.iceagetv.com\/radiosite\/wp-json\/wp\/v2\/posts\/18401","targetHints":{"allow":["GET"]}}],"collection":[{"href":"https:\/\/www.iceagetv.com\/radiosite\/wp-json\/wp\/v2\/posts"}],"about":[{"href":"https:\/\/www.iceagetv.com\/radiosite\/wp-json\/wp\/v2\/types\/post"}],"author":[{"embeddable":true,"href":"https:\/\/www.iceagetv.com\/radiosite\/wp-json\/wp\/v2\/users\/2"}],"replies":[{"embeddable":true,"href":"https:\/\/www.iceagetv.com\/radiosite\/wp-json\/wp\/v2\/comments?post=18401"}],"version-history":[{"count":1,"href":"https:\/\/www.iceagetv.com\/radiosite\/wp-json\/wp\/v2\/posts\/18401\/revisions"}],"predecessor-version":[{"id":18403,"href":"https:\/\/www.iceagetv.com\/radiosite\/wp-json\/wp\/v2\/posts\/18401\/revisions\/18403"}],"wp:featuredmedia":[{"embeddable":true,"href":"https:\/\/www.iceagetv.com\/radiosite\/wp-json\/wp\/v2\/media\/18402"}],"wp:attachment":[{"href":"https:\/\/www.iceagetv.com\/radiosite\/wp-json\/wp\/v2\/media?parent=18401"}],"wp:term":[{"taxonomy":"category","embeddable":true,"href":"https:\/\/www.iceagetv.com\/radiosite\/wp-json\/wp\/v2\/categories?post=18401"},{"taxonomy":"post_tag","embeddable":true,"href":"https:\/\/www.iceagetv.com\/radiosite\/wp-json\/wp\/v2\/tags?post=18401"}],"curies":[{"name":"wp","href":"https:\/\/api.w.org\/{rel}","templated":true}]}}