{"id":18410,"date":"2021-04-21T15:38:06","date_gmt":"2021-04-21T15:38:06","guid":{"rendered":"http:\/\/www.iceagetv.com\/radiosite\/?p=18410"},"modified":"2021-04-21T15:38:06","modified_gmt":"2021-04-21T15:38:06","slug":"le-depart-de-thomas-pesquet-est-retarde-de-24h-a-cause-de-la-meteo-annonce-ce-midi-la-nasa-lastronaute-senvolera-finalement-vendredi-vers-liss","status":"publish","type":"post","link":"https:\/\/www.iceagetv.com\/radiosite\/le-depart-de-thomas-pesquet-est-retarde-de-24h-a-cause-de-la-meteo-annonce-ce-midi-la-nasa-lastronaute-senvolera-finalement-vendredi-vers-liss\/","title":{"rendered":"Le d\u00e9part de Thomas Pesquet est retard\u00e9 de 24h \u00e0 cause de la m\u00e9t\u00e9o, annonce ce midi la NASA &#8211; L&rsquo;astronaute s&rsquo;envolera finalement vendredi vers l&rsquo;ISS"},"content":{"rendered":"\n<p>Mauvaise nouvelle pour Thomas Pesquet. La NASA annonce ce midi que son d\u00e9part est retard\u00e9 de 24h en raison des&nbsp; \u00ab\u00a0conditions m\u00e9t\u00e9orologiques d\u00e9favorables\u00a0\u00bb. L&rsquo;astronaute s&rsquo;envolera finalement vendredi vers l&rsquo;ISS.<\/p>\n\n\n\n<p>Une premi\u00e8re pour un astronaute fran\u00e7ais: lors de sa deuxi\u00e8me mission en orbite, \u00ab\u00a0Alpha\u00a0\u00bb, Thomas Pesquet sera quelque temps commandant de bord de la Station spatiale internationale (ISS), pour laquelle il doit s&rsquo;envoler depuis la Floride. A 43 ans, celui qui a \u00e9t\u00e9 pilote de ligne prendra les commandes \u00e0 quelque 400 kilom\u00e8tres au-dessus de la Terre, durant environ un mois, vers la fin de son s\u00e9jour de six mois.&nbsp;<\/p>\n","protected":false},"excerpt":{"rendered":"<p>Mauvaise nouvelle pour Thomas Pesquet. La NASA annonce ce midi que son d\u00e9part est retard\u00e9 de 24h en raison des&nbsp; \u00ab\u00a0conditions m\u00e9t\u00e9orologiques d\u00e9favorables\u00a0\u00bb. L&rsquo;astronaute s&rsquo;envolera finalement vendredi vers l&rsquo;ISS. Une premi\u00e8re pour un astronaute fran\u00e7ais: lors de sa deuxi\u00e8me mission en orbite, \u00ab\u00a0Alpha\u00a0\u00bb, Thomas Pesquet sera quelque temps commandant de bord de la Station spatiale [&hellip;]<\/p>\n","protected":false},"author":2,"featured_media":18411,"comment_status":"open","ping_status":"open","sticky":false,"template":"","format":"standard","meta":{"_jetpack_memberships_contains_paid_content":false,"footnotes":"","jetpack_publicize_message":"","jetpack_publicize_feature_enabled":true,"jetpack_social_post_already_shared":true,"jetpack_social_options":{"image_generator_settings":{"template":"highway","default_image_id":0,"font":"","enabled":false},"version":2},"_wpas_customize_per_network":false},"categories":[68],"tags":[2919],"class_list":["post-18410","post","type-post","status-publish","format-standard","has-post-thumbnail","hentry","category-actu-culturelle","tag-le-depart-de-thomas-pesquet-est-retarde-de-24h-a-cause-de-la-meteo"],"jetpack_publicize_connections":[],"jetpack_featured_media_url":"https:\/\/i0.wp.com\/www.iceagetv.com\/radiosite\/wp-content\/uploads\/2021\/04\/Le-d%C3%A9part-de-Thomas-Pesquet-est-retard%C3%A9-de-24h-%C3%A0-cause-de-la-m%C3%A9t%C3%A9o-annonce-ce-midi-la-NASA-Lastronaute-senvolera-finalement-vendredi-vers-lISS.jpg?fit=680%2C452&ssl=1","jetpack_sharing_enabled":true,"_links":{"self":[{"href":"https:\/\/www.iceagetv.com\/radiosite\/wp-json\/wp\/v2\/posts\/18410","targetHints":{"allow":["GET"]}}],"collection":[{"href":"https:\/\/www.iceagetv.com\/radiosite\/wp-json\/wp\/v2\/posts"}],"about":[{"href":"https:\/\/www.iceagetv.com\/radiosite\/wp-json\/wp\/v2\/types\/post"}],"author":[{"embeddable":true,"href":"https:\/\/www.iceagetv.com\/radiosite\/wp-json\/wp\/v2\/users\/2"}],"replies":[{"embeddable":true,"href":"https:\/\/www.iceagetv.com\/radiosite\/wp-json\/wp\/v2\/comments?post=18410"}],"version-history":[{"count":1,"href":"https:\/\/www.iceagetv.com\/radiosite\/wp-json\/wp\/v2\/posts\/18410\/revisions"}],"predecessor-version":[{"id":18412,"href":"https:\/\/www.iceagetv.com\/radiosite\/wp-json\/wp\/v2\/posts\/18410\/revisions\/18412"}],"wp:featuredmedia":[{"embeddable":true,"href":"https:\/\/www.iceagetv.com\/radiosite\/wp-json\/wp\/v2\/media\/18411"}],"wp:attachment":[{"href":"https:\/\/www.iceagetv.com\/radiosite\/wp-json\/wp\/v2\/media?parent=18410"}],"wp:term":[{"taxonomy":"category","embeddable":true,"href":"https:\/\/www.iceagetv.com\/radiosite\/wp-json\/wp\/v2\/categories?post=18410"},{"taxonomy":"post_tag","embeddable":true,"href":"https:\/\/www.iceagetv.com\/radiosite\/wp-json\/wp\/v2\/tags?post=18410"}],"curies":[{"name":"wp","href":"https:\/\/api.w.org\/{rel}","templated":true}]}}