{"id":18423,"date":"2021-04-22T18:51:32","date_gmt":"2021-04-22T18:51:32","guid":{"rendered":"http:\/\/www.iceagetv.com\/radiosite\/?p=18423"},"modified":"2021-04-22T18:51:32","modified_gmt":"2021-04-22T18:51:32","slug":"coronavirus-reouverture-lundi-des-ecoles-maternelles-et-primaires-le-3-mai-fin-de-la-limitation-de-deplacement-pour-mi-mai-aucune-liste-nest-donnee-pour-les-reouvertures","status":"publish","type":"post","link":"https:\/\/www.iceagetv.com\/radiosite\/coronavirus-reouverture-lundi-des-ecoles-maternelles-et-primaires-le-3-mai-fin-de-la-limitation-de-deplacement-pour-mi-mai-aucune-liste-nest-donnee-pour-les-reouvertures\/","title":{"rendered":"Coronavirus &#8211; R\u00e9ouverture lundi des \u00e9coles maternelles et primaires &#8211; Le 3 mai, fin de la limitation de d\u00e9placement &#8211; Pour mi-mai, aucune liste n&rsquo;est donn\u00e9e pour les r\u00e9ouvertures"},"content":{"rendered":"\n<p><strong>Jean Castex prend la parole :&nbsp;<\/strong>\u00ab\u00a0Pr\u00e8s de 3 semaines apr\u00e8s les mesures annonc\u00e9es le 31 mars, je viens vous pr\u00e9senter les mesures. La situation sanitaire s&rsquo;am\u00e9liore et la d\u00e9crue est notable dans 80% des d\u00e9partements. Le pic de la troisi\u00e8me semble derri\u00e8re nous, mais il faut rester prudent. Nous avons r\u00e9ussi \u00e0 doubler le nombre de lit en r\u00e9animation, ce qui repr\u00e9sente des efforts tr\u00e8s importants. Nous avons atteint le haut de la vague des hospitalisations.<\/p>\n\n\n\n<p><strong>D\u00e8s samedi, contr\u00f4les renforc\u00e9s pour les personnes arrivant du Br\u00e9sil, Argentine, Afrique du Sud, Chili et Inde.<\/strong><\/p>\n\n\n\n<p><strong>Nous confirmons la reprise des enseignements scolaires la semaine prochaine.<\/strong>&nbsp;Ce seront, d\u00e8s la semaine prochaine, plus de tests salivaires pour les \u00e9coles \u00e9l\u00e9mentaires: nous en r\u00e9alisions 250 000 par semaine fin mars; nous en proposerons 400 000 par semaine \u00e0 la reprise\u00a0\u00bb.&nbsp;Nous assumons ce choix mais nous devons en tirer toutes les cons\u00e9quences avec un cadre sanitaire tr\u00e8s protecteur.&nbsp;Ce seront, d\u00e8s la semaine prochaine, plus de tests salivaires pour les \u00e9coles \u00e9l\u00e9mentaires: nous en r\u00e9alisions 250 000 par semaine fin mars; nous en proposerons 400 000 par semaine \u00e0 la reprise. \u00ab\u00a0Nous allons \u00e9galement d\u00e9velopper les autotests et depuis la semaine derni\u00e8re, les enseignants sont prioritaires pour la vaccination.<\/p>\n\n\n\n<p><strong>Notre campagne de vaccination progresse bien avec 14 millions de personnes vaccin\u00e9es \u00e0 la fin de semaine. Nous avons un rythme de vaccination parmi les plus rapides d&rsquo;Europe<\/strong>.&nbsp;70 % de nos concitoyens \u00e2g\u00e9s de plus de 75 ans, 70 % de nos personnels de sant\u00e9\u00a0\u00bb ont re\u00e7u une premi\u00e8re dose, et je rappel notre l&rsquo;objectif de 20 millions de personnes primo-inject\u00e9e \u00e0 la mi-mai et 30 millions \u00e0 la mi-juin.<\/p>\n\n\n\n<p>Concernant AstraZeneca, ce vaccin est aussi efficace que le Pfizer et Moderna.&nbsp;<\/p>\n\n\n\n<p>Nous souhaitons que la r\u00e9ouverture puisse reprendre par \u00e9tape \u00e0 la mi-mai. Mais tout ne pourra pas rouvrir \u00e0 la mi-mai. Les contraintes de d\u00e9placement seront lev\u00e9s le 3 mai.<\/p>\n\n\n\n<p><strong>Concernant les r\u00e9ouvertures de la mi-mai, c&rsquo;est un objectif et nous reviendrons dans les prochains jours sur le sujet en fonction de l&rsquo;\u00e9volution de l&rsquo;\u00e9pid\u00e9mie<\/strong>.<\/p>\n\n\n\n<p>Le ministre de l&rsquo;Education Jean-Michel Blanquer va se faire vacciner samedi avec l&rsquo;AstraZeneca, a indiqu\u00e9 jeudi une source dans son entourage, confirmant une information du Parisien.<\/p>\n\n\n\n<p>\u00ab\u00a0J&rsquo;ai plus de 55 ans, donc je rentre dans la cat\u00e9gorie d&rsquo;\u00e2ge des professeurs qui peuvent se faire vacciner. Je vais le faire samedi. Pour bien signifier que, conform\u00e9ment \u00e0 l&rsquo;avis des autorit\u00e9s de sant\u00e9, il y a un rapport avantage\/risque qui est tr\u00e8s positif\u00a0\u00bb, a d\u00e9clar\u00e9 le ministre au quotidien.<\/p>\n\n\n\n<p>\u00ab\u00a0C&rsquo;est le vaccin qui est tr\u00e8s largement donn\u00e9 pour les plus de 55 ans. J&rsquo;y vais sans aucune appr\u00e9hension\u00a0\u00bb, a ajout\u00e9 M. Blanquer, \u00e2ge de 56 ans.Le Premier ministre Jean Castex a re\u00e7u mi-mars une premi\u00e8re dose de ce vaccin, objet de r\u00e9ticences. Le ministre de la Sant\u00e9 Olivier V\u00e9ran s&rsquo;\u00e9tait lui fait vacciner en f\u00e9vrier.<\/p>\n\n\n\n<p>Jean-Michel Blanquer va recevoir sa premi\u00e8re dose une semaine apr\u00e8s l&rsquo;ouverture de \u00ab\u00a0cr\u00e9neaux d\u00e9di\u00e9s\u00a0\u00bb aux enseignants de plus de 55 ans. Mais les centres qui avaient r\u00e9serv\u00e9 ces cr\u00e9neaux sont rest\u00e9s peu fr\u00e9quent\u00e9s en raison de la d\u00e9fiance d&rsquo;une partie des Fran\u00e7ais envers l&rsquo;AstraZeneca.Le gouvernement envisage une campagne de communication pour rassurer les Fran\u00e7ais sur AstraZeneca.<\/p>\n\n\n\n<p>Mardi, Emmanuel Macron s&rsquo;est f\u00e9licit\u00e9 que la vaccination \u00ab\u00a0s&rsquo;acc\u00e9l\u00e8re\u00a0\u00bb mais a toutefois reconnu \u00ab\u00a0des difficult\u00e9s pour convaincre sur l&rsquo;AstraZeneca\u00a0\u00bb. \u00ab\u00a0Il faut r\u00e9fl\u00e9chir en terme de communication et de capacit\u00e9 \u00e0 convaincre\u00a0\u00bb, a-t-il alors d\u00e9clar\u00e9.<\/p>\n","protected":false},"excerpt":{"rendered":"<p>Jean Castex prend la parole :&nbsp;\u00ab\u00a0Pr\u00e8s de 3 semaines apr\u00e8s les mesures annonc\u00e9es le 31 mars, je viens vous pr\u00e9senter les mesures. La situation sanitaire s&rsquo;am\u00e9liore et la d\u00e9crue est notable dans 80% des d\u00e9partements. Le pic de la troisi\u00e8me semble derri\u00e8re nous, mais il faut rester prudent. Nous avons r\u00e9ussi \u00e0 doubler le nombre [&hellip;]<\/p>\n","protected":false},"author":2,"featured_media":18424,"comment_status":"open","ping_status":"open","sticky":false,"template":"","format":"standard","meta":{"_jetpack_memberships_contains_paid_content":false,"footnotes":"","jetpack_publicize_message":"","jetpack_publicize_feature_enabled":true,"jetpack_social_post_already_shared":true,"jetpack_social_options":{"image_generator_settings":{"template":"highway","default_image_id":0,"font":"","enabled":false},"version":2},"_wpas_customize_per_network":false},"categories":[405],"tags":[],"class_list":["post-18423","post","type-post","status-publish","format-standard","has-post-thumbnail","hentry","category-actu-france-monde"],"jetpack_publicize_connections":[],"jetpack_featured_media_url":"https:\/\/i0.wp.com\/www.iceagetv.com\/radiosite\/wp-content\/uploads\/2021\/04\/Le-3-mai.png?fit=583%2C360&ssl=1","jetpack_sharing_enabled":true,"_links":{"self":[{"href":"https:\/\/www.iceagetv.com\/radiosite\/wp-json\/wp\/v2\/posts\/18423","targetHints":{"allow":["GET"]}}],"collection":[{"href":"https:\/\/www.iceagetv.com\/radiosite\/wp-json\/wp\/v2\/posts"}],"about":[{"href":"https:\/\/www.iceagetv.com\/radiosite\/wp-json\/wp\/v2\/types\/post"}],"author":[{"embeddable":true,"href":"https:\/\/www.iceagetv.com\/radiosite\/wp-json\/wp\/v2\/users\/2"}],"replies":[{"embeddable":true,"href":"https:\/\/www.iceagetv.com\/radiosite\/wp-json\/wp\/v2\/comments?post=18423"}],"version-history":[{"count":1,"href":"https:\/\/www.iceagetv.com\/radiosite\/wp-json\/wp\/v2\/posts\/18423\/revisions"}],"predecessor-version":[{"id":18425,"href":"https:\/\/www.iceagetv.com\/radiosite\/wp-json\/wp\/v2\/posts\/18423\/revisions\/18425"}],"wp:featuredmedia":[{"embeddable":true,"href":"https:\/\/www.iceagetv.com\/radiosite\/wp-json\/wp\/v2\/media\/18424"}],"wp:attachment":[{"href":"https:\/\/www.iceagetv.com\/radiosite\/wp-json\/wp\/v2\/media?parent=18423"}],"wp:term":[{"taxonomy":"category","embeddable":true,"href":"https:\/\/www.iceagetv.com\/radiosite\/wp-json\/wp\/v2\/categories?post=18423"},{"taxonomy":"post_tag","embeddable":true,"href":"https:\/\/www.iceagetv.com\/radiosite\/wp-json\/wp\/v2\/tags?post=18423"}],"curies":[{"name":"wp","href":"https:\/\/api.w.org\/{rel}","templated":true}]}}