{"id":18429,"date":"2021-04-23T13:59:48","date_gmt":"2021-04-23T13:59:48","guid":{"rendered":"http:\/\/www.iceagetv.com\/radiosite\/?p=18429"},"modified":"2021-04-23T13:59:48","modified_gmt":"2021-04-23T13:59:48","slug":"attaque-au-couteau-au-commissariat-de-rambouillet-une-fonctionnaire-de-police-a-ete-tuee-lassaillant-est-decede","status":"publish","type":"post","link":"https:\/\/www.iceagetv.com\/radiosite\/attaque-au-couteau-au-commissariat-de-rambouillet-une-fonctionnaire-de-police-a-ete-tuee-lassaillant-est-decede\/","title":{"rendered":"Attaque au couteau au commissariat de Rambouillet: Une fonctionnaire de police a \u00e9t\u00e9 tu\u00e9e &#8211; L\u2019assaillant est d\u00e9c\u00e9d\u00e9"},"content":{"rendered":"\n<p> <strong>\u00a0L&rsquo;assaillant qui a tu\u00e9 une polici\u00e8re aurait cri\u00e9 \u00ab\u00a0Allah Akbar<\/strong>  <strong>L&rsquo;assaillant qui a tu\u00e9 une polici\u00e8re \u00e0 l&rsquo;arme blanche est d\u00e9c\u00e9d\u00e9 de ses blessures<\/strong>  <strong>Le Premier ministre Jean Castex se rendra au commissariat de Rambouillet (Yvelines), o\u00f9 une fonctionnaire de police a \u00e9t\u00e9 tu\u00e9e en d\u00e9but d&rsquo;apr\u00e8s-midi lors d&rsquo;une attaque au couteau<\/strong> <\/p>\n\n\n\n<p><strong>&nbsp;Le point sur ce que l&rsquo;on sait<\/strong><\/p>\n\n\n\n<p>Un homme a tu\u00e9 \u00e0 coups de couteau une fonctionnaire de police au commissariat de Rambouillet (Yvelines), avant d\u2019\u00eatre interpell\u00e9 et bless\u00e9 par balles par d\u2019autres agents, a-t-on appris aupr\u00e8s du parquet de Versailles et de source polici\u00e8re. Le ministre de l\u2019Int\u00e9rieur G\u00e9rald Darmanin a annonc\u00e9 se rendre dans l\u2019apr\u00e8s-midi au commissariat de cette ville de pr\u00e8s de 26.000 habitants, situ\u00e9 \u00e0 une soixantaine de kilom\u00e8tres au sud-ouest de Paris.<\/p>\n\n\n\n<p>Les faits se sont produits vers 14H20 dans le sas de ce commissariat, a pr\u00e9cis\u00e9 la source polici\u00e8re. La fonctionnaire administrative, qui \u00e9tait d\u2019abord en arr\u00eat cardio ventilatoire, est d\u00e9c\u00e9d\u00e9e sur place, malgr\u00e9 l\u2019intervention des pompiers. D\u2019apr\u00e8s les premiers \u00e9l\u00e9ments de l\u2019enqu\u00eate, elle a \u00e9t\u00e9 touch\u00e9e \u00e0 la gorge. Selon les pompiers, l\u2019assaillant a \u00e9galement \u00e9t\u00e9 bless\u00e9 et se trouvait dans un \u00e9tat grave, son pronostic vital engag\u00e9. \u00ab\u00a0Une \u00e9valuation est en cours par la Sdat (Sous-direction antiterroriste)\u00a0\u00bb, a indiqu\u00e9 \u00e0 l\u2019AFP le parquet national antiterroriste (Pnat) qui ne s\u2019est pas saisi \u00ab\u00a0\u00e0 ce stade\u00a0\u00bb. <strong>La polici\u00e8re attaqu\u00e9e au couteau au commissariat de Rambouillet est d\u00e9c\u00e9d\u00e9e, annonce le parquet<\/strong> <\/p>\n\n\n\n<p><strong>Un homme a gri\u00e8vement bless\u00e9 \u00e0 coups de couteau une fonctionnaire de police au commissariat de Rambouillet (Yvelines), avant d&rsquo;\u00eatre interpell\u00e9 et bless\u00e9 par balles par d&rsquo;autres agents, selon l&rsquo;AFP citant le procureur de Versailles et de source polici\u00e8re.<\/strong><\/p>\n\n\n\n<p>Les faits se sont produits en d\u00e9but d&rsquo;apr\u00e8s-midi, vers 14H20, a pr\u00e9cis\u00e9 la source polici\u00e8re. Selon les pompiers, la fonctionnaire ainsi que l&rsquo;assaillant sont \u00abtous deux bless\u00e9s dans un \u00e9tat grave\u00bb, leur pronostic vital \u00e9tant engag\u00e9. Ils sont actuellement encore sur les lieux du drame, en arr\u00eat \u00abcardio ventilatoire\u00bb.<\/p>\n\n\n\n<p><\/p>\n\n\n\n<p><\/p>\n","protected":false},"excerpt":{"rendered":"<p>\u00a0L&rsquo;assaillant qui a tu\u00e9 une polici\u00e8re aurait cri\u00e9 \u00ab\u00a0Allah Akbar L&rsquo;assaillant qui a tu\u00e9 une polici\u00e8re \u00e0 l&rsquo;arme blanche est d\u00e9c\u00e9d\u00e9 de ses blessures Le Premier ministre Jean Castex se rendra au commissariat de Rambouillet (Yvelines), o\u00f9 une fonctionnaire de police a \u00e9t\u00e9 tu\u00e9e en d\u00e9but d&rsquo;apr\u00e8s-midi lors d&rsquo;une attaque au couteau &nbsp;Le point sur [&hellip;]<\/p>\n","protected":false},"author":2,"featured_media":18430,"comment_status":"open","ping_status":"open","sticky":false,"template":"","format":"standard","meta":{"_jetpack_memberships_contains_paid_content":false,"footnotes":"","jetpack_publicize_message":"","jetpack_publicize_feature_enabled":true,"jetpack_social_post_already_shared":true,"jetpack_social_options":{"image_generator_settings":{"template":"highway","default_image_id":0,"font":"","enabled":false},"version":2},"_wpas_customize_per_network":false},"categories":[405],"tags":[],"class_list":["post-18429","post","type-post","status-publish","format-standard","has-post-thumbnail","hentry","category-actu-france-monde"],"jetpack_publicize_connections":[],"jetpack_featured_media_url":"https:\/\/i0.wp.com\/www.iceagetv.com\/radiosite\/wp-content\/uploads\/2021\/04\/Attaque-au-couteau-au-commissariat-de-Rambouillet.jpg?fit=679%2C293&ssl=1","jetpack_sharing_enabled":true,"_links":{"self":[{"href":"https:\/\/www.iceagetv.com\/radiosite\/wp-json\/wp\/v2\/posts\/18429","targetHints":{"allow":["GET"]}}],"collection":[{"href":"https:\/\/www.iceagetv.com\/radiosite\/wp-json\/wp\/v2\/posts"}],"about":[{"href":"https:\/\/www.iceagetv.com\/radiosite\/wp-json\/wp\/v2\/types\/post"}],"author":[{"embeddable":true,"href":"https:\/\/www.iceagetv.com\/radiosite\/wp-json\/wp\/v2\/users\/2"}],"replies":[{"embeddable":true,"href":"https:\/\/www.iceagetv.com\/radiosite\/wp-json\/wp\/v2\/comments?post=18429"}],"version-history":[{"count":1,"href":"https:\/\/www.iceagetv.com\/radiosite\/wp-json\/wp\/v2\/posts\/18429\/revisions"}],"predecessor-version":[{"id":18431,"href":"https:\/\/www.iceagetv.com\/radiosite\/wp-json\/wp\/v2\/posts\/18429\/revisions\/18431"}],"wp:featuredmedia":[{"embeddable":true,"href":"https:\/\/www.iceagetv.com\/radiosite\/wp-json\/wp\/v2\/media\/18430"}],"wp:attachment":[{"href":"https:\/\/www.iceagetv.com\/radiosite\/wp-json\/wp\/v2\/media?parent=18429"}],"wp:term":[{"taxonomy":"category","embeddable":true,"href":"https:\/\/www.iceagetv.com\/radiosite\/wp-json\/wp\/v2\/categories?post=18429"},{"taxonomy":"post_tag","embeddable":true,"href":"https:\/\/www.iceagetv.com\/radiosite\/wp-json\/wp\/v2\/tags?post=18429"}],"curies":[{"name":"wp","href":"https:\/\/api.w.org\/{rel}","templated":true}]}}