{"id":18432,"date":"2021-04-24T07:05:52","date_gmt":"2021-04-24T07:05:52","guid":{"rendered":"http:\/\/www.iceagetv.com\/radiosite\/?p=18432"},"modified":"2021-04-24T07:05:52","modified_gmt":"2021-04-24T07:05:52","slug":"attaque-a-rambouillet-que-sait-on-ce-matin-de-ce-drame-terrible-et-de-lauteur-de-cette-attaque-barbare-contre-une-policiere-mere-de-deux-enfants","status":"publish","type":"post","link":"https:\/\/www.iceagetv.com\/radiosite\/attaque-a-rambouillet-que-sait-on-ce-matin-de-ce-drame-terrible-et-de-lauteur-de-cette-attaque-barbare-contre-une-policiere-mere-de-deux-enfants\/","title":{"rendered":"Attaque \u00e0 Rambouillet : Que sait-on ce matin de ce drame terrible et de l&rsquo;auteur de cette attaque barbare contre une polici\u00e8re, m\u00e8re de deux enfants"},"content":{"rendered":"\n<p><strong>Trois personnes de l&rsquo;entourage de Jamel G., dont une personne qui l&rsquo;avait accueilli \u00e0 son arriv\u00e9e en France, ont \u00e9t\u00e9 plac\u00e9es en garde \u00e0 vue vendredi en fin d&rsquo;apr\u00e8s-midi.<\/strong>&nbsp;L&rsquo;habitation du logeur, situ\u00e9e dans le Val-de-Marne, et le domicile de l&rsquo;assaillant ont \u00e9t\u00e9 perquisitionn\u00e9s. L&rsquo;enqu\u00eate a \u00e9t\u00e9 confi\u00e9e conjointement \u00e0 la Direction centrale de la police judiciaire et \u00e0 la Direction g\u00e9n\u00e9rale de la s\u00e9curit\u00e9 int\u00e9rieure.<\/p>\n\n\n\n<p>L&rsquo;auteur de l&rsquo;attaque, touch\u00e9 par les tirs d&rsquo;un policier pr\u00e9sent, est d\u00e9c\u00e9d\u00e9 sur place. Selon les papiers d&rsquo;identit\u00e9 retrouv\u00e9s sur lui,\u00a0<strong>Jamel G. \u00e9tait un ressortissant tunisien de 36 ans. Originaire de la r\u00e9gion de Sousse, dans l&rsquo;est de la Tunisie, il \u00e9tait arriv\u00e9 en France en 2009 et avait b\u00e9n\u00e9fici\u00e9 en 2019 d&rsquo;une autorisation exceptionnelle de s\u00e9jour salari\u00e9, puis d&rsquo;une carte de s\u00e9jour en d\u00e9cembre 2020, valable jusqu&rsquo;en d\u00e9cembre 2021, selon le Parquet national antiterroriste.<\/strong><\/p>\n\n\n\n<p>Il \u00e9tait inconnu des services de police et de renseignements, ont confirm\u00e9 plusieurs sources polici\u00e8res \u00e0 l&rsquo;AFP. Selon une source proche de l&rsquo;enqu\u00eate, il vivait depuis quelques ann\u00e9es dans une maison excentr\u00e9e de Rambouillet. Il avait r\u00e9sid\u00e9 auparavant dans le Val-de-Marne.<\/p>\n\n\n\n<p>Apr\u00e8s un \u00e9valuation, le parquet national antiterroriste (Pnat) a ouvert une enqu\u00eate pour \u00ab\u00a0assassinat sur personne d\u00e9positaire de l&rsquo;autorit\u00e9 publique en relation avec une entreprise terroriste et association de malfaiteurs terroriste\u00a0\u00bb. Le procureur antiterroriste, Jean-Fran\u00e7ois Ricard, a expliqu\u00e9 que cette saisine s&rsquo;appuyait sur le mode op\u00e9ratoire, une attaque \u00e0 l&rsquo;arme blanche, la qualit\u00e9 de la victime &#8211; une fonctionnaire de police prise pour cible, conform\u00e9ment aux mots d&rsquo;ordre r\u00e9currents du groupe jihadiste \u00c9tat islamique (EI) -, ainsi que les \u00ab\u00a0propos tenus par l&rsquo;auteur lors de la r\u00e9alisation des faits\u00a0\u00bb et \u00ab\u00a0des \u00e9l\u00e9ments de rep\u00e9rage\u00a0\u00bb.<\/p>\n\n\n\n<p>La victime, gri\u00e8vement bless\u00e9e \u00e0 la carotide, est morte de ses blessures sur place, malgr\u00e9 l&rsquo;intervention des pompiers. Ag\u00e9e de 49 ans,<strong>&nbsp;St\u00e9phanie M. \u00e9tait une agente administrative du secr\u00e9tariat, donc une fonctionnaire non arm\u00e9e. Elle travaillait depuis 28 ans \u00ab\u00a0sur Rambouillet\u00a0\u00bb, a indiqu\u00e9 une source polici\u00e8re. Elle \u00e9tait m\u00e8re de deux enfants, \u00e2g\u00e9s de 13 et 18 ans<\/strong>.<\/p>\n\n\n\n<p>Concernant les faits, on sait qu&rsquo;il est 14h20 quand un homme p\u00e9n\u00e8tre dans le sas s\u00e9curis\u00e9 du commissariat de Rambouillet, situ\u00e9 dans une zone r\u00e9sidentielle de la commune cossue des Yvelines, \u00e0 une soixantaine de kilom\u00e8tres au sud-ouest de Paris. L&rsquo;assaillant y ass\u00e8ne deux coups de couteau \u00e0 la gorge \u00e0 une fonctionnaire de police qui rentrait de pause. Selon des sources proches de l&rsquo;enqu\u00eate, l&rsquo;homme aurait cri\u00e9 alors \u00ab\u00a0Allah Akbar\u00a0\u00bb.<\/p>\n\n\n\n<p><\/p>\n\n\n\n<p><\/p>\n","protected":false},"excerpt":{"rendered":"<p>Trois personnes de l&rsquo;entourage de Jamel G., dont une personne qui l&rsquo;avait accueilli \u00e0 son arriv\u00e9e en France, ont \u00e9t\u00e9 plac\u00e9es en garde \u00e0 vue vendredi en fin d&rsquo;apr\u00e8s-midi.&nbsp;L&rsquo;habitation du logeur, situ\u00e9e dans le Val-de-Marne, et le domicile de l&rsquo;assaillant ont \u00e9t\u00e9 perquisitionn\u00e9s. L&rsquo;enqu\u00eate a \u00e9t\u00e9 confi\u00e9e conjointement \u00e0 la Direction centrale de la police [&hellip;]<\/p>\n","protected":false},"author":2,"featured_media":18430,"comment_status":"open","ping_status":"open","sticky":false,"template":"","format":"standard","meta":{"_jetpack_memberships_contains_paid_content":false,"footnotes":"","jetpack_publicize_message":"","jetpack_publicize_feature_enabled":true,"jetpack_social_post_already_shared":true,"jetpack_social_options":{"image_generator_settings":{"template":"highway","default_image_id":0,"font":"","enabled":false},"version":2},"_wpas_customize_per_network":false},"categories":[405],"tags":[],"class_list":["post-18432","post","type-post","status-publish","format-standard","has-post-thumbnail","hentry","category-actu-france-monde"],"jetpack_publicize_connections":[],"jetpack_featured_media_url":"https:\/\/i0.wp.com\/www.iceagetv.com\/radiosite\/wp-content\/uploads\/2021\/04\/Attaque-au-couteau-au-commissariat-de-Rambouillet.jpg?fit=679%2C293&ssl=1","jetpack_sharing_enabled":true,"_links":{"self":[{"href":"https:\/\/www.iceagetv.com\/radiosite\/wp-json\/wp\/v2\/posts\/18432","targetHints":{"allow":["GET"]}}],"collection":[{"href":"https:\/\/www.iceagetv.com\/radiosite\/wp-json\/wp\/v2\/posts"}],"about":[{"href":"https:\/\/www.iceagetv.com\/radiosite\/wp-json\/wp\/v2\/types\/post"}],"author":[{"embeddable":true,"href":"https:\/\/www.iceagetv.com\/radiosite\/wp-json\/wp\/v2\/users\/2"}],"replies":[{"embeddable":true,"href":"https:\/\/www.iceagetv.com\/radiosite\/wp-json\/wp\/v2\/comments?post=18432"}],"version-history":[{"count":1,"href":"https:\/\/www.iceagetv.com\/radiosite\/wp-json\/wp\/v2\/posts\/18432\/revisions"}],"predecessor-version":[{"id":18433,"href":"https:\/\/www.iceagetv.com\/radiosite\/wp-json\/wp\/v2\/posts\/18432\/revisions\/18433"}],"wp:featuredmedia":[{"embeddable":true,"href":"https:\/\/www.iceagetv.com\/radiosite\/wp-json\/wp\/v2\/media\/18430"}],"wp:attachment":[{"href":"https:\/\/www.iceagetv.com\/radiosite\/wp-json\/wp\/v2\/media?parent=18432"}],"wp:term":[{"taxonomy":"category","embeddable":true,"href":"https:\/\/www.iceagetv.com\/radiosite\/wp-json\/wp\/v2\/categories?post=18432"},{"taxonomy":"post_tag","embeddable":true,"href":"https:\/\/www.iceagetv.com\/radiosite\/wp-json\/wp\/v2\/tags?post=18432"}],"curies":[{"name":"wp","href":"https:\/\/api.w.org\/{rel}","templated":true}]}}