{"id":18434,"date":"2021-04-24T07:37:01","date_gmt":"2021-04-24T07:37:01","guid":{"rendered":"http:\/\/www.iceagetv.com\/radiosite\/?p=18434"},"modified":"2021-04-24T07:37:01","modified_gmt":"2021-04-24T07:37:01","slug":"coronavirus-en-nouvelle-caledonie-des-militants-anti-vaccins-utilisent-letoile-jaune-sur-les-tracts-diffuses-sur-les-reseaux-sociaux-et-provoquent-un-tolle","status":"publish","type":"post","link":"https:\/\/www.iceagetv.com\/radiosite\/coronavirus-en-nouvelle-caledonie-des-militants-anti-vaccins-utilisent-letoile-jaune-sur-les-tracts-diffuses-sur-les-reseaux-sociaux-et-provoquent-un-tolle\/","title":{"rendered":"Coronavirus &#8211; En Nouvelle-Cal\u00e9donie, des militants anti-vaccins utilisent \u00ab\u00a0l&rsquo;\u00e9toile jaune\u00a0\u00bb sur les tracts diffus\u00e9s sur les r\u00e9seaux sociaux et provoquent un toll\u00e9"},"content":{"rendered":"\n<p>Des militants anti-vaccins ont appel\u00e9 \u00e0 la manifestation \u00e0 Noum\u00e9a, en Nouvelle-Cal\u00e9donie, pour protester contre l\u2019\u00e9ventuelle mise en place d\u2019un passeport vaccinal. Ils ont d\u00e9tourn\u00e9 le symbole de l\u2019\u00e9toile jaune, ce qui a provoqu\u00e9 l\u2019indignation. Sur les tracts diffus\u00e9s sur les r\u00e9seaux sociaux par quatre associations environnementales, le slogan \u00abr\u00e9veillons-nous et tenons bon !\u00bb est accompagn\u00e9 d\u2019une \u00e9toile jaune, avec \u00e9crit \u00absans vaccin\u00bb, comparant ainsi les anti-vaccins aux juifs lors de la Seconde guerre mondiale. Les militants souhaitent exprimer leurs craintes de se voir priver de leur libert\u00e9 de ne pas se faire vacciner si un passeport sanitaire venait \u00e0 \u00eatre cr\u00e9\u00e9.&nbsp;<\/p>\n\n\n\n<p>L\u2019utilisation de ce symbole a provoqu\u00e9 un toll\u00e9, et le Haut-commissariat de la R\u00e9publique de Nouvelle-Cal\u00e9donie a fermement condamn\u00e9 ce geste : \u00abL&rsquo;utilisation de ce symbole rel\u00e8ve d\u2019un amalgame aussi indigne qu\u2019inacceptable\u00bb, a-t-il d\u00e9clar\u00e9 sur les r\u00e9seaux sociaux. De son c\u00f4t\u00e9, la Ligue des droits de l\u2019homme de Nouvelle-Cal\u00e9donie a d\u00e9clar\u00e9 que \u00ables d\u00e9bats non tranch\u00e9s \u00e0 ce jour sur le \u00ab\u00a0pass vaccinal\u00a0\u00bb ou \u00ab\u00a0l&rsquo;obligation vaccinale\u00a0\u00bb m\u00e9ritent autre chose que des amalgames qui p\u00e9trifient de honte les citoyennes et les citoyens\u00bb, pr\u00e9cise l\u2019AFP.<\/p>\n\n\n\n<p>Face \u00e0 la pol\u00e9mique, l\u2019association Ensemble pour la Plan\u00e8te \u2013 Nouvelle Cal\u00e9donie s\u2019est exprim\u00e9e via son compte Facebook. \u00abNous pr\u00eater des arri\u00e8re-pens\u00e9es antis\u00e9mites est ind\u00e9cent et coupable. C\u2019est parce que ce symbole incarne le plus haut degr\u00e9 de l\u2019inacceptable que nous l\u2019avons choisi. Nous l\u2019avons fait avec respect consid\u00e9rant que l\u2019on ne pouvait trouver mieux pour illustrer le marquage, l\u2019exclusion, la stigmatisation, la maltraitance infinie que nous ne voulons plus voir, nulle part, jamais\u00bb a-t-elle d\u00e9clar\u00e9, avant de s\u2019excuser : \u00abnous pr\u00e9sentons nos excuses aux personnes qui se sont senties bless\u00e9es en esp\u00e9rant de leur part la compr\u00e9hension de notre point de vue.\u00bb<\/p>\n\n\n\n<p>Elle a \u00e9galement d\u00e9clar\u00e9 renoncer au port de l\u2019\u00e9toile jaune lors de la manifestation de samedi devant le si\u00e8ge du gouvernement local.<\/p>\n\n\n\n<p><\/p>\n","protected":false},"excerpt":{"rendered":"<p>Des militants anti-vaccins ont appel\u00e9 \u00e0 la manifestation \u00e0 Noum\u00e9a, en Nouvelle-Cal\u00e9donie, pour protester contre l\u2019\u00e9ventuelle mise en place d\u2019un passeport vaccinal. Ils ont d\u00e9tourn\u00e9 le symbole de l\u2019\u00e9toile jaune, ce qui a provoqu\u00e9 l\u2019indignation. Sur les tracts diffus\u00e9s sur les r\u00e9seaux sociaux par quatre associations environnementales, le slogan \u00abr\u00e9veillons-nous et tenons bon !\u00bb est [&hellip;]<\/p>\n","protected":false},"author":2,"featured_media":18435,"comment_status":"open","ping_status":"open","sticky":false,"template":"","format":"standard","meta":{"_jetpack_memberships_contains_paid_content":false,"footnotes":"","jetpack_publicize_message":"","jetpack_publicize_feature_enabled":true,"jetpack_social_post_already_shared":true,"jetpack_social_options":{"image_generator_settings":{"template":"highway","default_image_id":0,"font":"","enabled":false},"version":2},"_wpas_customize_per_network":false},"categories":[405],"tags":[],"class_list":["post-18434","post","type-post","status-publish","format-standard","has-post-thumbnail","hentry","category-actu-france-monde"],"jetpack_publicize_connections":[],"jetpack_featured_media_url":"https:\/\/i0.wp.com\/www.iceagetv.com\/radiosite\/wp-content\/uploads\/2021\/04\/des-militants-anti-vaccins.jpg?fit=1582%2C2250&ssl=1","jetpack_sharing_enabled":true,"_links":{"self":[{"href":"https:\/\/www.iceagetv.com\/radiosite\/wp-json\/wp\/v2\/posts\/18434","targetHints":{"allow":["GET"]}}],"collection":[{"href":"https:\/\/www.iceagetv.com\/radiosite\/wp-json\/wp\/v2\/posts"}],"about":[{"href":"https:\/\/www.iceagetv.com\/radiosite\/wp-json\/wp\/v2\/types\/post"}],"author":[{"embeddable":true,"href":"https:\/\/www.iceagetv.com\/radiosite\/wp-json\/wp\/v2\/users\/2"}],"replies":[{"embeddable":true,"href":"https:\/\/www.iceagetv.com\/radiosite\/wp-json\/wp\/v2\/comments?post=18434"}],"version-history":[{"count":1,"href":"https:\/\/www.iceagetv.com\/radiosite\/wp-json\/wp\/v2\/posts\/18434\/revisions"}],"predecessor-version":[{"id":18436,"href":"https:\/\/www.iceagetv.com\/radiosite\/wp-json\/wp\/v2\/posts\/18434\/revisions\/18436"}],"wp:featuredmedia":[{"embeddable":true,"href":"https:\/\/www.iceagetv.com\/radiosite\/wp-json\/wp\/v2\/media\/18435"}],"wp:attachment":[{"href":"https:\/\/www.iceagetv.com\/radiosite\/wp-json\/wp\/v2\/media?parent=18434"}],"wp:term":[{"taxonomy":"category","embeddable":true,"href":"https:\/\/www.iceagetv.com\/radiosite\/wp-json\/wp\/v2\/categories?post=18434"},{"taxonomy":"post_tag","embeddable":true,"href":"https:\/\/www.iceagetv.com\/radiosite\/wp-json\/wp\/v2\/tags?post=18434"}],"curies":[{"name":"wp","href":"https:\/\/api.w.org\/{rel}","templated":true}]}}