{"id":18454,"date":"2021-04-26T18:28:43","date_gmt":"2021-04-26T18:28:43","guid":{"rendered":"http:\/\/www.iceagetv.com\/radiosite\/?p=18454"},"modified":"2021-04-26T18:28:43","modified_gmt":"2021-04-26T18:28:43","slug":"la-famille-dun-homme-mort-en-isere-sept-jours-apres-une-teleconsultation-qui-naurait-pas-etabli-le-bon-diagnostic-porte-plainte-pour-homicide-involontaire","status":"publish","type":"post","link":"https:\/\/www.iceagetv.com\/radiosite\/la-famille-dun-homme-mort-en-isere-sept-jours-apres-une-teleconsultation-qui-naurait-pas-etabli-le-bon-diagnostic-porte-plainte-pour-homicide-involontaire\/","title":{"rendered":"La famille d&rsquo;un homme mort en Is\u00e8re, sept jours apr\u00e8s une t\u00e9l\u00e9consultation qui n&rsquo;aurait pas \u00e9tabli le bon diagnostic, porte plainte pour homicide involontaire"},"content":{"rendered":"\n<p>La famille d&rsquo;un homme mort en avril 2020 en Is\u00e8re, sept jours apr\u00e8s une t\u00e9l\u00e9consultation qui n&rsquo;aurait pas \u00e9tabli le bon diagnostic, a port\u00e9 plainte lundi pour homicide involontaire, et souhaite lancer un d\u00e9bat sur la t\u00e9l\u00e9m\u00e9decine.<\/p>\n\n\n\n<p>L&rsquo;avocat de la famille, Me Herv\u00e9 Gerbi, d\u00e9nonce une \u00ab\u00a0erreur m\u00e9dicale grave\u00a0\u00bb \u00e0 la suite d&rsquo;un \u00ab\u00a0interrogatoire (\u00e0 distance) incomplet\u00a0\u00bb de la m\u00e9decin vis-\u00e0-vis du patient, un homme de 40 ans atteint d&rsquo;un cancer et d&rsquo;une importante ob\u00e9sit\u00e9.<\/p>\n\n\n\n<p>Le 20 avril 2020, dans une France plong\u00e9e en plein confinement \u00e0 cause du Covid-19, Jean-Christophe Allemand d\u00e9clare via \u00e9cran interpos\u00e9 \u00ab\u00a0une soif abondante, une langue blanche et une fatigue depuis plusieurs jours\u00a0\u00bb, a expliqu\u00e9 lundi l&rsquo;avocat lors d&rsquo;une conf\u00e9rence de presse, aux c\u00f4t\u00e9s de la m\u00e8re et de la compagne de la victime.&nbsp;La m\u00e9decin diagnostique un \u00ab\u00a0champignon sur la langue, quelque chose d&rsquo;assez banal\u00a0\u00bb, mais les sympt\u00f4mes se poursuivent et le 27 avril, sa compagne Elise David le retrouve quasi inconscient chez lui.<\/p>\n\n\n\n<p>Il d\u00e9c\u00e8dera le lendemain \u00e0 l&rsquo;h\u00f4pital de Grenoble \u00ab\u00a0d&rsquo;une banale d\u00e9compensation diab\u00e9tique\u00a0\u00bb, ce qui se d\u00e9tecte \u00ab\u00a0avec une simple prise de sang\u00a0\u00bb, assure Me Gerbi.<\/p>\n\n\n\n<p>Le jour m\u00eame du d\u00e9c\u00e8s, le p\u00e8re de Jean-Christophe &#8211; d\u00e9c\u00e9d\u00e9 depuis &#8211; \u00e9crit au pr\u00e9sident de la R\u00e9publique pour signaler la mort de son fils \u00ab\u00a0suite \u00e0 un mauvais diagnostic\u00a0\u00bb qu&rsquo;il relie directement \u00e0 la t\u00e9l\u00e9consultation.<\/p>\n\n\n\n<p>L&rsquo;issue aurait-elle \u00e9t\u00e9 diff\u00e9rente avec une consultation en cabinet ? La famille en est convaincue.<\/p>\n\n\n\n<p>Les questions de la praticienne, qui n&rsquo;\u00e9tait pas son m\u00e9decin traitant, \u00e9taient \u00ab\u00a0tr\u00e8s centr\u00e9es sur les sympt\u00f4mes du Covid-19\u00a0\u00bb, se souvient sa compagne, qui a assist\u00e9 \u00e0 la t\u00e9l\u00e9consultation.Me Gerbi regrette \u00ab\u00a0un d\u00e9c\u00e8s stupide\u00a0\u00bb car les sympt\u00f4mes d&rsquo;un diab\u00e8te, qui n&rsquo;avait pas \u00e9t\u00e9 diagnostiqu\u00e9 auparavant, \u00e9taient selon lui facilement identifiables.<\/p>\n\n\n\n<p>Il a donc d\u00e9pos\u00e9 plainte lundi pour homicide involontaire contre X au nom de la famille, car la crise sanitaire \u00ab\u00a0ne peut pas \u00eatre un parapluie juridique pour une erreur m\u00e9dicale\u00a0\u00bb.<\/p>\n\n\n\n<p>\u00ab\u00a0Au-del\u00e0 de ce d\u00e9c\u00e8s se pose la question de l&rsquo;usage de cette t\u00e9l\u00e9consultation\u00a0\u00bb, qui a \u00e9t\u00e9 g\u00e9n\u00e9ralis\u00e9 mais qui n&rsquo;est \u00ab\u00a0pas valable pour tous les patients\u00a0\u00bb, poursuit-il.<\/p>\n\n\n\n<p>La plainte \u00ab\u00a0doit permettre aux m\u00e9decins de se saisir de la question\u00a0\u00bb, esp\u00e8re Me Gerbi, qui appelle le Conseil de l&rsquo;ordre \u00e0 lancer le d\u00e9bat sur la pertinence de cette pratique.<\/p>\n\n\n\n<p>En 2020, 19 millions d&rsquo;actes m\u00e9dicaux \u00e0 distance ont \u00e9t\u00e9 rembours\u00e9s par la S\u00e9curit\u00e9 sociale, contre \u00e0 peine 320.000 sur les 18 mois pr\u00e9c\u00e9dents, au d\u00e9but du remboursement de cette pratique.<\/p>\n\n\n\n<p><\/p>\n","protected":false},"excerpt":{"rendered":"<p>La famille d&rsquo;un homme mort en avril 2020 en Is\u00e8re, sept jours apr\u00e8s une t\u00e9l\u00e9consultation qui n&rsquo;aurait pas \u00e9tabli le bon diagnostic, a port\u00e9 plainte lundi pour homicide involontaire, et souhaite lancer un d\u00e9bat sur la t\u00e9l\u00e9m\u00e9decine. L&rsquo;avocat de la famille, Me Herv\u00e9 Gerbi, d\u00e9nonce une \u00ab\u00a0erreur m\u00e9dicale grave\u00a0\u00bb \u00e0 la suite d&rsquo;un \u00ab\u00a0interrogatoire (\u00e0 [&hellip;]<\/p>\n","protected":false},"author":2,"featured_media":18455,"comment_status":"open","ping_status":"open","sticky":false,"template":"","format":"standard","meta":{"_jetpack_memberships_contains_paid_content":false,"footnotes":"","jetpack_publicize_message":"","jetpack_publicize_feature_enabled":true,"jetpack_social_post_already_shared":true,"jetpack_social_options":{"image_generator_settings":{"template":"highway","default_image_id":0,"font":"","enabled":false},"version":2},"_wpas_customize_per_network":false},"categories":[405],"tags":[],"class_list":["post-18454","post","type-post","status-publish","format-standard","has-post-thumbnail","hentry","category-actu-france-monde"],"jetpack_publicize_connections":[],"jetpack_featured_media_url":"https:\/\/i0.wp.com\/www.iceagetv.com\/radiosite\/wp-content\/uploads\/2021\/04\/La-famille-dun-homme-mort-en-Is%C3%A8re.jpg?fit=679%2C293&ssl=1","jetpack_sharing_enabled":true,"_links":{"self":[{"href":"https:\/\/www.iceagetv.com\/radiosite\/wp-json\/wp\/v2\/posts\/18454","targetHints":{"allow":["GET"]}}],"collection":[{"href":"https:\/\/www.iceagetv.com\/radiosite\/wp-json\/wp\/v2\/posts"}],"about":[{"href":"https:\/\/www.iceagetv.com\/radiosite\/wp-json\/wp\/v2\/types\/post"}],"author":[{"embeddable":true,"href":"https:\/\/www.iceagetv.com\/radiosite\/wp-json\/wp\/v2\/users\/2"}],"replies":[{"embeddable":true,"href":"https:\/\/www.iceagetv.com\/radiosite\/wp-json\/wp\/v2\/comments?post=18454"}],"version-history":[{"count":1,"href":"https:\/\/www.iceagetv.com\/radiosite\/wp-json\/wp\/v2\/posts\/18454\/revisions"}],"predecessor-version":[{"id":18456,"href":"https:\/\/www.iceagetv.com\/radiosite\/wp-json\/wp\/v2\/posts\/18454\/revisions\/18456"}],"wp:featuredmedia":[{"embeddable":true,"href":"https:\/\/www.iceagetv.com\/radiosite\/wp-json\/wp\/v2\/media\/18455"}],"wp:attachment":[{"href":"https:\/\/www.iceagetv.com\/radiosite\/wp-json\/wp\/v2\/media?parent=18454"}],"wp:term":[{"taxonomy":"category","embeddable":true,"href":"https:\/\/www.iceagetv.com\/radiosite\/wp-json\/wp\/v2\/categories?post=18454"},{"taxonomy":"post_tag","embeddable":true,"href":"https:\/\/www.iceagetv.com\/radiosite\/wp-json\/wp\/v2\/tags?post=18454"}],"curies":[{"name":"wp","href":"https:\/\/api.w.org\/{rel}","templated":true}]}}