{"id":18458,"date":"2021-04-27T19:05:05","date_gmt":"2021-04-27T19:05:05","guid":{"rendered":"http:\/\/www.iceagetv.com\/radiosite\/?p=18458"},"modified":"2021-04-27T19:05:05","modified_gmt":"2021-04-27T19:05:05","slug":"une-elue-daix-en-provence-accuse-eric-zemmour-dagression-sexuelle-son-entourage-denonce-une-affaire-politique","status":"publish","type":"post","link":"https:\/\/www.iceagetv.com\/radiosite\/une-elue-daix-en-provence-accuse-eric-zemmour-dagression-sexuelle-son-entourage-denonce-une-affaire-politique\/","title":{"rendered":"Une \u00e9lue d&rsquo;Aix-en-Provence accuse \u00c9ric Zemmour d&rsquo;agression sexuelle, son entourage d\u00e9nonce une affaire politique"},"content":{"rendered":"\n<p>Dans&nbsp;<a href=\"https:\/\/www.facebook.com\/permalink.php?story_fbid=1357520511293893&amp;id=100011078709578\" target=\"_blank\" rel=\"noreferrer noopener\">un long message Facebook<\/a>&nbsp;publi\u00e9 samedi 24 avril, une \u00e9lue d&rsquo;Aix-en-Provence, Ga\u00eblle Lenfant, accuse&nbsp;<a href=\"https:\/\/www.francetvinfo.fr\/politique\/eric-zemmour\/\" target=\"_blank\" rel=\"noreferrer noopener\">Eric Zemmour<\/a>&nbsp;d&rsquo;agression sexuelle lors des Universit\u00e9s d&rsquo;\u00e9t\u00e9 du Parti socialiste \u00e0 La Rochelle, rapporte France Bleu Provence mardi 27 avril.<\/p>\n\n\n\n<p>Dans son message, elle d\u00e9nonce des faits qui se sont produits en 2004 ou en 2006. Si elle prend la parole maintenant, explique-t-elle, c&rsquo;est en raison d&rsquo;une banderole d\u00e9ploy\u00e9e \u00e0 Aix-en-Provence avec une photo du pol\u00e9miste en soutien \u00e0 une possible candidature du chroniqueur \u00e0 la prochaine pr\u00e9sidentielle. Une affiche retir\u00e9e depuis.<\/p>\n\n\n\n<p>Dans son message, Ga\u00eblle Lenfant raconte que lors des Universit\u00e9s d&rsquo;\u00e9t\u00e9 du PS, Eric Zemmour, qui \u00e9tait \u00e0 l&rsquo;\u00e9poque journaliste politique au Figaro, l&rsquo;a embrass\u00e9e de force apr\u00e8s un diner arros\u00e9.&nbsp;<em>\u00ab\u00a0Il s&rsquo;est servi. C&rsquo;\u00e9tait il y a des ann\u00e9es, mais le d\u00e9go\u00fbt ne s&rsquo;en va pas. Et maintenant je dois subir sa campagne \u00e9hont\u00e9e dans ma ville ? Dites, rassurez-moi, l&rsquo;affiche de ce #porc ne va pas rester l\u00e0 ? Pas comme mon d\u00e9go\u00fbt, rassurez moi&#8230;\u00a0\u00bb<\/em>, \u00e9crit Ga\u00eblle Lenfant.<\/p>\n\n\n\n<h2 class=\"wp-block-heading\">Eric Zemmour n&rsquo;a \u00ab\u00a0aucun souvenir de cette sc\u00e8ne\u00a0\u00bb<\/h2>\n\n\n\n<p>Contact\u00e9 par franceinfo, l&rsquo;entourage d&rsquo;Eric Zemmour explique que ce dernier n&rsquo;a&nbsp;<em>\u00ab\u00a0aucun souvenir de cette sc\u00e8ne\u00a0\u00bb<\/em>&nbsp;et estime que ce n&rsquo;est&nbsp;<em>\u00ab\u00a0pas une affaire judiciaire mais une affaire politique qui sort au moment o\u00f9 chacun sait qu&rsquo;il y a des vell\u00e9it\u00e9s autour de lui\u00a0\u00bb<\/em>, son nom \u00e9tant avanc\u00e9 pour une candidature \u00e0 l&rsquo;\u00e9lection pr\u00e9sidentielle. Toujours selon son entourage,&nbsp;<em>\u00ab\u00a0Eric Zemmour ne tombera pas dans le pi\u00e8ge d&rsquo;une judiciarisation\u00a0\u00bb<\/em>, il n&rsquo;entend pas porter plainte pour diffamation.<\/p>\n\n\n\n<p><em>\u00ab\u00a0Il y a des choses &lsquo;interloquantes&rsquo; dans cette affaire, par exemple lorsqu&rsquo;elle affirme que l&rsquo;affiche d\u00e9ploy\u00e9e \u00e0 Aix-en-Provence a \u00e9t\u00e9 l&rsquo;\u00e9l\u00e9ment d\u00e9clencheur\u00a0\u00bb<\/em>, s&rsquo;\u00e9tonne cette source, notant que l&rsquo;homme&nbsp;<em>\u00ab\u00a0est suffisamment envahissant dans la sph\u00e8re m\u00e9diatique pour qu&rsquo;elle ait eu d&rsquo;autres occasions d&rsquo;avoir des r\u00e9miniscences.\u00a0\u00bb<\/em><\/p>\n\n\n\n<p><\/p>\n","protected":false},"excerpt":{"rendered":"<p>Dans&nbsp;un long message Facebook&nbsp;publi\u00e9 samedi 24 avril, une \u00e9lue d&rsquo;Aix-en-Provence, Ga\u00eblle Lenfant, accuse&nbsp;Eric Zemmour&nbsp;d&rsquo;agression sexuelle lors des Universit\u00e9s d&rsquo;\u00e9t\u00e9 du Parti socialiste \u00e0 La Rochelle, rapporte France Bleu Provence mardi 27 avril. Dans son message, elle d\u00e9nonce des faits qui se sont produits en 2004 ou en 2006. Si elle prend la parole maintenant, explique-t-elle, [&hellip;]<\/p>\n","protected":false},"author":2,"featured_media":18459,"comment_status":"open","ping_status":"open","sticky":false,"template":"","format":"standard","meta":{"_jetpack_memberships_contains_paid_content":false,"footnotes":"","jetpack_publicize_message":"","jetpack_publicize_feature_enabled":true,"jetpack_social_post_already_shared":true,"jetpack_social_options":{"image_generator_settings":{"template":"highway","default_image_id":0,"font":"","enabled":false},"version":2},"_wpas_customize_per_network":false},"categories":[405],"tags":[],"class_list":["post-18458","post","type-post","status-publish","format-standard","has-post-thumbnail","hentry","category-actu-france-monde"],"jetpack_publicize_connections":[],"jetpack_featured_media_url":"https:\/\/i0.wp.com\/www.iceagetv.com\/radiosite\/wp-content\/uploads\/2021\/04\/Une-%C3%A9lue-dAix-en-Provence-accuse-%C3%89ric-Zemmour-dagression-sexuelle-son-entourage-d%C3%A9nonce-une-affaire-politique.png?fit=795%2C525&ssl=1","jetpack_sharing_enabled":true,"_links":{"self":[{"href":"https:\/\/www.iceagetv.com\/radiosite\/wp-json\/wp\/v2\/posts\/18458","targetHints":{"allow":["GET"]}}],"collection":[{"href":"https:\/\/www.iceagetv.com\/radiosite\/wp-json\/wp\/v2\/posts"}],"about":[{"href":"https:\/\/www.iceagetv.com\/radiosite\/wp-json\/wp\/v2\/types\/post"}],"author":[{"embeddable":true,"href":"https:\/\/www.iceagetv.com\/radiosite\/wp-json\/wp\/v2\/users\/2"}],"replies":[{"embeddable":true,"href":"https:\/\/www.iceagetv.com\/radiosite\/wp-json\/wp\/v2\/comments?post=18458"}],"version-history":[{"count":1,"href":"https:\/\/www.iceagetv.com\/radiosite\/wp-json\/wp\/v2\/posts\/18458\/revisions"}],"predecessor-version":[{"id":18460,"href":"https:\/\/www.iceagetv.com\/radiosite\/wp-json\/wp\/v2\/posts\/18458\/revisions\/18460"}],"wp:featuredmedia":[{"embeddable":true,"href":"https:\/\/www.iceagetv.com\/radiosite\/wp-json\/wp\/v2\/media\/18459"}],"wp:attachment":[{"href":"https:\/\/www.iceagetv.com\/radiosite\/wp-json\/wp\/v2\/media?parent=18458"}],"wp:term":[{"taxonomy":"category","embeddable":true,"href":"https:\/\/www.iceagetv.com\/radiosite\/wp-json\/wp\/v2\/categories?post=18458"},{"taxonomy":"post_tag","embeddable":true,"href":"https:\/\/www.iceagetv.com\/radiosite\/wp-json\/wp\/v2\/tags?post=18458"}],"curies":[{"name":"wp","href":"https:\/\/api.w.org\/{rel}","templated":true}]}}