{"id":18464,"date":"2021-04-28T08:07:44","date_gmt":"2021-04-28T08:07:44","guid":{"rendered":"http:\/\/www.iceagetv.com\/radiosite\/?p=18464"},"modified":"2021-04-28T08:07:44","modified_gmt":"2021-04-28T08:07:44","slug":"le-presentateur-vedette-de-la-chaine-lci-philippe-ballard-annonce-quil-sera-tete-de-liste-du-rassemblement-national-pour-les-elections-regionales-en-ile-de-france","status":"publish","type":"post","link":"https:\/\/www.iceagetv.com\/radiosite\/le-presentateur-vedette-de-la-chaine-lci-philippe-ballard-annonce-quil-sera-tete-de-liste-du-rassemblement-national-pour-les-elections-regionales-en-ile-de-france\/","title":{"rendered":"Le pr\u00e9sentateur vedette de la cha\u00eene LCI, Philippe Ballard, annonce qu&rsquo;il sera t\u00eate de liste du Rassemblement National pour les \u00e9lections r\u00e9gionales en Ile-de-France"},"content":{"rendered":"\n<p>Le pr\u00e9sentateur vedette de LCI, Philippe Ballard, pr\u00e9sentateur sur la cha\u00eene d&rsquo;info du Groupe TF1, sera t\u00eate de liste du Rassemblement national dans la section de Paris pour les \u00e9lections r\u00e9gionales en Ile-de-France, a-t-il annonc\u00e9 mardi sur Twitter. \u00ab\u00a0C&rsquo;est avec un immense honneur que je serai t\u00eate de liste du Rassemblement National \u00e0 Paris pour les #R\u00e9gionales2021. Je remercie @J_Bardella et @MLP_officiel (Jordan Bardella et Marine Le Pen, ndlr) pour la confiance qu&rsquo;ils m&rsquo;accordent\u00a0\u00bb, a d\u00e9clar\u00e9 le journaliste, accompagnant son tweet d&rsquo;un article du Figaro sur l&rsquo;annonce.&nbsp;<\/p>\n\n\n\n<p>Le journaliste explique notamment faire ce choix pour sa famille mais aussi \u201cl\u2019\u00e9tat du pays\u201d. \u201cSi je m\u2019engage, c\u2019est pour mes enfants et mes petits-enfants. Pour ne pas leur laisser ce pays archip\u00e9lis\u00e9, o\u00f9 des pompiers se font caillasser et o\u00f9 l\u2019\u00e9conomie est \u00e0 genoux \u00e0 cause de cette pr\u00e9tendue mondialisation heureuse qu\u2019on nous a vendue toutes ces ann\u00e9es\u201d, dit-il au Figaro, tan\u00e7ant une gauche \u201cbisounours\u201d et une droite qui ne fait \u201cplus rien une fois au pouvoir\u201d.<\/p>\n\n\n\n<p>Encart\u00e9 au RN depuis septembre dernier, le journaliste n\u2019en est pas compl\u00e8tement \u00e0 son coup d\u2019essai puisqu\u2019il a \u00e9t\u00e9 maire adjoint sans \u00e9tiquette de sa ville de Plessis-Tr\u00e9vise pendant trois mandats, entre 1989 et 2008.<\/p>\n\n\n\n<p>Le Rassemblement national a confirm\u00e9 \u00e0 l&rsquo;AFP la candidature du journaliste. La liste du parti aux \u00e9lections r\u00e9gionales en Ile-de-France est men\u00e9e par le num\u00e9ro deux du Rassemblement national Jordan Bardella.<\/p>\n\n\n\n<p>Sollicit\u00e9e par l&rsquo;AFP, LCI a indiqu\u00e9 avoir \u00e9t\u00e9 inform\u00e9e dans la journ\u00e9e de la nouvelle et qu'\u00a0\u00bben cons\u00e9quence\u00a0\u00bb, Philippe Ballard se retirait \u00ab\u00a0naturellement de l&rsquo;antenne d\u00e8s ce jour\u00a0\u00bb. Initialement journaliste radio (Sud Radio, France Info, RTL), Philippe Ballard a int\u00e9gr\u00e9 LCI en 1994. Au fil des ann\u00e9es, le journaliste est devenu pr\u00e9sentateur r\u00e9gulier des tranches info le matin en semaine et le week-end, puis le soir. Depuis 2019, il pr\u00e9sentait \u00ab\u00a0LCI tout info\u00a0\u00bb les apr\u00e8s-midi en fin<\/p>\n\n\n\n<p><\/p>\n","protected":false},"excerpt":{"rendered":"<p>Le pr\u00e9sentateur vedette de LCI, Philippe Ballard, pr\u00e9sentateur sur la cha\u00eene d&rsquo;info du Groupe TF1, sera t\u00eate de liste du Rassemblement national dans la section de Paris pour les \u00e9lections r\u00e9gionales en Ile-de-France, a-t-il annonc\u00e9 mardi sur Twitter. \u00ab\u00a0C&rsquo;est avec un immense honneur que je serai t\u00eate de liste du Rassemblement National \u00e0 Paris pour [&hellip;]<\/p>\n","protected":false},"author":2,"featured_media":18465,"comment_status":"open","ping_status":"open","sticky":false,"template":"","format":"standard","meta":{"_jetpack_memberships_contains_paid_content":false,"footnotes":"","jetpack_publicize_message":"","jetpack_publicize_feature_enabled":true,"jetpack_social_post_already_shared":true,"jetpack_social_options":{"image_generator_settings":{"template":"highway","default_image_id":0,"font":"","enabled":false},"version":2},"_wpas_customize_per_network":false},"categories":[405],"tags":[],"class_list":["post-18464","post","type-post","status-publish","format-standard","has-post-thumbnail","hentry","category-actu-france-monde"],"jetpack_publicize_connections":[],"jetpack_featured_media_url":"https:\/\/i0.wp.com\/www.iceagetv.com\/radiosite\/wp-content\/uploads\/2021\/04\/Philippe-Ballard.png?fit=866%2C367&ssl=1","jetpack_sharing_enabled":true,"_links":{"self":[{"href":"https:\/\/www.iceagetv.com\/radiosite\/wp-json\/wp\/v2\/posts\/18464","targetHints":{"allow":["GET"]}}],"collection":[{"href":"https:\/\/www.iceagetv.com\/radiosite\/wp-json\/wp\/v2\/posts"}],"about":[{"href":"https:\/\/www.iceagetv.com\/radiosite\/wp-json\/wp\/v2\/types\/post"}],"author":[{"embeddable":true,"href":"https:\/\/www.iceagetv.com\/radiosite\/wp-json\/wp\/v2\/users\/2"}],"replies":[{"embeddable":true,"href":"https:\/\/www.iceagetv.com\/radiosite\/wp-json\/wp\/v2\/comments?post=18464"}],"version-history":[{"count":1,"href":"https:\/\/www.iceagetv.com\/radiosite\/wp-json\/wp\/v2\/posts\/18464\/revisions"}],"predecessor-version":[{"id":18466,"href":"https:\/\/www.iceagetv.com\/radiosite\/wp-json\/wp\/v2\/posts\/18464\/revisions\/18466"}],"wp:featuredmedia":[{"embeddable":true,"href":"https:\/\/www.iceagetv.com\/radiosite\/wp-json\/wp\/v2\/media\/18465"}],"wp:attachment":[{"href":"https:\/\/www.iceagetv.com\/radiosite\/wp-json\/wp\/v2\/media?parent=18464"}],"wp:term":[{"taxonomy":"category","embeddable":true,"href":"https:\/\/www.iceagetv.com\/radiosite\/wp-json\/wp\/v2\/categories?post=18464"},{"taxonomy":"post_tag","embeddable":true,"href":"https:\/\/www.iceagetv.com\/radiosite\/wp-json\/wp\/v2\/tags?post=18464"}],"curies":[{"name":"wp","href":"https:\/\/api.w.org\/{rel}","templated":true}]}}