{"id":18467,"date":"2021-04-28T13:51:56","date_gmt":"2021-04-28T13:51:56","guid":{"rendered":"http:\/\/www.iceagetv.com\/radiosite\/?p=18467"},"modified":"2021-04-28T13:51:56","modified_gmt":"2021-04-28T13:51:56","slug":"coronavirus-emmanuel-macron-presentera-vendredi-les-perspectives-du-deconfinement","status":"publish","type":"post","link":"https:\/\/www.iceagetv.com\/radiosite\/coronavirus-emmanuel-macron-presentera-vendredi-les-perspectives-du-deconfinement\/","title":{"rendered":"Coronavirus : Emmanuel Macron pr\u00e9sentera vendredi \u00ab\u00a0les perspectives\u00a0\u00bb du d\u00e9confinement"},"content":{"rendered":"\n<p> La lev\u00e9e des restrictions sanitaires va se pr\u00e9ciser. Le pr\u00e9sident s&rsquo;exprimera ce vendredi 30 avril pour\u00a0<strong>pr\u00e9senter \u00ab\u00a0les perspectives\u00a0\u00bb du d\u00e9confinement<\/strong>, a annonc\u00e9 Jean Castex \u00e0 l&rsquo;issue du Conseil des ministres ce mercredi 28 avril. Le Premier ministre a pr\u00e9cis\u00e9 que cette sortie serait \u00ab\u00a0progressive \u00e0 mesure que la campagne de vaccination se d\u00e9ploie\u00a0\u00bb. Le format de l&rsquo;intervention n&rsquo;a, en revanche, pas \u00e9t\u00e9 pr\u00e9cis\u00e9. <\/p>\n\n\n\n<p><strong>Emmanuel Macron a d&rsquo;ores et d\u00e9j\u00e0 esquiss\u00e9 un&nbsp;<\/strong><a href=\"https:\/\/www.rtl.fr\/actu\/politique\/calendrier-du-deconfinement-emmanuel-macron-precise-les-differentes-etapes-7900024548\">calendrier des r\u00e9ouvertures<\/a>. \u00ab\u00a0Les terrasses, mi-mai, on va affiner la date dans les prochains jours.&nbsp;Je ne pense pas que l&rsquo;on puisse rouvrir&nbsp;<strong>les restaurants<\/strong>, fin mai ou courant juin, dans les d\u00e9partements o\u00f9 le virus circule encore beaucoup. Mais dans d&rsquo;autres o\u00f9 \u00e7a a beaucoup baiss\u00e9, je pense qu&rsquo;il faudra les r\u00e9ouvrir\u00a0\u00bb, a d\u00e9clar\u00e9 le chef de l&rsquo;\u00c9tat.<\/p>\n\n\n\n<p><strong>Quid des lieux culturels ? L&rsquo;objectif du 15 mai est maintenu&nbsp;<\/strong>pour les&nbsp;<a href=\"https:\/\/www.rtl.fr\/sujet\/theatre\">th\u00e9\u00e2tres<\/a>, les&nbsp;<a href=\"https:\/\/www.rtl.fr\/sujet\/musee\">mus\u00e9es<\/a>&nbsp;ou les&nbsp;<a href=\"https:\/\/www.rtl.fr\/sujet\/cinema\">cin\u00e9mas<\/a>, mais avec des conditions drastiques : des jauges limit\u00e9es ou un acc\u00e8s privil\u00e9gi\u00e9 pour les scolaires. Enfin, les sportifs, eux, devront attendre au mieux d\u00e9but juin, pour aller transpirer en salles.<\/p>\n\n\n\n<p>Emmanuel Macron a annonc\u00e9 au moins<strong>&nbsp;quatre points d&rsquo;\u00e9tapes jusqu&rsquo;\u00e0 fin juin<\/strong>, avec \u00e0 chaque fois des ajustements possibles.&nbsp;<strong>Le&nbsp;<\/strong><a href=\"https:\/\/www.rtl.fr\/actu\/politique\/covid-le-gouvernement-va-essayer-de-decaler-le-couvre-feu-promet-emmanuel-macron-7900024414\">couvre-feu<\/a><strong>&nbsp;devrait quant \u00e0 lui \u00eatre all\u00e9g\u00e9<\/strong>&nbsp;dans une quinzaine de jours.&nbsp;<\/p>\n\n\n\n<p><\/p>\n","protected":false},"excerpt":{"rendered":"<p>La lev\u00e9e des restrictions sanitaires va se pr\u00e9ciser. Le pr\u00e9sident s&rsquo;exprimera ce vendredi 30 avril pour\u00a0pr\u00e9senter \u00ab\u00a0les perspectives\u00a0\u00bb du d\u00e9confinement, a annonc\u00e9 Jean Castex \u00e0 l&rsquo;issue du Conseil des ministres ce mercredi 28 avril. Le Premier ministre a pr\u00e9cis\u00e9 que cette sortie serait \u00ab\u00a0progressive \u00e0 mesure que la campagne de vaccination se d\u00e9ploie\u00a0\u00bb. Le format [&hellip;]<\/p>\n","protected":false},"author":2,"featured_media":18468,"comment_status":"open","ping_status":"open","sticky":false,"template":"","format":"standard","meta":{"_jetpack_memberships_contains_paid_content":false,"footnotes":"","jetpack_publicize_message":"","jetpack_publicize_feature_enabled":true,"jetpack_social_post_already_shared":true,"jetpack_social_options":{"image_generator_settings":{"template":"highway","default_image_id":0,"font":"","enabled":false},"version":2},"_wpas_customize_per_network":false},"categories":[405],"tags":[],"class_list":["post-18467","post","type-post","status-publish","format-standard","has-post-thumbnail","hentry","category-actu-france-monde"],"jetpack_publicize_connections":[],"jetpack_featured_media_url":"https:\/\/i0.wp.com\/www.iceagetv.com\/radiosite\/wp-content\/uploads\/2021\/04\/Emmanuel-Macron-pr%C3%A9sentera-vendredi-les-perspectives-du-d%C3%A9confinement.jpg?fit=880%2C586&ssl=1","jetpack_sharing_enabled":true,"_links":{"self":[{"href":"https:\/\/www.iceagetv.com\/radiosite\/wp-json\/wp\/v2\/posts\/18467","targetHints":{"allow":["GET"]}}],"collection":[{"href":"https:\/\/www.iceagetv.com\/radiosite\/wp-json\/wp\/v2\/posts"}],"about":[{"href":"https:\/\/www.iceagetv.com\/radiosite\/wp-json\/wp\/v2\/types\/post"}],"author":[{"embeddable":true,"href":"https:\/\/www.iceagetv.com\/radiosite\/wp-json\/wp\/v2\/users\/2"}],"replies":[{"embeddable":true,"href":"https:\/\/www.iceagetv.com\/radiosite\/wp-json\/wp\/v2\/comments?post=18467"}],"version-history":[{"count":1,"href":"https:\/\/www.iceagetv.com\/radiosite\/wp-json\/wp\/v2\/posts\/18467\/revisions"}],"predecessor-version":[{"id":18469,"href":"https:\/\/www.iceagetv.com\/radiosite\/wp-json\/wp\/v2\/posts\/18467\/revisions\/18469"}],"wp:featuredmedia":[{"embeddable":true,"href":"https:\/\/www.iceagetv.com\/radiosite\/wp-json\/wp\/v2\/media\/18468"}],"wp:attachment":[{"href":"https:\/\/www.iceagetv.com\/radiosite\/wp-json\/wp\/v2\/media?parent=18467"}],"wp:term":[{"taxonomy":"category","embeddable":true,"href":"https:\/\/www.iceagetv.com\/radiosite\/wp-json\/wp\/v2\/categories?post=18467"},{"taxonomy":"post_tag","embeddable":true,"href":"https:\/\/www.iceagetv.com\/radiosite\/wp-json\/wp\/v2\/tags?post=18467"}],"curies":[{"name":"wp","href":"https:\/\/api.w.org\/{rel}","templated":true}]}}