{"id":18471,"date":"2021-04-28T13:54:42","date_gmt":"2021-04-28T13:54:42","guid":{"rendered":"http:\/\/www.iceagetv.com\/radiosite\/?p=18471"},"modified":"2021-04-28T13:54:42","modified_gmt":"2021-04-28T13:54:42","slug":"coronavirus-pourquoi-le-gouvernement-nouvre-pas-la-vaccination-a-un-plus-large-public","status":"publish","type":"post","link":"https:\/\/www.iceagetv.com\/radiosite\/coronavirus-pourquoi-le-gouvernement-nouvre-pas-la-vaccination-a-un-plus-large-public\/","title":{"rendered":"Coronavirus : pourquoi le gouvernement n&rsquo;ouvre pas la vaccination \u00e0 un plus large public"},"content":{"rendered":"\n<p> Faut-il en finir avec les priorit\u00e9s vaccinales ? Alors que des dizaines de milliers de rendez-vous pour une premi\u00e8re injection ne sont pas r\u00e9serv\u00e9s chaque jour,\u00a0<a href=\"https:\/\/www.rtl.fr\/actu\/bien-etre\/vaccination-pourquoi-y-a-t-il-tant-de-creneaux-disponibles-au-stade-de-france-7900025045\">les appels \u00e0 \u00e9largir la vaccination<\/a>\u00a0\u00e0 un plus large public\u00a0<a href=\"https:\/\/www.rtl.fr\/actu\/bien-etre\/vaccin-contre-le-coronavirus-philippe-martin-demande-de-territorialiser-et-d-elargir-les-criteres-7900025350\">se multiplient dans l&rsquo;Hexagone<\/a>. Ce mercredi 28 avril encore, 274.000 cr\u00e9neaux \u00e9taient disponibles au matin\u00a0<a href=\"https:\/\/www.rtl.fr\/actu\/bien-etre\/covidliste-et-vite-ma-dose-deux-sites-pour-se-faire-vacciner-plus-rapidement-7900016908\">sur le site Vite Ma Dose<\/a>. La maire de Paris Anne Hidalgo a demand\u00e9 \u00e0 nouveau plus de souplesse au gouvernement, appelant \u00e0 d\u00e9brider la question de l&rsquo;\u00e2ge.<br>\u00a0<br>Pour l&rsquo;instant, le gouvernement est inflexible sur cette question. Alors que la barre symbolique des 20 millions d&rsquo;injections a \u00e9t\u00e9 franchie mardi, premi\u00e8res et deuxi\u00e8mes doses cumul\u00e9es,\u00a0<strong>l&rsquo;ex\u00e9cutif refuse d&rsquo;\u00e9largir davantage la cible vaccinale\u00a0<\/strong>et s&rsquo;en tient \u00e0 sa strat\u00e9gie initiale.\u00a0 <\/p>\n\n\n\n<p>La priorit\u00e9 reste de vacciner progressivement les personnes les plus fragiles, les plus \u00e2g\u00e9es et d\u00e9sormais certains professionnels expos\u00e9s de plus de 55 ans.&nbsp;<strong>La France ne dispose pas encore de suffisamment de doses pour \u00e9largir le spectre,<\/strong>&nbsp;ce qui implique de maintenir des cibles prioritaires. Plus de la moiti\u00e9 des 60-69 ans n&rsquo;ont pas encore re\u00e7u de dose, par exemple. L&rsquo;ex\u00e9cutif campe sur son calendrier : la prochaine \u00e9tape, c&rsquo;est le 15 mai pour les plus de 50 ans.<\/p>\n\n\n\n<h3 class=\"wp-block-heading\">Bient\u00f4t ouvert aux moins de 50 ans souffrant d&rsquo;ob\u00e9sit\u00e9 ?<\/h3>\n\n\n\n<p>La grande quantit\u00e9 de doses disponibles actuelle s&rsquo;explique par&nbsp;<strong>l&rsquo;arriv\u00e9e de vaccins Pfizer<\/strong>&nbsp;ces derniers jours, avec plus de 200.000 rendez-vous qui ont \u00e9t\u00e9 propos\u00e9s sur les plateformes. Le ministre de la Sant\u00e9 a demand\u00e9 aux personnes prioritaires de s&rsquo;inscrire. S&rsquo;il constate dans les jours qui viennent que les rendez-vous vous restent libres,&nbsp;<strong>le gouvernement n&rsquo;exclut pas d&rsquo;acc\u00e9l\u00e9rer le calendrier,<\/strong>&nbsp;comme il l&rsquo;a d\u00e9j\u00e0 fait pour les 55-60 ans il y a deux semaines. La piste la plus s\u00e9rieuse \u00e0 l&rsquo;\u00e9tude mardi \u00e9tait l&rsquo;ouverture prochaine de la vaccination aux personnes de moins de 50 ans souffrant d&rsquo;ob\u00e9sit\u00e9.<br>&nbsp;<br>L&rsquo;accumulation de cr\u00e9neaux disponibles sur les sites de prises de rendez-vous ne signifie pas que ces doses sont perdues, m\u00eame si l&rsquo;on ne dispose d&rsquo;aucun chiffre officiel sur ce point. Le gouvernement tablait sur 5% de perte \u00e0 l&rsquo;origine pour des probl\u00e8mes de transport, de conservation.&nbsp;<strong>La doctrine est justement de ne pas perdre de dose<\/strong>. Quand un centre a des flacons ouverts, il est possible de s&rsquo;inscrire sur liste d&rsquo;attente, aupr\u00e8s des centres de vaccination ou&nbsp;<a href=\"https:\/\/www.rtl.fr\/actu\/bien-etre\/covidliste-et-vite-ma-dose-deux-sites-pour-se-faire-vacciner-plus-rapidement-7900016908\">via le site CovidListe<\/a>. Il est aussi possible de faire la queue \u00e0 la fermeture des centres. Il est possible d&rsquo;\u00eatre vaccin\u00e9 sans \u00eatre \u00e9ligible. Mais les personnels soignants appellent g\u00e9n\u00e9ralement les personnes les plus \u00e2g\u00e9es en priorit\u00e9.<\/p>\n\n\n\n<p><\/p>\n","protected":false},"excerpt":{"rendered":"<p>Faut-il en finir avec les priorit\u00e9s vaccinales ? Alors que des dizaines de milliers de rendez-vous pour une premi\u00e8re injection ne sont pas r\u00e9serv\u00e9s chaque jour,\u00a0les appels \u00e0 \u00e9largir la vaccination\u00a0\u00e0 un plus large public\u00a0se multiplient dans l&rsquo;Hexagone. Ce mercredi 28 avril encore, 274.000 cr\u00e9neaux \u00e9taient disponibles au matin\u00a0sur le site Vite Ma Dose. La [&hellip;]<\/p>\n","protected":false},"author":2,"featured_media":18472,"comment_status":"open","ping_status":"open","sticky":false,"template":"","format":"standard","meta":{"_jetpack_memberships_contains_paid_content":false,"footnotes":"","jetpack_publicize_message":"","jetpack_publicize_feature_enabled":true,"jetpack_social_post_already_shared":true,"jetpack_social_options":{"image_generator_settings":{"template":"highway","default_image_id":0,"font":"","enabled":false},"version":2},"_wpas_customize_per_network":false},"categories":[405],"tags":[],"class_list":["post-18471","post","type-post","status-publish","format-standard","has-post-thumbnail","hentry","category-actu-france-monde"],"jetpack_publicize_connections":[],"jetpack_featured_media_url":"https:\/\/i0.wp.com\/www.iceagetv.com\/radiosite\/wp-content\/uploads\/2021\/04\/pourquoi-le-gouvernement-nouvre-pas-la-vaccination-%C3%A0-un-plus-large-public.jpg?fit=600%2C400&ssl=1","jetpack_sharing_enabled":true,"_links":{"self":[{"href":"https:\/\/www.iceagetv.com\/radiosite\/wp-json\/wp\/v2\/posts\/18471","targetHints":{"allow":["GET"]}}],"collection":[{"href":"https:\/\/www.iceagetv.com\/radiosite\/wp-json\/wp\/v2\/posts"}],"about":[{"href":"https:\/\/www.iceagetv.com\/radiosite\/wp-json\/wp\/v2\/types\/post"}],"author":[{"embeddable":true,"href":"https:\/\/www.iceagetv.com\/radiosite\/wp-json\/wp\/v2\/users\/2"}],"replies":[{"embeddable":true,"href":"https:\/\/www.iceagetv.com\/radiosite\/wp-json\/wp\/v2\/comments?post=18471"}],"version-history":[{"count":1,"href":"https:\/\/www.iceagetv.com\/radiosite\/wp-json\/wp\/v2\/posts\/18471\/revisions"}],"predecessor-version":[{"id":18473,"href":"https:\/\/www.iceagetv.com\/radiosite\/wp-json\/wp\/v2\/posts\/18471\/revisions\/18473"}],"wp:featuredmedia":[{"embeddable":true,"href":"https:\/\/www.iceagetv.com\/radiosite\/wp-json\/wp\/v2\/media\/18472"}],"wp:attachment":[{"href":"https:\/\/www.iceagetv.com\/radiosite\/wp-json\/wp\/v2\/media?parent=18471"}],"wp:term":[{"taxonomy":"category","embeddable":true,"href":"https:\/\/www.iceagetv.com\/radiosite\/wp-json\/wp\/v2\/categories?post=18471"},{"taxonomy":"post_tag","embeddable":true,"href":"https:\/\/www.iceagetv.com\/radiosite\/wp-json\/wp\/v2\/tags?post=18471"}],"curies":[{"name":"wp","href":"https:\/\/api.w.org\/{rel}","templated":true}]}}