{"id":18483,"date":"2021-04-29T12:56:50","date_gmt":"2021-04-29T12:56:50","guid":{"rendered":"http:\/\/www.iceagetv.com\/radiosite\/?p=18483"},"modified":"2021-04-29T12:56:50","modified_gmt":"2021-04-29T12:56:50","slug":"emmanuel-macron-nous-devoile-le-calendrier-du-retour-progressif-a-la-normale","status":"publish","type":"post","link":"https:\/\/www.iceagetv.com\/radiosite\/emmanuel-macron-nous-devoile-le-calendrier-du-retour-progressif-a-la-normale\/","title":{"rendered":"Emmanuel Macron nous d\u00e9voile le calendrier du retour progressif \u00e0 la normale"},"content":{"rendered":"\n<p>Demain, le Pr\u00e9sident Emmanuel Macron s&rsquo;exprimera dans la presse quotidienne r\u00e9gionale afin de donner les dates cl\u00e9s et les mesures de d\u00e9confinement dans le pays. Quelques heures avant la publication de cette interview, les premi\u00e8res informations viennent d&rsquo;\u00eatre communiqu\u00e9es.<\/p>\n\n\n\n<p><strong>L&rsquo;agenda des r\u00e9ouvertures se fera en quatre \u00e9tapes s&rsquo;\u00e9talant jusqu&rsquo;\u00e0 la fin du mois de juin : \u00e9tape 1 (3 mai), \u00e9tape 2 (19 mai), \u00e9tape 3 (9 juin) et \u00e9tape 4 (30 juin).<\/strong>&nbsp;R\u00e9ouvertures, couvre-feu, terrasses, restaurants, commerces, salles de sport&#8230;&nbsp;<strong>Jeanmarcmorandini.com<\/strong>&nbsp;vous propose de d\u00e9couvrir les quatre \u00e9tapes avec les mesures mises en place.<\/p>\n\n\n\n<p>.<\/p>\n\n\n\n<p><strong>Etape 1 &#8211; le lundi 3 mai<\/strong><\/p>\n\n\n\n<p>Maintien du couvre-feu \u00e0 19h<\/p>\n\n\n\n<p>Maintien du t\u00e9l\u00e9travail<\/p>\n\n\n\n<p>Statu quo sur les commerces<\/p>\n\n\n\n<p>R\u00e9ouverture des coll\u00e8ges avec une demi-jauge pour les classes de 4e et 3e<\/p>\n\n\n\n<p>R\u00e9ouverture des lyc\u00e9es en demi-jauge<\/p>\n\n\n\n<p>Fin de l&rsquo;attestation pour les d\u00e9placements en journ\u00e9e<\/p>\n\n\n\n<p>Lev\u00e9e des restrictions pour les d\u00e9placements inter-r\u00e9gionaux<\/p>\n\n\n\n<p><strong>Etape 2 &#8211; le mercredi 19 mai<\/strong><\/p>\n\n\n\n<p>D\u00e9calage du couvre-feu \u00e0 21h<\/p>\n\n\n\n<p>Maintien du t\u00e9l\u00e9travail R\u00e9ouverture des commerces dans le respect de jauges et protocoles adapt\u00e9s \u00e0 chaque lieu et activit\u00e9<\/p>\n\n\n\n<p>R\u00e9ouverture des terrasses, avec des tables de six personnes maximum<\/p>\n\n\n\n<p>R\u00e9ouverture des mus\u00e9es, monuments, cin\u00e9mas, th\u00e9\u00e2tres, salles de spectacles avec public assis, dans le respect d&rsquo;une jauge fix\u00e9e \u00e0 800 en int\u00e9rieur et 1.000 en ext\u00e9rieur<\/p>\n\n\n\n<p>R\u00e9ouverture des \u00e9tablissements sportifs de plein air et couverts pour les spectateurs, dans le respect d&rsquo;une jauge fix\u00e9e \u00e0 800 en int\u00e9rieur et 1.000 en ext\u00e9rieur<\/p>\n\n\n\n<p>Reprise des activit\u00e9s sportives dans les lieux couverts et de plein air avec protocoles adapt\u00e9s Rassemblements de plus de dix personnes sont interdits<\/p>\n\n\n\n<p><strong>Etape 3 &#8211; le mercredi 9 juin<\/strong><\/p>\n\n\n\n<p>D\u00e9calage du couvre-feu \u00e0 23h<\/p>\n\n\n\n<p>Assouplissement du t\u00e9l\u00e9travail<\/p>\n\n\n\n<p>R\u00e9ouverture des caf\u00e9s et restaurants, avec des tables de six personnes maximum, dans le respect de jauges et protocoles adapt\u00e9s \u00e0 chaque lieu et activit\u00e9<\/p>\n\n\n\n<p>Possibilit\u00e9 d&rsquo;accueillir jusqu&rsquo;\u00e0 5.000 personnes dans les lieux de culture et les \u00e9tablissements sportifs (conditionn\u00e9e \u00e0 un pass sanitaire)<\/p>\n\n\n\n<p>R\u00e9ouverture des salles de sport et \u00e9largissement de la pratique sportive aux sports de contact en plein air et sans contact en int\u00e9rieur, dans le respect de jauges et protocoles adapt\u00e9s \u00e0 chaque lieu et activit\u00e9<\/p>\n\n\n\n<p>R\u00e9ouverture des salons et foires d&rsquo;exposition, possibilit\u00e9 d&rsquo;accueillir jusqu&rsquo;\u00e0 5.000 personnes, dans le respect de jauges et protocoles adapt\u00e9s \u00e0 chaque lieu et activit\u00e9<\/p>\n\n\n\n<p>Accueil des touristes \u00e9trangers avec un pass sanitaire<\/p>\n\n\n\n<p><strong>Etape 4 &#8211; le mercredi 30 juin<\/strong><\/p>\n\n\n\n<p>Fin du couvre-feu<\/p>\n\n\n\n<p>Fin des limites de jauge selon la situation sanitaire locale dans les \u00e9tablissements recevant du public, maintien des gestes barri\u00e8res et de la distanciation sociale<\/p>\n\n\n\n<p>Possibilit\u00e9 d&rsquo;acc\u00e9der \u00e0 tout \u00e9v\u00e9nement rassemblant plus de 1.000 personnes en ext\u00e9rieur et en int\u00e9rieur (pass sanitaire)<\/p>\n\n\n\n<p>Limite maximale de public pr\u00e9sent adapt\u00e9e aux \u00e9v\u00e9nements et \u00e0 la situation sanitaire locale<\/p>\n\n\n\n<p>Les discoth\u00e8ques restent ferm\u00e9es<\/p>\n","protected":false},"excerpt":{"rendered":"<p>Demain, le Pr\u00e9sident Emmanuel Macron s&rsquo;exprimera dans la presse quotidienne r\u00e9gionale afin de donner les dates cl\u00e9s et les mesures de d\u00e9confinement dans le pays. Quelques heures avant la publication de cette interview, les premi\u00e8res informations viennent d&rsquo;\u00eatre communiqu\u00e9es. L&rsquo;agenda des r\u00e9ouvertures se fera en quatre \u00e9tapes s&rsquo;\u00e9talant jusqu&rsquo;\u00e0 la fin du mois de juin [&hellip;]<\/p>\n","protected":false},"author":2,"featured_media":18484,"comment_status":"open","ping_status":"open","sticky":false,"template":"","format":"standard","meta":{"_jetpack_memberships_contains_paid_content":false,"footnotes":"","jetpack_publicize_message":"","jetpack_publicize_feature_enabled":true,"jetpack_social_post_already_shared":true,"jetpack_social_options":{"image_generator_settings":{"template":"highway","default_image_id":0,"font":"","enabled":false},"version":2},"_wpas_customize_per_network":false},"categories":[405],"tags":[],"class_list":["post-18483","post","type-post","status-publish","format-standard","has-post-thumbnail","hentry","category-actu-france-monde"],"jetpack_publicize_connections":[],"jetpack_featured_media_url":"https:\/\/i0.wp.com\/www.iceagetv.com\/radiosite\/wp-content\/uploads\/2021\/04\/Emmanuel-Macron-nous-d%C3%A9voile-le-calendrier-du-retour-progressif-%C3%A0-la-normale.jpg?fit=679%2C293&ssl=1","jetpack_sharing_enabled":true,"_links":{"self":[{"href":"https:\/\/www.iceagetv.com\/radiosite\/wp-json\/wp\/v2\/posts\/18483","targetHints":{"allow":["GET"]}}],"collection":[{"href":"https:\/\/www.iceagetv.com\/radiosite\/wp-json\/wp\/v2\/posts"}],"about":[{"href":"https:\/\/www.iceagetv.com\/radiosite\/wp-json\/wp\/v2\/types\/post"}],"author":[{"embeddable":true,"href":"https:\/\/www.iceagetv.com\/radiosite\/wp-json\/wp\/v2\/users\/2"}],"replies":[{"embeddable":true,"href":"https:\/\/www.iceagetv.com\/radiosite\/wp-json\/wp\/v2\/comments?post=18483"}],"version-history":[{"count":1,"href":"https:\/\/www.iceagetv.com\/radiosite\/wp-json\/wp\/v2\/posts\/18483\/revisions"}],"predecessor-version":[{"id":18485,"href":"https:\/\/www.iceagetv.com\/radiosite\/wp-json\/wp\/v2\/posts\/18483\/revisions\/18485"}],"wp:featuredmedia":[{"embeddable":true,"href":"https:\/\/www.iceagetv.com\/radiosite\/wp-json\/wp\/v2\/media\/18484"}],"wp:attachment":[{"href":"https:\/\/www.iceagetv.com\/radiosite\/wp-json\/wp\/v2\/media?parent=18483"}],"wp:term":[{"taxonomy":"category","embeddable":true,"href":"https:\/\/www.iceagetv.com\/radiosite\/wp-json\/wp\/v2\/categories?post=18483"},{"taxonomy":"post_tag","embeddable":true,"href":"https:\/\/www.iceagetv.com\/radiosite\/wp-json\/wp\/v2\/tags?post=18483"}],"curies":[{"name":"wp","href":"https:\/\/api.w.org\/{rel}","templated":true}]}}