{"id":18486,"date":"2021-04-29T16:16:22","date_gmt":"2021-04-29T16:16:22","guid":{"rendered":"http:\/\/www.iceagetv.com\/radiosite\/?p=18486"},"modified":"2021-04-29T16:16:22","modified_gmt":"2021-04-29T16:16:22","slug":"coronavirus-les-eurodeputes-se-sont-prononces-en-faveur-dun-certificat-sanitaire-europeen-pour-permettre-les-voyages-dans-lunion-europeenne","status":"publish","type":"post","link":"https:\/\/www.iceagetv.com\/radiosite\/coronavirus-les-eurodeputes-se-sont-prononces-en-faveur-dun-certificat-sanitaire-europeen-pour-permettre-les-voyages-dans-lunion-europeenne\/","title":{"rendered":"Coronavirus &#8211; Les eurod\u00e9put\u00e9s se sont prononc\u00e9s en faveur d\u2019un certificat sanitaire europ\u00e9en pour permettre les voyages dans l\u2019Union europ\u00e9enne"},"content":{"rendered":"\n<p>Les eurod\u00e9put\u00e9s se sont prononc\u00e9s en faveur d\u2019un certificat sanitaire europ\u00e9en pour permettre les voyages dans l\u2019UE, mais ont introduit des amendements au texte propos\u00e9 qui augurent de n\u00e9gociations ardues avant l\u2019adoption du dispositif que Bruxelles souhaite op\u00e9rationnel avant fin juin.<\/p>\n\n\n\n<p>Le Parlement europ\u00e9en a adopt\u00e9 sa position par 540 voix, contre 119, et 31 abstentions pour un \u00ab&nbsp;certificat europ\u00e9en Covid-19&nbsp;\u00bb, selon les r\u00e9sultats annonc\u00e9s jeudi. Le texte va d\u00e9sormais faire l\u2019objet de discussions avec le Conseil, institution repr\u00e9sentant les Etats membres.<\/p>\n\n\n\n<p>Ce dispositif doit permettre aux Europ\u00e9ens d\u2019attester qu\u2019ils ont \u00e9t\u00e9 vaccin\u00e9s contre le Covid-19, qu\u2019ils ont pass\u00e9 un test PCR ou antig\u00e9nique rapide qui s\u2019est av\u00e9r\u00e9 n\u00e9gatif, ou encore qu\u2019ils sont immunis\u00e9s apr\u00e8s avoir \u00e9t\u00e9 infect\u00e9s. Il s\u2019agit d\u2019\u00e9tablir un cadre commun, alors que plusieurs pays ont d\u00e9j\u00e0 commenc\u00e9 \u00e0 mettre en place des pass sanitaires.<\/p>\n\n\n\n<p>La pr\u00e9sidente de la Commission europ\u00e9enne, Ursula von der Leyen, a salu\u00e9 ce vote comme une \u00ab&nbsp;\u00e9tape cl\u00e9&nbsp;\u00bb. \u00ab&nbsp;Nous soutiendrons et faciliterons une conclusion rapide de ces discussions&nbsp;\u00bb, a-t-elle tweet\u00e9. \u00ab&nbsp;Si nous continuons sur notre lanc\u00e9e, je suis convaincu que nous pourrons sauver l\u2019\u00e9t\u00e9&nbsp;\u00bb, a affirm\u00e9 le commissaire Didier Reynders, en charge du dossier. Mais reste \u00e0 surmonter des divergences avec les Etats membres.<\/p>\n\n\n\n<p>Pour le Parlement europ\u00e9en, les pays de l\u2019UE ne devraient pouvoir imposer aucune mesure de restriction suppl\u00e9mentaire -comme une quarantaine- \u00e0 l\u2019entr\u00e9e sur leur sol aux d\u00e9tenteurs d\u2019un tel certificat, tandis que les Etats membres veulent se r\u00e9server cette possibilit\u00e9 qui rel\u00e8ve de leur comp\u00e9tence.<\/p>\n","protected":false},"excerpt":{"rendered":"<p>Les eurod\u00e9put\u00e9s se sont prononc\u00e9s en faveur d\u2019un certificat sanitaire europ\u00e9en pour permettre les voyages dans l\u2019UE, mais ont introduit des amendements au texte propos\u00e9 qui augurent de n\u00e9gociations ardues avant l\u2019adoption du dispositif que Bruxelles souhaite op\u00e9rationnel avant fin juin. Le Parlement europ\u00e9en a adopt\u00e9 sa position par 540 voix, contre 119, et 31 [&hellip;]<\/p>\n","protected":false},"author":2,"featured_media":18487,"comment_status":"open","ping_status":"open","sticky":false,"template":"","format":"standard","meta":{"_jetpack_memberships_contains_paid_content":false,"footnotes":"","jetpack_publicize_message":"","jetpack_publicize_feature_enabled":true,"jetpack_social_post_already_shared":true,"jetpack_social_options":{"image_generator_settings":{"template":"highway","default_image_id":0,"font":"","enabled":false},"version":2},"_wpas_customize_per_network":false},"categories":[405],"tags":[],"class_list":["post-18486","post","type-post","status-publish","format-standard","has-post-thumbnail","hentry","category-actu-france-monde"],"jetpack_publicize_connections":[],"jetpack_featured_media_url":"https:\/\/i0.wp.com\/www.iceagetv.com\/radiosite\/wp-content\/uploads\/2021\/04\/Les-eurod%C3%A9put%C3%A9s-se-sont-prononc%C3%A9s-en-faveur-d%E2%80%99un-certificat-sanitaire-europ%C3%A9en-pour-permettre-les-voyages-dans-l%E2%80%99Union-europ%C3%A9enne.png?fit=552%2C253&ssl=1","jetpack_sharing_enabled":true,"_links":{"self":[{"href":"https:\/\/www.iceagetv.com\/radiosite\/wp-json\/wp\/v2\/posts\/18486","targetHints":{"allow":["GET"]}}],"collection":[{"href":"https:\/\/www.iceagetv.com\/radiosite\/wp-json\/wp\/v2\/posts"}],"about":[{"href":"https:\/\/www.iceagetv.com\/radiosite\/wp-json\/wp\/v2\/types\/post"}],"author":[{"embeddable":true,"href":"https:\/\/www.iceagetv.com\/radiosite\/wp-json\/wp\/v2\/users\/2"}],"replies":[{"embeddable":true,"href":"https:\/\/www.iceagetv.com\/radiosite\/wp-json\/wp\/v2\/comments?post=18486"}],"version-history":[{"count":1,"href":"https:\/\/www.iceagetv.com\/radiosite\/wp-json\/wp\/v2\/posts\/18486\/revisions"}],"predecessor-version":[{"id":18488,"href":"https:\/\/www.iceagetv.com\/radiosite\/wp-json\/wp\/v2\/posts\/18486\/revisions\/18488"}],"wp:featuredmedia":[{"embeddable":true,"href":"https:\/\/www.iceagetv.com\/radiosite\/wp-json\/wp\/v2\/media\/18487"}],"wp:attachment":[{"href":"https:\/\/www.iceagetv.com\/radiosite\/wp-json\/wp\/v2\/media?parent=18486"}],"wp:term":[{"taxonomy":"category","embeddable":true,"href":"https:\/\/www.iceagetv.com\/radiosite\/wp-json\/wp\/v2\/categories?post=18486"},{"taxonomy":"post_tag","embeddable":true,"href":"https:\/\/www.iceagetv.com\/radiosite\/wp-json\/wp\/v2\/tags?post=18486"}],"curies":[{"name":"wp","href":"https:\/\/api.w.org\/{rel}","templated":true}]}}