{"id":18497,"date":"2021-04-30T19:12:08","date_gmt":"2021-04-30T19:12:08","guid":{"rendered":"http:\/\/www.iceagetv.com\/radiosite\/?p=18497"},"modified":"2021-04-30T19:12:08","modified_gmt":"2021-04-30T19:12:08","slug":"le-celebre-avocat-controverse-juan-branco-vise-par-une-enquete-pour-viol-il-nie-les-faits-en-bloc-et-se-dit-catastrophe","status":"publish","type":"post","link":"https:\/\/www.iceagetv.com\/radiosite\/le-celebre-avocat-controverse-juan-branco-vise-par-une-enquete-pour-viol-il-nie-les-faits-en-bloc-et-se-dit-catastrophe\/","title":{"rendered":"Le c\u00e9l\u00e8bre avocat controvers\u00e9 Juan Branco vis\u00e9 par une enqu\u00eate pour viol &#8211; Il nie les faits en bloc et se dit \u00ab\u00a0catastroph\u00e9"},"content":{"rendered":"\n<p>Une enqu\u00eate a \u00e9t\u00e9 ouverte \u00e0 Paris pour v\u00e9rifier des all\u00e9gations de viol port\u00e9es par une jeune femme contre l&rsquo;avocat Juan Branco, qui d\u00e9crit de son c\u00f4t\u00e9 une relation consentie, a-t-on appris vendredi de source proche du dossier, confirmant une information du Parisien.<\/p>\n\n\n\n<p>La femme de 20 ans, a d\u00e9pos\u00e9 une main courante au commissariat du XIVe arrondissement de Paris jeudi, apr\u00e8s sa rencontre avec Juan Branco, selon Le Parisien.&nbsp;<em>close<\/em><em>volume_off<\/em><\/p>\n\n\n\n<p>La main courante vise \u00e0 signaler des faits aux forces de l&rsquo;ordre, sans constituer une demande d&rsquo;engagement des poursuites, contrairement \u00e0 une plainte. L&rsquo;enqu\u00eate a \u00e9t\u00e9 confi\u00e9e au premier district de la police judiciaire parisienne (1er DPJ), a pr\u00e9cis\u00e9 la source proche.<\/p>\n\n\n\n<p>Contact\u00e9 par l&rsquo;AFP, le parquet de Paris n&rsquo;a pas souhait\u00e9 faire de commentaire.<\/p>\n\n\n\n<p>Dans un long post Facebook, l&rsquo;avocat et essayiste a ni\u00e9 toute relation contrainte. Il raconte sa rencontre avec la jeune femme apr\u00e8s des \u00e9changes sur le r\u00e9seau social Instagram.&nbsp;<\/p>\n\n\n\n<p>Apr\u00e8s une balade dans Paris, le couple se serait rendu au domicile de l&rsquo;avocat. Ils auraient regard\u00e9 un film avant d&rsquo;avoir une relation sexuelle consentie, selon la version de Juan Branco.<\/p>\n\n\n\n<p>Le lendemain matin, la jeune femme l&rsquo;aurait \u00ab\u00a0embrass\u00e9\u00a0\u00bb avant de partir, assure encore l&rsquo;avocat. Elle serait revenue le soir \u00ab\u00a0froide et troubl\u00e9e\u00a0\u00bb en lui annon\u00e7ant qu&rsquo;elle avait d\u00e9pos\u00e9 une \u00ab\u00a0main courante\u00a0\u00bb sur les conseils de deux amies.<\/p>\n\n\n\n<p>Suite \u00e0 l&rsquo;article du Parisien, M. Branco a transmis \u00e0 la presse vendredi apr\u00e8s-midi un message Facebook attribu\u00e9 \u00e0 la plaignante, non v\u00e9rifiable dans l&rsquo;imm\u00e9diat, qui lui annoncerait qu&rsquo;elle entendait \u00ab\u00a0retirer\u00a0\u00bb sa main courante \u00ab\u00a0lundi\u00a0\u00bb.<\/p>\n\n\n\n<p>Juan Branco est notamment connu pour un succ\u00e8s de librairie, le pamphlet anti-Macron \u00ab\u00a0Cr\u00e9puscule\u00a0\u00bb, paru en ligne fin 2018 puis Au Diable Vauvert\/Massot en 2019.<\/p>\n\n\n\n<p>Il est devenu l&rsquo;avocat de l&rsquo;artiste russe Piotr Pavlenski dans l&rsquo;affaire de la diffusion en 2020 de la vid\u00e9o \u00e0 caract\u00e8re sexuel de l&rsquo;ex-porte-parole du gouvernement Benjamin Griveaux, alors candidat \u00e0 la mairie de Paris.&nbsp;<\/p>\n\n\n\n<p>L&rsquo;avocat a \u00e9t\u00e9 plac\u00e9 fin janvier sous le statut de t\u00e9moin assist\u00e9 dans ce dossier.&nbsp;<\/p>\n\n\n\n<p>Il fait \u00e9galement l&rsquo;objet de poursuites disciplinaires du conseil de l&rsquo;Ordre dans ce dossier.<\/p>\n","protected":false},"excerpt":{"rendered":"<p>Une enqu\u00eate a \u00e9t\u00e9 ouverte \u00e0 Paris pour v\u00e9rifier des all\u00e9gations de viol port\u00e9es par une jeune femme contre l&rsquo;avocat Juan Branco, qui d\u00e9crit de son c\u00f4t\u00e9 une relation consentie, a-t-on appris vendredi de source proche du dossier, confirmant une information du Parisien. La femme de 20 ans, a d\u00e9pos\u00e9 une main courante au commissariat [&hellip;]<\/p>\n","protected":false},"author":2,"featured_media":18498,"comment_status":"open","ping_status":"open","sticky":false,"template":"","format":"standard","meta":{"_jetpack_memberships_contains_paid_content":false,"footnotes":"","jetpack_publicize_message":"","jetpack_publicize_feature_enabled":true,"jetpack_social_post_already_shared":true,"jetpack_social_options":{"image_generator_settings":{"template":"highway","default_image_id":0,"font":"","enabled":false},"version":2},"_wpas_customize_per_network":false},"categories":[405],"tags":[],"class_list":["post-18497","post","type-post","status-publish","format-standard","has-post-thumbnail","hentry","category-actu-france-monde"],"jetpack_publicize_connections":[],"jetpack_featured_media_url":"https:\/\/i0.wp.com\/www.iceagetv.com\/radiosite\/wp-content\/uploads\/2021\/04\/Le-c%C3%A9l%C3%A8bre-avocat-controvers%C3%A9-Juan-Branco.png?fit=323%2C142&ssl=1","jetpack_sharing_enabled":true,"_links":{"self":[{"href":"https:\/\/www.iceagetv.com\/radiosite\/wp-json\/wp\/v2\/posts\/18497","targetHints":{"allow":["GET"]}}],"collection":[{"href":"https:\/\/www.iceagetv.com\/radiosite\/wp-json\/wp\/v2\/posts"}],"about":[{"href":"https:\/\/www.iceagetv.com\/radiosite\/wp-json\/wp\/v2\/types\/post"}],"author":[{"embeddable":true,"href":"https:\/\/www.iceagetv.com\/radiosite\/wp-json\/wp\/v2\/users\/2"}],"replies":[{"embeddable":true,"href":"https:\/\/www.iceagetv.com\/radiosite\/wp-json\/wp\/v2\/comments?post=18497"}],"version-history":[{"count":1,"href":"https:\/\/www.iceagetv.com\/radiosite\/wp-json\/wp\/v2\/posts\/18497\/revisions"}],"predecessor-version":[{"id":18499,"href":"https:\/\/www.iceagetv.com\/radiosite\/wp-json\/wp\/v2\/posts\/18497\/revisions\/18499"}],"wp:featuredmedia":[{"embeddable":true,"href":"https:\/\/www.iceagetv.com\/radiosite\/wp-json\/wp\/v2\/media\/18498"}],"wp:attachment":[{"href":"https:\/\/www.iceagetv.com\/radiosite\/wp-json\/wp\/v2\/media?parent=18497"}],"wp:term":[{"taxonomy":"category","embeddable":true,"href":"https:\/\/www.iceagetv.com\/radiosite\/wp-json\/wp\/v2\/categories?post=18497"},{"taxonomy":"post_tag","embeddable":true,"href":"https:\/\/www.iceagetv.com\/radiosite\/wp-json\/wp\/v2\/tags?post=18497"}],"curies":[{"name":"wp","href":"https:\/\/api.w.org\/{rel}","templated":true}]}}