{"id":18500,"date":"2021-05-01T13:00:32","date_gmt":"2021-05-01T13:00:32","guid":{"rendered":"http:\/\/www.iceagetv.com\/radiosite\/?p=18500"},"modified":"2021-05-01T13:00:32","modified_gmt":"2021-05-01T13:00:32","slug":"france-2-officialise-leviction-de-laurent-bignolas-de-telematin-et-annonce-dans-la-foulee-les-nouveaux-presentateurs-a-partir-de-septembre-thomas-sotto-et-julia-vignali-du-lundi-au-jeudi-puis-maya","status":"publish","type":"post","link":"https:\/\/www.iceagetv.com\/radiosite\/france-2-officialise-leviction-de-laurent-bignolas-de-telematin-et-annonce-dans-la-foulee-les-nouveaux-presentateurs-a-partir-de-septembre-thomas-sotto-et-julia-vignali-du-lundi-au-jeudi-puis-maya\/","title":{"rendered":"France 2 officialise l&rsquo;\u00e9viction de Laurent Bignolas de T\u00e9l\u00e9matin et annonce dans la foul\u00e9e les nouveaux pr\u00e9sentateurs \u00e0 partir de septembre : Thomas Sotto et Julia Vignali du lundi au jeudi puis Maya Lauqu\u00e9 et Damien Th\u00e9venot le we"},"content":{"rendered":"\n<p>C&rsquo;est cette date du 1er mai qui a \u00e9t\u00e9 choisie par France 2 pour annoncer de gros bouleversement au mois de septembre prochaine et l&rsquo;\u00e9viction de Laurent Bignolas. T\u00e9l\u00e9matin sera d\u00e9sormais propos\u00e9e 7 jours sur 7, avec la cr\u00e9ation d&rsquo;un nouveau rendez-vous le dimanche entre 6.30 et 8.30. Pour incarner tout au long de la semaine le magazine, deux couples de pr\u00e9sentateurs, aux profils singuliers et compl\u00e9mentaires, prendront les commandes de la matinale :<\/p>\n\n\n\n<p>&gt;<strong>&nbsp;Du lundi au jeudi : Julia Vignali qui effectue son retour \u00e0 France T\u00e9l\u00e9visions, et Thomas Sotto.<\/strong><\/p>\n\n\n\n<p><strong>&gt; Du vendredi au dimanche : Maya Lauqu\u00e9 et Damien Th\u00e9venot.<\/strong><\/p>\n\n\n\n<p>A noter que Thomas Sotto reste le joker de Laurent Delahousse \u00e0 la pr\u00e9sentation des \u00e9ditions du 20.00 week-end et du magazine 20.30. Il continue \u00e0 copr\u00e9senter Vous avez la parole avec L\u00e9a Salam\u00e9.<\/p>\n\n\n\n<p>Du lundi au vendredi, Caroline Roux reste aux commandes du rendez-vous Les 4 V\u00e9rit\u00e9s \u00e0 7.38, premi\u00e8re interview politique du matin.<\/p>\n\n\n\n<p>France 2&nbsp; pr\u00e9cise que les \u00e9quipes travaillent actuellement \u00e0 une formule renouvel\u00e9e de l\u2019\u00e9mission, dont l\u2019ADN restera \u00ab\u00a0un savant m\u00e9lange entre le news, le magazine, et la bonne humeur\u00a0\u00bb.<\/p>\n\n\n\n<p>La cha\u00eene indique \u00e9galement dans son communiqu\u00e9 : \u00ab\u00a0T\u00e9l\u00e9matin constitue un rendez-vous quotidien embl\u00e9matique et incontournable avec les Fran\u00e7ais, pl\u00e9biscit\u00e9 depuis des ann\u00e9es par un public large et familial.<\/p>\n\n\n\n<p>Dans un contexte extr\u00eamement concurrentiel, &nbsp;T\u00e9l\u00e9matin confirme son leadership dans le PAF, avec en moyenne chaque matin plus de 800&nbsp;000 t\u00e9l\u00e9spectateurs (24,7 % de PdA) et 20% de part d\u2019audience chez les actifs.<\/p>\n\n\n\n<p>Fort de cette tr\u00e8s belle dynamique et de ce socle, France T\u00e9l\u00e9visions a l\u2019ambition avec les \u00e9quipes de faire \u00e9voluer T\u00e9l\u00e9matin&nbsp;\u00e0 la rentr\u00e9e pour encore mieux r\u00e9pondre aux pr\u00e9occupations des Fran\u00e7ais et renforcer le statut, la diff\u00e9rence et le succ\u00e8s de l\u2019\u00e9mission.<\/p>\n\n\n\n<p>Nous sommes heureux que Julia Vignali, Maya Lauqu\u00e9, Thomas Sotto et Damien Th\u00e9venot aient accept\u00e9 notre proposition de relever ce fantastique d\u00e9fi, main dans la main avec les \u00e9quipes de T\u00e9l\u00e9matin et de Francetv Studio.<\/p>\n\n\n\n<p>France T\u00e9l\u00e9visions salue tout l\u2019engagement et le professionnalisme de Laurent Bignolas qui a port\u00e9 l\u2019\u00e9mission pendant quatre ans et a maintenu son leadership. Il travaille actuellement sur un nouveau projet d&rsquo;\u00e9mission. \u00ab\u00a0<\/p>\n\n\n\n<p><strong>A noter que dans son communiqu\u00e9, la cha\u00eene ne dit pas un seul mot sur Laurent Bignolas et ne prononce m\u00eame pas une seule fois le nom de l&rsquo;actuel pr\u00e9sentateur.<\/strong><\/p>\n\n\n\n<p><strong>Enfin, malgr\u00e9 les rumeurs qui circuler sur les r\u00e9seaux sociaux, il faut noter que Samuel Etienne ne figure pas dans les deux duos de pr\u00e9sentateurs qui prennent la t\u00eate de la nouvelle formule de T\u00e9l\u00e9matin.<\/strong><\/p>\n","protected":false},"excerpt":{"rendered":"<p>C&rsquo;est cette date du 1er mai qui a \u00e9t\u00e9 choisie par France 2 pour annoncer de gros bouleversement au mois de septembre prochaine et l&rsquo;\u00e9viction de Laurent Bignolas. T\u00e9l\u00e9matin sera d\u00e9sormais propos\u00e9e 7 jours sur 7, avec la cr\u00e9ation d&rsquo;un nouveau rendez-vous le dimanche entre 6.30 et 8.30. Pour incarner tout au long de la [&hellip;]<\/p>\n","protected":false},"author":2,"featured_media":18501,"comment_status":"open","ping_status":"open","sticky":false,"template":"","format":"standard","meta":{"_jetpack_memberships_contains_paid_content":false,"footnotes":"","jetpack_publicize_message":"","jetpack_publicize_feature_enabled":true,"jetpack_social_post_already_shared":true,"jetpack_social_options":{"image_generator_settings":{"template":"highway","default_image_id":0,"font":"","enabled":false},"version":2},"_wpas_customize_per_network":false},"categories":[405],"tags":[],"class_list":["post-18500","post","type-post","status-publish","format-standard","has-post-thumbnail","hentry","category-actu-france-monde"],"jetpack_publicize_connections":[],"jetpack_featured_media_url":"https:\/\/i0.wp.com\/www.iceagetv.com\/radiosite\/wp-content\/uploads\/2021\/05\/France-2-officialise-l%C3%A9viction-de-Laurent-Bignolas-de-T%C3%A9l%C3%A9matin.png?fit=872%2C377&ssl=1","jetpack_sharing_enabled":true,"_links":{"self":[{"href":"https:\/\/www.iceagetv.com\/radiosite\/wp-json\/wp\/v2\/posts\/18500","targetHints":{"allow":["GET"]}}],"collection":[{"href":"https:\/\/www.iceagetv.com\/radiosite\/wp-json\/wp\/v2\/posts"}],"about":[{"href":"https:\/\/www.iceagetv.com\/radiosite\/wp-json\/wp\/v2\/types\/post"}],"author":[{"embeddable":true,"href":"https:\/\/www.iceagetv.com\/radiosite\/wp-json\/wp\/v2\/users\/2"}],"replies":[{"embeddable":true,"href":"https:\/\/www.iceagetv.com\/radiosite\/wp-json\/wp\/v2\/comments?post=18500"}],"version-history":[{"count":1,"href":"https:\/\/www.iceagetv.com\/radiosite\/wp-json\/wp\/v2\/posts\/18500\/revisions"}],"predecessor-version":[{"id":18502,"href":"https:\/\/www.iceagetv.com\/radiosite\/wp-json\/wp\/v2\/posts\/18500\/revisions\/18502"}],"wp:featuredmedia":[{"embeddable":true,"href":"https:\/\/www.iceagetv.com\/radiosite\/wp-json\/wp\/v2\/media\/18501"}],"wp:attachment":[{"href":"https:\/\/www.iceagetv.com\/radiosite\/wp-json\/wp\/v2\/media?parent=18500"}],"wp:term":[{"taxonomy":"category","embeddable":true,"href":"https:\/\/www.iceagetv.com\/radiosite\/wp-json\/wp\/v2\/categories?post=18500"},{"taxonomy":"post_tag","embeddable":true,"href":"https:\/\/www.iceagetv.com\/radiosite\/wp-json\/wp\/v2\/tags?post=18500"}],"curies":[{"name":"wp","href":"https:\/\/api.w.org\/{rel}","templated":true}]}}