{"id":18507,"date":"2021-05-02T09:16:39","date_gmt":"2021-05-02T09:16:39","guid":{"rendered":"http:\/\/www.iceagetv.com\/radiosite\/?p=18507"},"modified":"2021-05-02T09:16:39","modified_gmt":"2021-05-02T09:16:39","slug":"mort-dun-etudiant-a-nantes-apres-avoir-ete-vaccine-avec-astrazeneca-lautopsie-renforce-le-lien-entre-le-deces-et-le-vaccin-selon-lavocat-de-la-famille-du-jeune-homme","status":"publish","type":"post","link":"https:\/\/www.iceagetv.com\/radiosite\/mort-dun-etudiant-a-nantes-apres-avoir-ete-vaccine-avec-astrazeneca-lautopsie-renforce-le-lien-entre-le-deces-et-le-vaccin-selon-lavocat-de-la-famille-du-jeune-homme\/","title":{"rendered":"Mort d&rsquo;un \u00e9tudiant \u00e0 Nantes apr\u00e8s avoir \u00e9t\u00e9 vaccin\u00e9 avec AstraZeneca : \u00ab\u00a0L&rsquo;autopsie renforce le lien entre le d\u00e9c\u00e8s et le vaccin\u00a0\u00bb selon l&rsquo;avocat de la famille du jeune homme"},"content":{"rendered":"\n<p>Le rapport d&rsquo;autopsie de l&rsquo;\u00e9tudiant en m\u00e9decine de Nantes mort apr\u00e8s avoir \u00e9t\u00e9 vaccin\u00e9 contre le Covid-19 avec le vaccin AstraZeneca \u00ab\u00a0renforce l&rsquo;hypoth\u00e8se d&rsquo;un lien de causalit\u00e9\u00a0\u00bb entre l&rsquo;injection et le d\u00e9c\u00e8s, a affirm\u00e9 samedi l&rsquo;avocat de la famille. \u00ab\u00a0L&rsquo;expertise indique que la cause du d\u00e9c\u00e8s est une thrombose abdominale (&#8230;) au niveau de la rate avec des caillots tr\u00e8s r\u00e9cents\u00a0\u00bb, a expliqu\u00e9 Me Etienne Boittin, avocat \u00e0 Saint-Nazaire.&nbsp;Le rapport ne mentionne \u00ab\u00a0aucune infection, virus, cancer ou tumeur, qui peuvent g\u00e9n\u00e9rer des thromboses\u00a0\u00bb.<\/p>\n\n\n\n<p>Ainsi, selon l&rsquo;avocat, \u00ab\u00a0le rapport d&rsquo;autopsie ne dit pas que l&rsquo;injection de l&rsquo;AstraZeneca est la cause du d\u00e9c\u00e8s. Mais il \u00e9limine un certain nombre de causes possibles et renforce l&rsquo;hypoth\u00e8se d&rsquo;un lien de causalit\u00e9 entre l&rsquo;injection de l&rsquo;AstraZeneca et la survenance du d\u00e9c\u00e8s\u00a0\u00bb. Le jeune homme avait \u00e9t\u00e9 vaccin\u00e9 le 8 mars et est d\u00e9c\u00e9d\u00e9 le 18 mars.<em>close<\/em><em>volume_off<\/em><\/p>\n\n\n\n<p>Le p\u00f4le sant\u00e9 publique du parquet de Paris s&rsquo;est saisi de trois enqu\u00eates ouvertes \u00e0 la suite de plaintes d\u00e9pos\u00e9es par les familles de personnes d\u00e9c\u00e9d\u00e9es apr\u00e8s avoir \u00e9t\u00e9 vaccin\u00e9es contre le Covid-19 avec l&rsquo;AstraZeneca.<\/p>\n\n\n\n<p>Le p\u00f4le sant\u00e9 publique, comp\u00e9tent pour mener des investigations concernant les infractions d&rsquo;une grande complexit\u00e9 li\u00e9es \u00e0 un produit de sant\u00e9, dirige d\u00e9sormais les enqu\u00eates pr\u00e9liminaires ouvertes pour \u00ab\u00a0homicide involontaire\u00a0\u00bb, apr\u00e8s le d\u00e9p\u00f4t des plaintes \u00e0 Toulouse, Paris et Nantes, et de premi\u00e8res investigations men\u00e9es par les parquets locaux.<\/p>\n\n\n\n<p>Selon Me Etienne Boittin, qui a re\u00e7u le rapport d&rsquo;autopsie mercredi soir, \u00ab\u00a0la prochaine \u00e9tape est de poursuivre les investigations d&rsquo;un point de vue m\u00e9dical et d&rsquo;un point de vue judiciaire de demander la saisine d&rsquo;un juge d&rsquo;instruction\u00a0\u00bb. Il a pr\u00e9cis\u00e9 que le rapport d&rsquo;autopsie de l&rsquo;assistante sociale morte \u00e0 38 ans \u00e0 Toulouse devrait \u00eatre connu \u00ab\u00a0la semaine prochaine\u00a0\u00bb.<\/p>\n","protected":false},"excerpt":{"rendered":"<p>Le rapport d&rsquo;autopsie de l&rsquo;\u00e9tudiant en m\u00e9decine de Nantes mort apr\u00e8s avoir \u00e9t\u00e9 vaccin\u00e9 contre le Covid-19 avec le vaccin AstraZeneca \u00ab\u00a0renforce l&rsquo;hypoth\u00e8se d&rsquo;un lien de causalit\u00e9\u00a0\u00bb entre l&rsquo;injection et le d\u00e9c\u00e8s, a affirm\u00e9 samedi l&rsquo;avocat de la famille. \u00ab\u00a0L&rsquo;expertise indique que la cause du d\u00e9c\u00e8s est une thrombose abdominale (&#8230;) au niveau de la [&hellip;]<\/p>\n","protected":false},"author":2,"featured_media":18508,"comment_status":"open","ping_status":"open","sticky":false,"template":"","format":"standard","meta":{"_jetpack_memberships_contains_paid_content":false,"footnotes":"","jetpack_publicize_message":"","jetpack_publicize_feature_enabled":true,"jetpack_social_post_already_shared":true,"jetpack_social_options":{"image_generator_settings":{"template":"highway","default_image_id":0,"font":"","enabled":false},"version":2},"_wpas_customize_per_network":false},"categories":[405],"tags":[],"class_list":["post-18507","post","type-post","status-publish","format-standard","has-post-thumbnail","hentry","category-actu-france-monde"],"jetpack_publicize_connections":[],"jetpack_featured_media_url":"https:\/\/i0.wp.com\/www.iceagetv.com\/radiosite\/wp-content\/uploads\/2021\/05\/Mort-dun-%C3%A9tudiant-%C3%A0-Nantes.png?fit=610%2C266&ssl=1","jetpack_sharing_enabled":true,"_links":{"self":[{"href":"https:\/\/www.iceagetv.com\/radiosite\/wp-json\/wp\/v2\/posts\/18507","targetHints":{"allow":["GET"]}}],"collection":[{"href":"https:\/\/www.iceagetv.com\/radiosite\/wp-json\/wp\/v2\/posts"}],"about":[{"href":"https:\/\/www.iceagetv.com\/radiosite\/wp-json\/wp\/v2\/types\/post"}],"author":[{"embeddable":true,"href":"https:\/\/www.iceagetv.com\/radiosite\/wp-json\/wp\/v2\/users\/2"}],"replies":[{"embeddable":true,"href":"https:\/\/www.iceagetv.com\/radiosite\/wp-json\/wp\/v2\/comments?post=18507"}],"version-history":[{"count":1,"href":"https:\/\/www.iceagetv.com\/radiosite\/wp-json\/wp\/v2\/posts\/18507\/revisions"}],"predecessor-version":[{"id":18509,"href":"https:\/\/www.iceagetv.com\/radiosite\/wp-json\/wp\/v2\/posts\/18507\/revisions\/18509"}],"wp:featuredmedia":[{"embeddable":true,"href":"https:\/\/www.iceagetv.com\/radiosite\/wp-json\/wp\/v2\/media\/18508"}],"wp:attachment":[{"href":"https:\/\/www.iceagetv.com\/radiosite\/wp-json\/wp\/v2\/media?parent=18507"}],"wp:term":[{"taxonomy":"category","embeddable":true,"href":"https:\/\/www.iceagetv.com\/radiosite\/wp-json\/wp\/v2\/categories?post=18507"},{"taxonomy":"post_tag","embeddable":true,"href":"https:\/\/www.iceagetv.com\/radiosite\/wp-json\/wp\/v2\/tags?post=18507"}],"curies":[{"name":"wp","href":"https:\/\/api.w.org\/{rel}","templated":true}]}}