{"id":18518,"date":"2021-05-04T16:31:08","date_gmt":"2021-05-04T16:31:08","guid":{"rendered":"http:\/\/www.iceagetv.com\/radiosite\/?p=18518"},"modified":"2021-05-04T16:31:08","modified_gmt":"2021-05-04T16:31:08","slug":"regionales-renaud-muselier-il-ny-aura-pas-daccord-a-quelque-niveau-que-ce-soit-avec-en-marche-je-conduirai-une-equipe-dont-la-colonne-vertebrale-sera-naturellement-les-rep","status":"publish","type":"post","link":"https:\/\/www.iceagetv.com\/radiosite\/regionales-renaud-muselier-il-ny-aura-pas-daccord-a-quelque-niveau-que-ce-soit-avec-en-marche-je-conduirai-une-equipe-dont-la-colonne-vertebrale-sera-naturellement-les-rep\/","title":{"rendered":"R\u00e9gionales &#8211; Renaud Muselier: \u00ab\u00a0Il n\u2019y aura pas d\u2019accord \u00e0 quelque niveau que ce soit avec En Marche\u00a0\u00bb &#8211; \u00ab\u00a0Je conduirai une \u00e9quipe dont la colonne vert\u00e9brale sera naturellement Les R\u00e9publicains\u00a0\u00bb"},"content":{"rendered":"\n<p>Le pr\u00e9sident LR sortant de la r\u00e9gion Paca, Renaud Muselier, a r\u00e9p\u00e9t\u00e9 mardi qu&rsquo;il n&rsquo;y aurait \u00abpas d\u2019accord \u00e0 quelque niveau que ce soit avec En Marche\u00bb pour les \u00e9lections r\u00e9gionales de juin. \u00abJe conduirai une \u00e9quipe dont la colonne vert\u00e9brale sera naturellement Les R\u00e9publicains\u00bb, affirme M. Muselier, d\u00e9fendant \u00abune logique de large rassemblement avec comme unique objectif faire gagner la r\u00e9gion Sud Provence-Alpes-C\u00f4te d\u2019Azur\u00bb.<\/p>\n\n\n\n<p>S&rsquo;il affirme qu&rsquo;\u00abil n\u2019y a pas et il n\u2019y aura pas d\u2019accord \u00e0 quelque niveau que ce soit avec En Marche, pas plus qu\u2019avec d\u2019autres appareils\u00bb, M. Muselier pr\u00e9cise \u00eatre \u00absensible \u00e0 tous les soutiens qui se manifestent\u00bb. Ainsi cette \u00e9quipe \u00absera fid\u00e8le \u00e0 la majorit\u00e9 r\u00e9gionale plurielle avec nos alli\u00e9s naturels et des personnalit\u00e9s de la soci\u00e9t\u00e9 civile\u00bb ainsi que \u00abtous ceux qui voudront avec nous contribuer au succ\u00e8s de notre projet r\u00e9gional\u00bb, ajoute-t-il.<\/p>\n\n\n\n<p>\u00abSur le projet, les orientations, la composition des listes, je serai le seul d\u00e9cideur\u00bb, rappelle M. Muselier qui \u00e9tudiera \u00abavec les t\u00eates de listes d\u00e9partementales\u00bb et \u00abau cas par cas chaque candidature\u00bb, sur la base de ce qu&rsquo;il a appel\u00e9 le \u00abtest PCR\u00bb (projet, comp\u00e9tence, engagement). Jugeant \u00abn\u00e9cessaire de clarifier la situation\u00bb, il s&rsquo;agace de voir que certains \u00abveulent utiliser les r\u00e9gionales pour des projets qui ne sont pas les miens\u00bb.<\/p>\n\n\n\n<p>LR a convoqu\u00e9 son comit\u00e9 strat\u00e9gique mardi apr\u00e8s l&rsquo;annonce, par Jean Castex, d&rsquo;un retrait de la liste LREM au profit de Renaud Muselier pour les r\u00e9gionales en Paca. Pour M. Muselier le soutien du Premier ministre est la \u00abreconnaissance \u00e9minente de la qualit\u00e9 de notre bilan\u00bb mais aussi \u00abune r\u00e9ponse \u00e0 la volont\u00e9 d\u2019ouverture que j\u2019ai \u00e0 plusieurs reprises exprim\u00e9es et qu\u2019il partage\u00bb. Mais cette \u00e9lection r\u00e9gionale \u00abne peut en aucun cas (&#8230;) \u00eatre l\u2019occasion de pr\u00e9parer la pr\u00e9sidentielle ou imaginer une quelconque recomposition politique\u00bb, ajoute-t-il.<\/p>\n\n\n\n<p>LR, conscient du risque d&rsquo;\u00e9tau entre LREM et le RN qui le guette \u00e0 l&rsquo;approche de 2022, pourrait prendre de nouvelles mesures lors de son comit\u00e9 strat\u00e9gique mardi matin. \u00ab\u00a0On verra comment la situation va se d\u00e9brouiller, la condamnation est vraiment unanime chez nous\u00a0\u00bb, souligne Gilles Platret, candidat LR en Bourgogne-Franche-Comt\u00e9. Lundi, Renaud Muselier a tent\u00e9 de calmer les esprits en pr\u00e9cisant qu&rsquo;il n&rsquo;y aurait sur sa liste aucun \u00ab\u00a0d\u00e9tenteur de mandats nationaux, que \u00e7a soit les ministres et les d\u00e9put\u00e9s\u00a0\u00bb &#8212; alors que la secr\u00e9taire d&rsquo;Etat Sophie Cluzel y avait annonc\u00e9 sa pr\u00e9sence, lundi dans L&rsquo;Opinion. \u00ab\u00a0Personne ne peut douter de ma loyaut\u00e9 envers ma famille politique\u00a0\u00bb, dont \u00ab\u00a0je redemanderai le soutien\u00a0\u00bb mardi, a encore affirm\u00e9 M. Muselier.<\/p>\n\n\n\n<p>Cela suffira-t-il pour les cadres de LR? Une exclusion de ce t\u00e9nor de la droite, entr\u00e9 jeune au RPR dont il fut secr\u00e9taire g\u00e9n\u00e9ral, fid\u00e8le de Jacques Chirac et ami de Christan Jacob, semble difficilement envisageable, et beaucoup estiment que lui avoir retir\u00e9 l&rsquo;investiture suffit.<\/p>\n\n\n\n<p>Une exclusion, \u00ab\u00a0ce n&rsquo;est pas le sujet, il s&rsquo;est mis lui-m\u00eame en marge de notre mouvement\u00a0\u00bb, a soulign\u00e9 le patron des s\u00e9nateurs LR Bruno Retailleau mardi sur France 2. \u00ab\u00a0Le sujet n\u2019est pas la personne mais l\u2019accord conclu avec Emmanuel Macron\u00a0\u00bb, a tweet\u00e9 la pr\u00e9sidente du conseil national du parti Annie Genevard.<\/p>\n\n\n\n<p>Dimanche, le patron des d\u00e9put\u00e9s LR Damien Abad assurait ne pas croire \u00ab\u00a0\u00e0 un syst\u00e8me des exclusions. On a d\u00e9j\u00e0 v\u00e9cu \u00e7a (&#8230;) et on en a port\u00e9 le fardeau pendant longtemps\u00a0\u00bb. Reste, pour le parti, la solution de se lancer quand m\u00eame dans la bataille \u00e9lectorale. \u00ab\u00a0Nous allons devoir trancher dans les heures qui viennent\u00a0\u00bb sur le fait de savoir \u00ab\u00a0si nous pr\u00e9sentons ou non une liste estampill\u00e9e LR\u00a0\u00bb, avait indiqu\u00e9 lundi Mme Genevard.<\/p>\n\n\n\n<p><\/p>\n\n\n\n<p><\/p>\n","protected":false},"excerpt":{"rendered":"<p>Le pr\u00e9sident LR sortant de la r\u00e9gion Paca, Renaud Muselier, a r\u00e9p\u00e9t\u00e9 mardi qu&rsquo;il n&rsquo;y aurait \u00abpas d\u2019accord \u00e0 quelque niveau que ce soit avec En Marche\u00bb pour les \u00e9lections r\u00e9gionales de juin. \u00abJe conduirai une \u00e9quipe dont la colonne vert\u00e9brale sera naturellement Les R\u00e9publicains\u00bb, affirme M. Muselier, d\u00e9fendant \u00abune logique de large rassemblement avec [&hellip;]<\/p>\n","protected":false},"author":2,"featured_media":18519,"comment_status":"open","ping_status":"open","sticky":false,"template":"","format":"standard","meta":{"_jetpack_memberships_contains_paid_content":false,"footnotes":"","jetpack_publicize_message":"","jetpack_publicize_feature_enabled":true,"jetpack_social_post_already_shared":true,"jetpack_social_options":{"image_generator_settings":{"template":"highway","default_image_id":0,"font":"","enabled":false},"version":2},"_wpas_customize_per_network":false},"categories":[405],"tags":[],"class_list":["post-18518","post","type-post","status-publish","format-standard","has-post-thumbnail","hentry","category-actu-france-monde"],"jetpack_publicize_connections":[],"jetpack_featured_media_url":"https:\/\/i0.wp.com\/www.iceagetv.com\/radiosite\/wp-content\/uploads\/2021\/05\/renaud-Muselier.png?fit=830%2C367&ssl=1","jetpack_sharing_enabled":true,"_links":{"self":[{"href":"https:\/\/www.iceagetv.com\/radiosite\/wp-json\/wp\/v2\/posts\/18518","targetHints":{"allow":["GET"]}}],"collection":[{"href":"https:\/\/www.iceagetv.com\/radiosite\/wp-json\/wp\/v2\/posts"}],"about":[{"href":"https:\/\/www.iceagetv.com\/radiosite\/wp-json\/wp\/v2\/types\/post"}],"author":[{"embeddable":true,"href":"https:\/\/www.iceagetv.com\/radiosite\/wp-json\/wp\/v2\/users\/2"}],"replies":[{"embeddable":true,"href":"https:\/\/www.iceagetv.com\/radiosite\/wp-json\/wp\/v2\/comments?post=18518"}],"version-history":[{"count":1,"href":"https:\/\/www.iceagetv.com\/radiosite\/wp-json\/wp\/v2\/posts\/18518\/revisions"}],"predecessor-version":[{"id":18520,"href":"https:\/\/www.iceagetv.com\/radiosite\/wp-json\/wp\/v2\/posts\/18518\/revisions\/18520"}],"wp:featuredmedia":[{"embeddable":true,"href":"https:\/\/www.iceagetv.com\/radiosite\/wp-json\/wp\/v2\/media\/18519"}],"wp:attachment":[{"href":"https:\/\/www.iceagetv.com\/radiosite\/wp-json\/wp\/v2\/media?parent=18518"}],"wp:term":[{"taxonomy":"category","embeddable":true,"href":"https:\/\/www.iceagetv.com\/radiosite\/wp-json\/wp\/v2\/categories?post=18518"},{"taxonomy":"post_tag","embeddable":true,"href":"https:\/\/www.iceagetv.com\/radiosite\/wp-json\/wp\/v2\/tags?post=18518"}],"curies":[{"name":"wp","href":"https:\/\/api.w.org\/{rel}","templated":true}]}}