{"id":18527,"date":"2021-05-05T11:23:48","date_gmt":"2021-05-05T11:23:48","guid":{"rendered":"http:\/\/www.iceagetv.com\/radiosite\/?p=18527"},"modified":"2021-05-05T11:23:48","modified_gmt":"2021-05-05T11:23:48","slug":"un-journaliste-francais-annonce-dans-une-video-avoir-ete-enleve-par-un-groupe-jihadiste-au-mali","status":"publish","type":"post","link":"https:\/\/www.iceagetv.com\/radiosite\/un-journaliste-francais-annonce-dans-une-video-avoir-ete-enleve-par-un-groupe-jihadiste-au-mali\/","title":{"rendered":"Un journaliste fran\u00e7ais annonce dans une vid\u00e9o avoir \u00e9t\u00e9 enlev\u00e9 par un groupe jihadiste au Mali"},"content":{"rendered":"\n<p>Le&nbsp;journaliste fran\u00e7ais Olivier Dubois affirme dans une vid\u00e9o \u00e0 la provenance ind\u00e9termin\u00e9e circulant sur les r\u00e9seaux sociaux, mercredi 5 mai, qu&rsquo;il a \u00e9t\u00e9 kidnapp\u00e9 d\u00e9but avril au&nbsp;<a href=\"https:\/\/www.francetvinfo.fr\/monde\/afrique\/mali\/\">Mali<\/a>&nbsp;par des jihadistes affili\u00e9s \u00e0 Al-Qa\u00efda. Le minist\u00e8re des Affaires \u00e9trang\u00e8res a confirm\u00e9 \u00e0 France T\u00e9l\u00e9visions la&nbsp;<em>\u00ab\u00a0disparition\u00a0\u00bb<\/em>&nbsp;d&rsquo;Olivier Dubois,&nbsp;qui a coop\u00e9r\u00e9 avec des m\u00e9dias comme la cha\u00eene France 24 ou le quotidien&nbsp;<em>Lib\u00e9ration.<\/em><\/p>\n\n\n\n<p>\u00ab\u00a0Nous sommes en contact avec sa famille ainsi qu\u2019avec les autorit\u00e9s maliennes. Nous proc\u00e9dons aux v\u00e9rifications techniques d\u2019usage.\u00a0\u00bbLe Quai d&rsquo;Orsay&nbsp;<\/p>\n\n\n\n<p>\u00e0 France T\u00e9l\u00e9visions&nbsp;<\/p>\n\n\n\n<p>Dans un br\u00e8ve vid\u00e9o d&rsquo;une vingtaine de secondes, Olivier Dubois dit avoir \u00e9t\u00e9 enlev\u00e9 le 8 avril \u00e0 Gao par le Groupe de soutien \u00e0 l&rsquo;islam et aux musulmans (GSIM), principale alliance jihadiste au Sahel, avant de s&rsquo;adresser \u00e0 sa famille, \u00e0 ses amis et aux autorit\u00e9s fran\u00e7aises<em>&nbsp;\u00ab\u00a0pour qu&rsquo;elles fassent tout ce qui est en leur pouvoir pour me faire lib\u00e9r\u00e9r\u00a0\u00bb.<\/em><\/p>\n\n\n\n<h2 class=\"wp-block-heading\">Un reporter&nbsp;\u00ab\u00a0aguerri\u00a0\u00bb&nbsp;<\/h2>\n\n\n\n<p><em>\u00ab\u00a0Olivier Dubois \u00e9tait en reportage \u00e0 Gao au Mali. Le 8 avril, il n&rsquo;est pas rentr\u00e9 \u00e0 son h\u00f4tel apr\u00e8s le d\u00e9jeuner. Ce journaliste aguerri&nbsp;<\/em><em>connaissait bien cette r\u00e9gion tr\u00e8s dangereuse de l\u2019est du pays\u00a0\u00bb<\/em>, rapporte le secr\u00e9taire g\u00e9n\u00e9ral de Reporters sans Fronti\u00e8res, Christophe Deloire.<em>&nbsp;\u00ab\u00a0Nous avons \u00e9t\u00e9 inform\u00e9s deux jours apr\u00e8s sa disparition.\u00a0\u00bb<\/em><\/p>\n","protected":false},"excerpt":{"rendered":"<p>Le&nbsp;journaliste fran\u00e7ais Olivier Dubois affirme dans une vid\u00e9o \u00e0 la provenance ind\u00e9termin\u00e9e circulant sur les r\u00e9seaux sociaux, mercredi 5 mai, qu&rsquo;il a \u00e9t\u00e9 kidnapp\u00e9 d\u00e9but avril au&nbsp;Mali&nbsp;par des jihadistes affili\u00e9s \u00e0 Al-Qa\u00efda. Le minist\u00e8re des Affaires \u00e9trang\u00e8res a confirm\u00e9 \u00e0 France T\u00e9l\u00e9visions la&nbsp;\u00ab\u00a0disparition\u00a0\u00bb&nbsp;d&rsquo;Olivier Dubois,&nbsp;qui a coop\u00e9r\u00e9 avec des m\u00e9dias comme la cha\u00eene France 24 ou [&hellip;]<\/p>\n","protected":false},"author":2,"featured_media":18528,"comment_status":"open","ping_status":"open","sticky":false,"template":"","format":"standard","meta":{"_jetpack_memberships_contains_paid_content":false,"footnotes":"","jetpack_publicize_message":"","jetpack_publicize_feature_enabled":true,"jetpack_social_post_already_shared":true,"jetpack_social_options":{"image_generator_settings":{"template":"highway","default_image_id":0,"font":"","enabled":false},"version":2},"_wpas_customize_per_network":false},"categories":[405],"tags":[],"class_list":["post-18527","post","type-post","status-publish","format-standard","has-post-thumbnail","hentry","category-actu-france-monde"],"jetpack_publicize_connections":[],"jetpack_featured_media_url":"https:\/\/i0.wp.com\/www.iceagetv.com\/radiosite\/wp-content\/uploads\/2021\/05\/Un-journaliste-fran%C3%A7ais-annonce-dans-une-vid%C3%A9o-avoir-%C3%A9t%C3%A9-enlev%C3%A9-par-un-groupe-jihadiste-au-Mali.png?fit=849%2C506&ssl=1","jetpack_sharing_enabled":true,"_links":{"self":[{"href":"https:\/\/www.iceagetv.com\/radiosite\/wp-json\/wp\/v2\/posts\/18527","targetHints":{"allow":["GET"]}}],"collection":[{"href":"https:\/\/www.iceagetv.com\/radiosite\/wp-json\/wp\/v2\/posts"}],"about":[{"href":"https:\/\/www.iceagetv.com\/radiosite\/wp-json\/wp\/v2\/types\/post"}],"author":[{"embeddable":true,"href":"https:\/\/www.iceagetv.com\/radiosite\/wp-json\/wp\/v2\/users\/2"}],"replies":[{"embeddable":true,"href":"https:\/\/www.iceagetv.com\/radiosite\/wp-json\/wp\/v2\/comments?post=18527"}],"version-history":[{"count":1,"href":"https:\/\/www.iceagetv.com\/radiosite\/wp-json\/wp\/v2\/posts\/18527\/revisions"}],"predecessor-version":[{"id":18529,"href":"https:\/\/www.iceagetv.com\/radiosite\/wp-json\/wp\/v2\/posts\/18527\/revisions\/18529"}],"wp:featuredmedia":[{"embeddable":true,"href":"https:\/\/www.iceagetv.com\/radiosite\/wp-json\/wp\/v2\/media\/18528"}],"wp:attachment":[{"href":"https:\/\/www.iceagetv.com\/radiosite\/wp-json\/wp\/v2\/media?parent=18527"}],"wp:term":[{"taxonomy":"category","embeddable":true,"href":"https:\/\/www.iceagetv.com\/radiosite\/wp-json\/wp\/v2\/categories?post=18527"},{"taxonomy":"post_tag","embeddable":true,"href":"https:\/\/www.iceagetv.com\/radiosite\/wp-json\/wp\/v2\/tags?post=18527"}],"curies":[{"name":"wp","href":"https:\/\/api.w.org\/{rel}","templated":true}]}}