{"id":18533,"date":"2021-05-06T07:08:16","date_gmt":"2021-05-06T07:08:16","guid":{"rendered":"http:\/\/www.iceagetv.com\/radiosite\/?p=18533"},"modified":"2021-05-06T07:08:16","modified_gmt":"2021-05-06T07:08:16","slug":"policier-tue-a-avignon-qui-etait-ce-fonctionnaire-en-service-de-36-ans","status":"publish","type":"post","link":"https:\/\/www.iceagetv.com\/radiosite\/policier-tue-a-avignon-qui-etait-ce-fonctionnaire-en-service-de-36-ans\/","title":{"rendered":"Policier tu\u00e9 \u00e0 Avignon : Qui \u00e9tait ce fonctionnaire en service de 36 ans ?"},"content":{"rendered":"\n<p>Les&nbsp;<a href=\"https:\/\/www.20minutes.fr\/dossier\/police\">policiers<\/a>&nbsp;sont encore sous le choc apr\u00e8s la mort de l\u2019un des leurs \u00e0&nbsp;<a href=\"https:\/\/www.20minutes.fr\/dossier\/avignon\">Avignon<\/a>, mercredi soir. La victime a \u00e9t\u00e9 vis\u00e9e par plusieurs tirs d\u2019arme \u00e0 feu alors qu\u2019elle intervenait en plein centre-ville \u00ab&nbsp;pour un attroupement sur la voie publique autour d\u2019un point de&nbsp;<a href=\"https:\/\/www.20minutes.fr\/dossier\/drogue\"><em>deal<\/em><\/a>&nbsp;\u00bb, selon le ministre de l\u2019Int\u00e9rieur, G\u00e9rald Darmanin.<\/p>\n\n\n\n<p>D\u2019apr\u00e8s des informations recueillies par l\u2019AFP, le fonctionnaire mortellement touch\u00e9 \u00e9tait&nbsp;un homme de 36 ans, pacs\u00e9 et p\u00e8re de deux enfants. \u00ab&nbsp;Deux fillettes de 5 et 7 ans&nbsp;\u00bb indique pour sa part BFMTV. Selon un syndicaliste \u00e9galement interrog\u00e9 par la cha\u00eene, le policier, pr\u00e9nomm\u00e9 Eric, \u00e9tait \u00ab&nbsp;issu d\u2019une famille de policiers&nbsp;\u00bb.<\/p>\n\n\n\n<h2 class=\"wp-block-heading\">Les policiers en civil<\/h2>\n\n\n\n<p>Avec d\u2019autres coll\u00e8gues, il avait \u00e9t\u00e9 appel\u00e9 mercredi soir pour intervenir dans le centre-ville d\u2019Avignon. A leur arriv\u00e9e sur les lieux, l\u2019\u00e9quipage a contr\u00f4l\u00e9 le groupe pr\u00e9sent sur place. C\u2019est au cours de cette intervention que l\u2019un des individus aurait fait feu \u00ab\u00a0\u00e0 plusieurs reprises\u00a0\u00bb sur le fonctionnaire de police, selon G\u00e9rald Darmanin. Les autres policiers pr\u00e9sents ont ripost\u00e9, sans pouvoir interpeller l\u2019auteur des tirs qui a pris la fuite \u2013 \u00ab\u00a0en trottinette\u00a0\u00bb, selon une source polici\u00e8re. Les policiers \u00ab\u00a0\u00e9taient en civil avec des brassards police sur un lieu tr\u00e8s sensible en mati\u00e8re de stup&rsquo;\u00a0\u00bb, a aussi pr\u00e9cis\u00e9 \u00e0 l\u2019AFP le d\u00e9l\u00e9gu\u00e9 syndical Unit\u00e9 SGP-Police Grand Sud Bruno Bartocetti. <\/p>\n","protected":false},"excerpt":{"rendered":"<p>Les&nbsp;policiers&nbsp;sont encore sous le choc apr\u00e8s la mort de l\u2019un des leurs \u00e0&nbsp;Avignon, mercredi soir. La victime a \u00e9t\u00e9 vis\u00e9e par plusieurs tirs d\u2019arme \u00e0 feu alors qu\u2019elle intervenait en plein centre-ville \u00ab&nbsp;pour un attroupement sur la voie publique autour d\u2019un point de&nbsp;deal&nbsp;\u00bb, selon le ministre de l\u2019Int\u00e9rieur, G\u00e9rald Darmanin. D\u2019apr\u00e8s des informations recueillies par [&hellip;]<\/p>\n","protected":false},"author":2,"featured_media":18534,"comment_status":"open","ping_status":"open","sticky":false,"template":"","format":"standard","meta":{"_jetpack_memberships_contains_paid_content":false,"footnotes":"","jetpack_publicize_message":"","jetpack_publicize_feature_enabled":true,"jetpack_social_post_already_shared":true,"jetpack_social_options":{"image_generator_settings":{"template":"highway","default_image_id":0,"font":"","enabled":false},"version":2},"_wpas_customize_per_network":false},"categories":[405],"tags":[],"class_list":["post-18533","post","type-post","status-publish","format-standard","has-post-thumbnail","hentry","category-actu-france-monde"],"jetpack_publicize_connections":[],"jetpack_featured_media_url":"https:\/\/i0.wp.com\/www.iceagetv.com\/radiosite\/wp-content\/uploads\/2021\/05\/Policier-tu%C3%A9-%C3%A0-Avignon.jpg?fit=2000%2C1281&ssl=1","jetpack_sharing_enabled":true,"_links":{"self":[{"href":"https:\/\/www.iceagetv.com\/radiosite\/wp-json\/wp\/v2\/posts\/18533","targetHints":{"allow":["GET"]}}],"collection":[{"href":"https:\/\/www.iceagetv.com\/radiosite\/wp-json\/wp\/v2\/posts"}],"about":[{"href":"https:\/\/www.iceagetv.com\/radiosite\/wp-json\/wp\/v2\/types\/post"}],"author":[{"embeddable":true,"href":"https:\/\/www.iceagetv.com\/radiosite\/wp-json\/wp\/v2\/users\/2"}],"replies":[{"embeddable":true,"href":"https:\/\/www.iceagetv.com\/radiosite\/wp-json\/wp\/v2\/comments?post=18533"}],"version-history":[{"count":1,"href":"https:\/\/www.iceagetv.com\/radiosite\/wp-json\/wp\/v2\/posts\/18533\/revisions"}],"predecessor-version":[{"id":18535,"href":"https:\/\/www.iceagetv.com\/radiosite\/wp-json\/wp\/v2\/posts\/18533\/revisions\/18535"}],"wp:featuredmedia":[{"embeddable":true,"href":"https:\/\/www.iceagetv.com\/radiosite\/wp-json\/wp\/v2\/media\/18534"}],"wp:attachment":[{"href":"https:\/\/www.iceagetv.com\/radiosite\/wp-json\/wp\/v2\/media?parent=18533"}],"wp:term":[{"taxonomy":"category","embeddable":true,"href":"https:\/\/www.iceagetv.com\/radiosite\/wp-json\/wp\/v2\/categories?post=18533"},{"taxonomy":"post_tag","embeddable":true,"href":"https:\/\/www.iceagetv.com\/radiosite\/wp-json\/wp\/v2\/tags?post=18533"}],"curies":[{"name":"wp","href":"https:\/\/api.w.org\/{rel}","templated":true}]}}