{"id":18536,"date":"2021-05-06T13:49:44","date_gmt":"2021-05-06T13:49:44","guid":{"rendered":"http:\/\/www.iceagetv.com\/radiosite\/?p=18536"},"modified":"2021-05-06T13:49:44","modified_gmt":"2021-05-06T13:49:44","slug":"les-festivals-en-plein-air-et-en-configuration-debout-pourront-reprendre-avec-une-jauge-de-4-m2-par-festivalier-a-partir-du-1er-juillet-annonce-la-ministre-de-la-culture-roselyne-bachelot","status":"publish","type":"post","link":"https:\/\/www.iceagetv.com\/radiosite\/les-festivals-en-plein-air-et-en-configuration-debout-pourront-reprendre-avec-une-jauge-de-4-m2-par-festivalier-a-partir-du-1er-juillet-annonce-la-ministre-de-la-culture-roselyne-bachelot\/","title":{"rendered":"Les festivals en plein air et en configuration debout pourront reprendre avec une \u00ab\u00a0jauge de 4 m2 par festivalier\u00a0\u00bb \u00e0 partir du 1er juillet, annonce la ministre de la Culture Roselyne Bachelot"},"content":{"rendered":"\n<p>Les festivals en plein air et en configuration debout pourront reprendre avec une \u00ab\u00a0jauge de 4 m2 par festivalier\u00a0\u00bb \u00e0 partir du 1er juillet, a annonc\u00e9 jeudi la ministre de la Culture Roselyne Bachelot.<\/p>\n\n\n\n<p>Cette mesure inqui\u00e8te les professionnels. \u00ab\u00a0Si on parle d&rsquo;un terrain de 4.000 m2 pour 1.000 personnes, \u00e7a peut s&rsquo;envisager, il y a des espaces suffisamment vastes pour ne pas se coller les uns aux autres. Mais si on parle d&rsquo;un carr\u00e9 de 4m2 par personne, c&rsquo;est ing\u00e9rable. Personne n&rsquo;a envie de vivre une exp\u00e9rience pareille\u00a0\u00bb, a aussit\u00f4t r\u00e9agi aupr\u00e8s l&rsquo;AFP Aur\u00e9lie Hannedouche, responsable du Syndicat des musiques actuelles (Sma).<em>close<\/em><em>volume_off<\/em><\/p>\n\n\n\n<p>\u00ab\u00a0Les festivals de plein air en configuration debout pourront reprendre, selon une jauge de 4 m2 par festivalier et dans une limite qui sera d\u00e9finie par le pr\u00e9fet en fonction des circonstances locales\u00a0\u00bb, a indiqu\u00e9 Mme Bachelot qui \u00e9tait auditionn\u00e9e par la Commission des Affaires culturelles \u00e0 l&rsquo;Assembl\u00e9e g\u00e9n\u00e9rale.<\/p>\n\n\n\n<p>De m\u00eame \u00ab\u00a0les spectacles et concerts debout seront autoris\u00e9s \u00e0 reprendre selon un protocole adapt\u00e9 et un plafond de jauge fix\u00e9 par le pr\u00e9fet au regard des circonstances locales\u00a0\u00bb, a pr\u00e9cis\u00e9 la ministre.<\/p>\n\n\n\n<p>\u00ab\u00a0Si le pr\u00e9fet nous r\u00e9pond dix jours avant une manifestation, ce sera trop tard, objecte Aur\u00e9lie Hannedouche. Nous avons 40-50 de nos adh\u00e9rents qui veulent organiser un \u00e9v\u00e9nement en juillet-ao\u00fbt, si ils n&rsquo;ont pas de r\u00e9ponse d&rsquo;ici le 15 mai, ils vont annuler, c&rsquo;est trop flou et trop risqu\u00e9\u00a0\u00bb.<\/p>\n\n\n\n<p>Mme Bachelot a dit travailler avec le ministre de l&rsquo;Economie Bruno Le Maire et le Premier ministre Jean Castex \u00ab\u00a0pour la mise en place de fonds de compensation de billetterie\u00a0\u00bb.<\/p>\n\n\n\n<p>De gros festivals de musiques actuelles, tels les Eurock\u00e9ennes ou le Hellfest, ont d\u00e9j\u00e0 annul\u00e9 devant les contraintes sanitaires.<\/p>\n\n\n\n<p>Le monde de la culture se pr\u00e9pare \u00e0 une r\u00e9ouverture progressive le 19 mai. Pour la premi\u00e8re p\u00e9riode allant jusqu&rsquo;au 8 juin avec un couvre-feu \u00e0 21H00, les mus\u00e9es, monuments et centres d&rsquo;art pourront accueillir le public selon une jauge de 8 m2 par visiteur; les salles de cin\u00e9ma et de spectacle un public dans la limite de 35% de leur plafond de jauge habituel et de 800 spectateurs; et les festivals en configuration assise selon le m\u00eame pourcentage de jauge, mais avec une limite port\u00e9e \u00e0 1.000 festivaliers.<\/p>\n\n\n\n<p>Du 9 juin au 30 juin, le couvre-feu sera d\u00e9cal\u00e9 \u00e0 23H00 et les restrictions assouplies (jauge de 4 m2 pour les mus\u00e9es et 65% pour les salles de cin\u00e9ma et de spectacle).<\/p>\n\n\n\n<p>A partir du 1er juillet, les restrictions de jauges seront lev\u00e9es pour toutes les salles et l\u00e0 o\u00f9 le public est assis.<\/p>\n","protected":false},"excerpt":{"rendered":"<p>Les festivals en plein air et en configuration debout pourront reprendre avec une \u00ab\u00a0jauge de 4 m2 par festivalier\u00a0\u00bb \u00e0 partir du 1er juillet, a annonc\u00e9 jeudi la ministre de la Culture Roselyne Bachelot. Cette mesure inqui\u00e8te les professionnels. \u00ab\u00a0Si on parle d&rsquo;un terrain de 4.000 m2 pour 1.000 personnes, \u00e7a peut s&rsquo;envisager, il y [&hellip;]<\/p>\n","protected":false},"author":2,"featured_media":18537,"comment_status":"open","ping_status":"open","sticky":false,"template":"","format":"standard","meta":{"_jetpack_memberships_contains_paid_content":false,"footnotes":"","jetpack_publicize_message":"","jetpack_publicize_feature_enabled":true,"jetpack_social_post_already_shared":true,"jetpack_social_options":{"image_generator_settings":{"template":"highway","default_image_id":0,"font":"","enabled":false},"version":2},"_wpas_customize_per_network":false},"categories":[68],"tags":[],"class_list":["post-18536","post","type-post","status-publish","format-standard","has-post-thumbnail","hentry","category-actu-culturelle"],"jetpack_publicize_connections":[],"jetpack_featured_media_url":"https:\/\/i0.wp.com\/www.iceagetv.com\/radiosite\/wp-content\/uploads\/2021\/05\/Les-festivals-en-plein-air-et-en-configuration-debout-pourront-reprendre.jpg?fit=679%2C293&ssl=1","jetpack_sharing_enabled":true,"_links":{"self":[{"href":"https:\/\/www.iceagetv.com\/radiosite\/wp-json\/wp\/v2\/posts\/18536","targetHints":{"allow":["GET"]}}],"collection":[{"href":"https:\/\/www.iceagetv.com\/radiosite\/wp-json\/wp\/v2\/posts"}],"about":[{"href":"https:\/\/www.iceagetv.com\/radiosite\/wp-json\/wp\/v2\/types\/post"}],"author":[{"embeddable":true,"href":"https:\/\/www.iceagetv.com\/radiosite\/wp-json\/wp\/v2\/users\/2"}],"replies":[{"embeddable":true,"href":"https:\/\/www.iceagetv.com\/radiosite\/wp-json\/wp\/v2\/comments?post=18536"}],"version-history":[{"count":1,"href":"https:\/\/www.iceagetv.com\/radiosite\/wp-json\/wp\/v2\/posts\/18536\/revisions"}],"predecessor-version":[{"id":18538,"href":"https:\/\/www.iceagetv.com\/radiosite\/wp-json\/wp\/v2\/posts\/18536\/revisions\/18538"}],"wp:featuredmedia":[{"embeddable":true,"href":"https:\/\/www.iceagetv.com\/radiosite\/wp-json\/wp\/v2\/media\/18537"}],"wp:attachment":[{"href":"https:\/\/www.iceagetv.com\/radiosite\/wp-json\/wp\/v2\/media?parent=18536"}],"wp:term":[{"taxonomy":"category","embeddable":true,"href":"https:\/\/www.iceagetv.com\/radiosite\/wp-json\/wp\/v2\/categories?post=18536"},{"taxonomy":"post_tag","embeddable":true,"href":"https:\/\/www.iceagetv.com\/radiosite\/wp-json\/wp\/v2\/tags?post=18536"}],"curies":[{"name":"wp","href":"https:\/\/api.w.org\/{rel}","templated":true}]}}