{"id":18548,"date":"2021-05-08T16:10:10","date_gmt":"2021-05-08T16:10:10","guid":{"rendered":"http:\/\/www.iceagetv.com\/radiosite\/?p=18548"},"modified":"2021-05-08T16:10:10","modified_gmt":"2021-05-08T16:10:10","slug":"sept-morts-dans-deux-avalanches-en-savoie-ce-samedi","status":"publish","type":"post","link":"https:\/\/www.iceagetv.com\/radiosite\/sept-morts-dans-deux-avalanches-en-savoie-ce-samedi\/","title":{"rendered":"SEPT MORTS DANS DEUX AVALANCHES EN SAVOIE CE SAMEDI"},"content":{"rendered":"\n<p>\n\nDepuis le d\u00e9but de la semaine, 12 personnes ont perdu la vie dans des avalanches dans les Alpes.<\/p>\n\n\n\n<p>Sept personnes sont mortes dans deux avalanches survenues en Savoie ce samedi, selon la pr\u00e9fecture qui avait mis en garde contre l&rsquo;instabilit\u00e9 du manteau neigeux vendredi en raison d&rsquo;un redoux des temp\u00e9ratures.<\/p>\n\n\n\n<p>La premi\u00e8re coul\u00e9e mortelle s&rsquo;est d\u00e9clench\u00e9e en fin de matin\u00e9e sur la commune de Valloire dans le secteur du col du Galibier situ\u00e9 \u00e0 2642 m\u00e8tres d&rsquo;altitude. Quatre personnes, \u00e2g\u00e9es de 42 \u00e0 76 ans et originaires des environs de Grenoble, ont perdu la vie.<\/p>\n\n\n\n<p>Deux groupes de randonneurs, compos\u00e9s de trois et deux personnes, ont \u00e9t\u00e9 emport\u00e9s et une seule d&rsquo;entre elles a surv\u00e9cu, retrouv\u00e9e en bonne sant\u00e9 par les secours. Six militaires du Peloton de gendarmerie de haute montagne (PGHM), deux h\u00e9licopt\u00e8res et deux chiens d&rsquo;avalanche avaient \u00e9t\u00e9 engag\u00e9s pour rechercher les victimes.<\/p>\n\n\n\n<h2 class=\"wp-block-heading\">Une seconde avalanche deux heures plus tard<\/h2>\n\n\n\n<p>La seconde avalanche s&rsquo;est produite vers 14 heures dans le secteur du Mont Pourri qui culmine \u00e0 3779 m\u00e8tres dans le massif de la Vanoise, de l&rsquo;autre c\u00f4t\u00e9 du d\u00e9partement. Trois personnes sont mortes, selon la pr\u00e9fecture.<\/p>\n\n\n\n<p>Les autorit\u00e9s avaient mis en garde vendredi contre un risque d&rsquo;avalanches \u00ab\u00a0particuli\u00e8rement \u00e9lev\u00e9\u00a0\u00bb ce week-end, alors que les temp\u00e9ratures se sont radoucies apr\u00e8s d&rsquo;importantes chutes de neige sur les massifs ces derniers jours.<\/p>\n\n\n\n<blockquote class=\"wp-block-quote is-layout-flow wp-block-quote-is-layout-flow\"><p>\u00ab\u00a0Avec une m\u00e9t\u00e9o comme celle d&rsquo;aujourd&rsquo;hui, c&rsquo;est tentant de sortir en montagne mais c&rsquo;est aussi extr\u00eamement pi\u00e9geux\u00a0\u00bb, a soulign\u00e9 le maire de Valloire Jean-Pierre Rougeaux.<\/p><\/blockquote>\n\n\n\n<p><\/p>\n","protected":false},"excerpt":{"rendered":"<p>Depuis le d\u00e9but de la semaine, 12 personnes ont perdu la vie dans des avalanches dans les Alpes. Sept personnes sont mortes dans deux avalanches survenues en Savoie ce samedi, selon la pr\u00e9fecture qui avait mis en garde contre l&rsquo;instabilit\u00e9 du manteau neigeux vendredi en raison d&rsquo;un redoux des temp\u00e9ratures. La premi\u00e8re coul\u00e9e mortelle s&rsquo;est [&hellip;]<\/p>\n","protected":false},"author":2,"featured_media":18549,"comment_status":"open","ping_status":"open","sticky":false,"template":"","format":"standard","meta":{"_jetpack_memberships_contains_paid_content":false,"footnotes":"","jetpack_publicize_message":"","jetpack_publicize_feature_enabled":true,"jetpack_social_post_already_shared":true,"jetpack_social_options":{"image_generator_settings":{"template":"highway","default_image_id":0,"font":"","enabled":false},"version":2},"_wpas_customize_per_network":false},"categories":[405],"tags":[],"class_list":["post-18548","post","type-post","status-publish","format-standard","has-post-thumbnail","hentry","category-actu-france-monde"],"jetpack_publicize_connections":[],"jetpack_featured_media_url":"https:\/\/i0.wp.com\/www.iceagetv.com\/radiosite\/wp-content\/uploads\/2021\/05\/SEPT-MORTS-DANS-DEUX-AVALANCHES-EN-SAVOIE-CE-SAMEDI.png?fit=785%2C203&ssl=1","jetpack_sharing_enabled":true,"_links":{"self":[{"href":"https:\/\/www.iceagetv.com\/radiosite\/wp-json\/wp\/v2\/posts\/18548","targetHints":{"allow":["GET"]}}],"collection":[{"href":"https:\/\/www.iceagetv.com\/radiosite\/wp-json\/wp\/v2\/posts"}],"about":[{"href":"https:\/\/www.iceagetv.com\/radiosite\/wp-json\/wp\/v2\/types\/post"}],"author":[{"embeddable":true,"href":"https:\/\/www.iceagetv.com\/radiosite\/wp-json\/wp\/v2\/users\/2"}],"replies":[{"embeddable":true,"href":"https:\/\/www.iceagetv.com\/radiosite\/wp-json\/wp\/v2\/comments?post=18548"}],"version-history":[{"count":1,"href":"https:\/\/www.iceagetv.com\/radiosite\/wp-json\/wp\/v2\/posts\/18548\/revisions"}],"predecessor-version":[{"id":18550,"href":"https:\/\/www.iceagetv.com\/radiosite\/wp-json\/wp\/v2\/posts\/18548\/revisions\/18550"}],"wp:featuredmedia":[{"embeddable":true,"href":"https:\/\/www.iceagetv.com\/radiosite\/wp-json\/wp\/v2\/media\/18549"}],"wp:attachment":[{"href":"https:\/\/www.iceagetv.com\/radiosite\/wp-json\/wp\/v2\/media?parent=18548"}],"wp:term":[{"taxonomy":"category","embeddable":true,"href":"https:\/\/www.iceagetv.com\/radiosite\/wp-json\/wp\/v2\/categories?post=18548"},{"taxonomy":"post_tag","embeddable":true,"href":"https:\/\/www.iceagetv.com\/radiosite\/wp-json\/wp\/v2\/tags?post=18548"}],"curies":[{"name":"wp","href":"https:\/\/api.w.org\/{rel}","templated":true}]}}