{"id":18558,"date":"2021-05-10T15:42:45","date_gmt":"2021-05-10T15:42:45","guid":{"rendered":"http:\/\/www.iceagetv.com\/radiosite\/?p=18558"},"modified":"2021-05-10T15:42:45","modified_gmt":"2021-05-10T15:42:45","slug":"le-tueur-en-serie-michel-fourniret-est-mort-aujourdhui-a-lage-de-79-ans-a-annonce-cet-apres-midi-le-procureur-de-paris","status":"publish","type":"post","link":"https:\/\/www.iceagetv.com\/radiosite\/le-tueur-en-serie-michel-fourniret-est-mort-aujourdhui-a-lage-de-79-ans-a-annonce-cet-apres-midi-le-procureur-de-paris\/","title":{"rendered":"Le tueur en s\u00e9rie Michel Fourniret est mort aujourd\u2019hui \u00e0 l\u2019\u00e2ge de 79 ans, a annonc\u00e9 cet apr\u00e8s-midi le procureur de Paris"},"content":{"rendered":"\n<p> <strong>Le tueur en s\u00e9rie Michel Fourniret, \u00e2g\u00e9 de 79 ans, \u00ab\u00a0est mort lundi \u00e0 15H00 \u00e0 l&rsquo;Unit\u00e9 hospitali\u00e8re s\u00e9curis\u00e9e interr\u00e9gionale (UHSI) de la Piti\u00e9-Salp\u00e9tri\u00e8re \u00e0 Paris\u00a0\u00bb, a annonc\u00e9 le procureur de Paris R\u00e9my Heitz \u00e0 l&rsquo;AFP.<\/strong>\u00a0Michel Fourniret, \u00e9tait hospitalis\u00e9 depuis le 28 avril dans cette unit\u00e9 d\u00e9pendante du centre p\u00e9nitentiaire de Fresnes, o\u00f9 il purgeait deux peines de prison \u00e0 perp\u00e9tuit\u00e9 pour les meurtres de huit personnes. \u00ab\u00a0Une enqu\u00eate a \u00e9t\u00e9 ouverte pour rechercher des causes de la mort, confi\u00e9e au 3e district de police judiciaire\u00a0\u00bb, a pr\u00e9cis\u00e9 le procureur.  Le tueur en s\u00e9rie Michel Fourniret, \u00e2g\u00e9 de 79 ans, est hospitalis\u00e9 \u00aben fin de vie\u00bb, a-t-on appris lundi de source proche du dossier, confirmant une information du journal Le Parisien. Il est hospitalis\u00e9 \u00e0 l\u2019Unit\u00e9 hospitali\u00e8re s\u00e9curis\u00e9e interr\u00e9gionale (UHSI) de la Piti\u00e9-Salp\u00e9tri\u00e8re \u00e0 Paris depuis le 28 avril, a indiqu\u00e9 de son c\u00f4t\u00e9 \u00e0 l\u2019AFP le minist\u00e8re de la Justice, qui ne communiquera pas sur son \u00e9tat de sant\u00e9, couvert par le secret m\u00e9dical. <\/p>\n\n\n\n<p>Selon le Parisien, \u00able septuag\u00e9naire qui souffre de probl\u00e8mes cardiaques et de la maladie d\u2019Alzheimer a \u00e9t\u00e9 plac\u00e9 dans le coma et serait consid\u00e9r\u00e9 par les m\u00e9decins comme non r\u00e9animable\u00bb. Un protocole d&rsquo;accompagnement de fin de vie a \u00e9t\u00e9 engag\u00e9, ajoute le quotidien. Les avocats de Michel Fourniret ont indiqu\u00e9 \u00e0 l&rsquo;AFP n&rsquo;avoir aucune information \u00e0 communiquer \u00e0 ce sujet.<\/p>\n\n\n\n<p>\u00abD\u00e9ception des familles pour les affaires o\u00f9 il a \u00e9t\u00e9 mis en examen : pas de proc\u00e8s le concernant, pas de possibilit\u00e9 d&rsquo;avoir les r\u00e9ponses attendues\u00bb, a r\u00e9agi aupr\u00e8s de l&rsquo;AFP Me Didier Seban, avocat de plusieurs familles de disparues, dont celle d&rsquo;Estelle Mouzin. Le tueur en s\u00e9rie a avou\u00e9 en mars 2020 sa responsabilit\u00e9 dans la mort de la fillette de 9 ans, disparue en 2003 \u00e0 Guermantes (Seine-et-Marne), dont le corps n&rsquo;a toujours pas \u00e9t\u00e9 retrouv\u00e9. \u00abD\u00e9ception pour la justice : tant d&rsquo;affaires sans r\u00e9ponse car la justice n\u2019a pas travaill\u00e9 jusqu\u2019\u00e0 ce que la juge d&rsquo;instruction Sabine Kheris reprenne ces dossiers\u00bb, a accus\u00e9 Me Seban.<\/p>\n\n\n\n<p>Surnomm\u00e9 \u00abl&rsquo;ogre des Ardennes\u00bb, Michel Fourniret a \u00e9t\u00e9 d\u00e9clar\u00e9 coupable en 2008 des meurtres de sept jeunes femmes ou adolescentes entre 1987 et 2001 et condamn\u00e9 \u00e0 la perp\u00e9tuit\u00e9 incompressible, avant d&rsquo;\u00eatre \u00e0 nouveau condamn\u00e9 en 2018 pour un assassinat crapuleux. Il est mis en examen pour quatre disparitions ou meurtres dans les dossiers d&rsquo;Estelle Mouzin, de Marie-Ang\u00e8le Domece et Joanna Parrish et enfin de Lydie Log\u00e9, une jeune femme de 29 ans disparue en 1993 dans l&rsquo;Orne.<\/p>\n\n\n\n<p><\/p>\n","protected":false},"excerpt":{"rendered":"<p>Le tueur en s\u00e9rie Michel Fourniret, \u00e2g\u00e9 de 79 ans, \u00ab\u00a0est mort lundi \u00e0 15H00 \u00e0 l&rsquo;Unit\u00e9 hospitali\u00e8re s\u00e9curis\u00e9e interr\u00e9gionale (UHSI) de la Piti\u00e9-Salp\u00e9tri\u00e8re \u00e0 Paris\u00a0\u00bb, a annonc\u00e9 le procureur de Paris R\u00e9my Heitz \u00e0 l&rsquo;AFP.\u00a0Michel Fourniret, \u00e9tait hospitalis\u00e9 depuis le 28 avril dans cette unit\u00e9 d\u00e9pendante du centre p\u00e9nitentiaire de Fresnes, o\u00f9 il purgeait [&hellip;]<\/p>\n","protected":false},"author":2,"featured_media":18559,"comment_status":"open","ping_status":"open","sticky":false,"template":"","format":"standard","meta":{"_jetpack_memberships_contains_paid_content":false,"footnotes":"","jetpack_publicize_message":"","jetpack_publicize_feature_enabled":true,"jetpack_social_post_already_shared":true,"jetpack_social_options":{"image_generator_settings":{"template":"highway","default_image_id":0,"font":"","enabled":false},"version":2},"_wpas_customize_per_network":false},"categories":[405],"tags":[],"class_list":["post-18558","post","type-post","status-publish","format-standard","has-post-thumbnail","hentry","category-actu-france-monde"],"jetpack_publicize_connections":[],"jetpack_featured_media_url":"https:\/\/i0.wp.com\/www.iceagetv.com\/radiosite\/wp-content\/uploads\/2021\/05\/Le-tueur-en-s%C3%A9rie-Michel-Fourniret-est-mort.jpg?fit=932%2C582&ssl=1","jetpack_sharing_enabled":true,"_links":{"self":[{"href":"https:\/\/www.iceagetv.com\/radiosite\/wp-json\/wp\/v2\/posts\/18558","targetHints":{"allow":["GET"]}}],"collection":[{"href":"https:\/\/www.iceagetv.com\/radiosite\/wp-json\/wp\/v2\/posts"}],"about":[{"href":"https:\/\/www.iceagetv.com\/radiosite\/wp-json\/wp\/v2\/types\/post"}],"author":[{"embeddable":true,"href":"https:\/\/www.iceagetv.com\/radiosite\/wp-json\/wp\/v2\/users\/2"}],"replies":[{"embeddable":true,"href":"https:\/\/www.iceagetv.com\/radiosite\/wp-json\/wp\/v2\/comments?post=18558"}],"version-history":[{"count":1,"href":"https:\/\/www.iceagetv.com\/radiosite\/wp-json\/wp\/v2\/posts\/18558\/revisions"}],"predecessor-version":[{"id":18560,"href":"https:\/\/www.iceagetv.com\/radiosite\/wp-json\/wp\/v2\/posts\/18558\/revisions\/18560"}],"wp:featuredmedia":[{"embeddable":true,"href":"https:\/\/www.iceagetv.com\/radiosite\/wp-json\/wp\/v2\/media\/18559"}],"wp:attachment":[{"href":"https:\/\/www.iceagetv.com\/radiosite\/wp-json\/wp\/v2\/media?parent=18558"}],"wp:term":[{"taxonomy":"category","embeddable":true,"href":"https:\/\/www.iceagetv.com\/radiosite\/wp-json\/wp\/v2\/categories?post=18558"},{"taxonomy":"post_tag","embeddable":true,"href":"https:\/\/www.iceagetv.com\/radiosite\/wp-json\/wp\/v2\/tags?post=18558"}],"curies":[{"name":"wp","href":"https:\/\/api.w.org\/{rel}","templated":true}]}}