{"id":18570,"date":"2021-05-12T11:30:30","date_gmt":"2021-05-12T11:30:30","guid":{"rendered":"http:\/\/www.iceagetv.com\/radiosite\/?p=18570"},"modified":"2021-05-12T11:30:30","modified_gmt":"2021-05-12T11:30:30","slug":"benjamin-griveaux-annonce-quil-quitte-son-mandat-de-depute-et-demissionne-den-marche-cest-un-choix-personnel-apres-de-nombreuses-annees-dediees-a-la-vie-publique","status":"publish","type":"post","link":"https:\/\/www.iceagetv.com\/radiosite\/benjamin-griveaux-annonce-quil-quitte-son-mandat-de-depute-et-demissionne-den-marche-cest-un-choix-personnel-apres-de-nombreuses-annees-dediees-a-la-vie-publique\/","title":{"rendered":"Benjamin Griveaux annonce qu&rsquo;il quitte son mandat de d\u00e9put\u00e9 et d\u00e9missionne d&rsquo;En Marche: \u00ab\u00a0C\u2019est un choix personnel apr\u00e8s de nombreuses ann\u00e9es d\u00e9di\u00e9es \u00e0 la vie publique\u00a0\u00bb"},"content":{"rendered":"\n<p>Sur son compte Facebook, ce midi, Benjamin Griveaux annonce qu&rsquo;il a d\u00e9cid\u00e9 \u00ab\u00a0de quitter [son] mandat de d\u00e9put\u00e9\u00a0\u00bb. \u00ab\u00a0J&rsquo;ai pr\u00e9sent\u00e9 hier ma d\u00e9mission \u00e0 Richard Ferrand, pr\u00e9sident de l\u2019Assembl\u00e9e nationale. C\u2019est un choix personnel qui intervient apr\u00e8s de nombreuses ann\u00e9es d\u00e9di\u00e9es \u00e0 la vie publique\u00a0\u00bb, explique-t-il sur le r\u00e9seau social.<\/p>\n\n\n\n<p>Et d&rsquo;ajouter : \u00ab\u00a0Je remercie du fond du c\u0153ur toutes celles et tous ceux qui m\u2019ont accord\u00e9 leur confiance. Je suis reconnaissant au pr\u00e9sident de la R\u00e9publique de m\u2019avoir donn\u00e9 la sienne. Je reste fid\u00e8le au projet de transformation de notre pays qu\u2019il a initi\u00e9 en 2017. Et je sais que mes coll\u00e8gues ministres et parlementaires, avec qui j\u2019ai eu l\u2019honneur de travailler, le m\u00e8neront \u00e0 bien\u00a0\u00bb.<em>close<\/em><em>volume_off<\/em><\/p>\n\n\n\n<p>\u00ab\u00a0Je m\u2019engage d\u00e9sormais dans une autre voie. J\u2019ai aim\u00e9 l\u2019\u00e9nergie d\u00e9gag\u00e9e par les entrepreneurs que j\u2019ai eu la chance de rencontrer au cours de ma vie. Cette m\u00eame \u00e9nergie m\u2019anime aujourd\u2019hui. C\u2019est pourquoi je cr\u00e9e un cabinet qui conseillera et accompagnera les dirigeants d\u2019entreprise dans leurs choix strat\u00e9giques\u00a0\u00bb, conclut-il en indiquant \u00ab\u00a0[qu&rsquo;]un nouveau chapitre s&rsquo;ouvre\u00a0\u00bb<\/p>\n","protected":false},"excerpt":{"rendered":"<p>Sur son compte Facebook, ce midi, Benjamin Griveaux annonce qu&rsquo;il a d\u00e9cid\u00e9 \u00ab\u00a0de quitter [son] mandat de d\u00e9put\u00e9\u00a0\u00bb. \u00ab\u00a0J&rsquo;ai pr\u00e9sent\u00e9 hier ma d\u00e9mission \u00e0 Richard Ferrand, pr\u00e9sident de l\u2019Assembl\u00e9e nationale. C\u2019est un choix personnel qui intervient apr\u00e8s de nombreuses ann\u00e9es d\u00e9di\u00e9es \u00e0 la vie publique\u00a0\u00bb, explique-t-il sur le r\u00e9seau social. Et d&rsquo;ajouter : \u00ab\u00a0Je remercie [&hellip;]<\/p>\n","protected":false},"author":2,"featured_media":18571,"comment_status":"open","ping_status":"open","sticky":false,"template":"","format":"standard","meta":{"_jetpack_memberships_contains_paid_content":false,"footnotes":"","jetpack_publicize_message":"","jetpack_publicize_feature_enabled":true,"jetpack_social_post_already_shared":true,"jetpack_social_options":{"image_generator_settings":{"template":"highway","default_image_id":0,"font":"","enabled":false},"version":2},"_wpas_customize_per_network":false},"categories":[405],"tags":[],"class_list":["post-18570","post","type-post","status-publish","format-standard","has-post-thumbnail","hentry","category-actu-france-monde"],"jetpack_publicize_connections":[],"jetpack_featured_media_url":"https:\/\/i0.wp.com\/www.iceagetv.com\/radiosite\/wp-content\/uploads\/2021\/05\/Benjamin-Griveaux-annonce-quil-quitte-son-mandat-de-d%C3%A9put%C3%A9-et-d%C3%A9missionne-dEn-Marche.png?fit=576%2C303&ssl=1","jetpack_sharing_enabled":true,"_links":{"self":[{"href":"https:\/\/www.iceagetv.com\/radiosite\/wp-json\/wp\/v2\/posts\/18570","targetHints":{"allow":["GET"]}}],"collection":[{"href":"https:\/\/www.iceagetv.com\/radiosite\/wp-json\/wp\/v2\/posts"}],"about":[{"href":"https:\/\/www.iceagetv.com\/radiosite\/wp-json\/wp\/v2\/types\/post"}],"author":[{"embeddable":true,"href":"https:\/\/www.iceagetv.com\/radiosite\/wp-json\/wp\/v2\/users\/2"}],"replies":[{"embeddable":true,"href":"https:\/\/www.iceagetv.com\/radiosite\/wp-json\/wp\/v2\/comments?post=18570"}],"version-history":[{"count":1,"href":"https:\/\/www.iceagetv.com\/radiosite\/wp-json\/wp\/v2\/posts\/18570\/revisions"}],"predecessor-version":[{"id":18572,"href":"https:\/\/www.iceagetv.com\/radiosite\/wp-json\/wp\/v2\/posts\/18570\/revisions\/18572"}],"wp:featuredmedia":[{"embeddable":true,"href":"https:\/\/www.iceagetv.com\/radiosite\/wp-json\/wp\/v2\/media\/18571"}],"wp:attachment":[{"href":"https:\/\/www.iceagetv.com\/radiosite\/wp-json\/wp\/v2\/media?parent=18570"}],"wp:term":[{"taxonomy":"category","embeddable":true,"href":"https:\/\/www.iceagetv.com\/radiosite\/wp-json\/wp\/v2\/categories?post=18570"},{"taxonomy":"post_tag","embeddable":true,"href":"https:\/\/www.iceagetv.com\/radiosite\/wp-json\/wp\/v2\/tags?post=18570"}],"curies":[{"name":"wp","href":"https:\/\/api.w.org\/{rel}","templated":true}]}}