{"id":18581,"date":"2021-05-13T16:37:47","date_gmt":"2021-05-13T16:37:47","guid":{"rendered":"http:\/\/www.iceagetv.com\/radiosite\/?p=18581"},"modified":"2021-05-13T16:37:47","modified_gmt":"2021-05-13T16:37:47","slug":"regionales-la-secretaire-detat-sophie-cluzel-ne-presentera-pas-de-liste-lrem-en-provence-alpes-cote-dazur-et-apporte-son-soutien-a-la-liste-lr-de-renaud-muselier","status":"publish","type":"post","link":"https:\/\/www.iceagetv.com\/radiosite\/regionales-la-secretaire-detat-sophie-cluzel-ne-presentera-pas-de-liste-lrem-en-provence-alpes-cote-dazur-et-apporte-son-soutien-a-la-liste-lr-de-renaud-muselier\/","title":{"rendered":"R\u00e9gionales : la secr\u00e9taire d&rsquo;Etat Sophie Cluzel ne pr\u00e9sentera pas de liste LREM en Provence-Alpes-C\u00f4te d&rsquo;Azur et apporte son soutien \u00e0 la liste LR de Renaud Muselier"},"content":{"rendered":"\n<p>Sophie Cluzel se retire de la course.&nbsp;La secr\u00e9taire d&rsquo;Etat aux Personnes handicap\u00e9es ne pr\u00e9sentera pas de liste de la majorit\u00e9 pr\u00e9sidentielle en&nbsp;Provence-Alpes-C\u00f4te d&rsquo;Azur pour les \u00e9lections r\u00e9gionales des 20 et 27 juin, et apporte son soutien \u00e0 l&rsquo;actuel pr\u00e9sident LR de la r\u00e9gion, Renaud Muselier, annonce-t-elle dans un communiqu\u00e9, jeudi 13 mai.&nbsp;<\/p>\n\n\n\n<p><em>\u00ab\u00a0Renaud Muselier a su entendre nos pr\u00e9occupations et su b\u00e2tir une liste de rassemblement, autour de comp\u00e9tences r\u00e9gionales o\u00f9 nos valeurs sont repr\u00e9sent\u00e9es\u00a0\u00bb<\/em>, d\u00e9fend la secr\u00e9taire d&rsquo;Etat.&nbsp;<em>\u00ab\u00a0C&rsquo;est donc en responsabilit\u00e9 que je ne pr\u00e9senterai pas de liste de la majorit\u00e9 pr\u00e9sidentielle dans notre R\u00e9gion Sud et que j&rsquo;apporte mon soutien \u00e0 la liste que conduit Renaud Muselier\u00a0\u00bb.&nbsp;<\/em><\/p>\n\n\n\n<p>Mercredi, Renaud Muselier avait confirm\u00e9 que sa liste comprendrait des membres de LREM, sans inclure Sophie Cluzel ou tout autre membre du gouvernement ou parlementaire. Cette liste repr\u00e9sente&nbsp;<em>\u00ab\u00a0la majorit\u00e9 r\u00e9gionale\u00a0\u00bb<\/em>, avait-il d\u00e9fendu aupr\u00e8s de France Bleu Azur.&nbsp;<\/p>\n\n\n\n<p>Le 2 mai, le Premier ministre, Jean Castex,&nbsp;avait annonc\u00e9 le retrait de la liste de&nbsp;Sophie Cluzel au profit de celle de Renaud Muselier, parlant&nbsp;alors de&nbsp;<em>\u00ab\u00a0recomposition politique\u00a0\u00bb<\/em>. L&rsquo;annonce avait provoqu\u00e9 un v\u00e9ritable psychodrame au sein des R\u00e9publicains. Quelques jours plus tard, le 5 mai sur franceinfo, Sophie Cluzel avait assur\u00e9 qu&rsquo;elle restait<em>&nbsp;\u00ab\u00a0candidate de la majorit\u00e9 pr\u00e9sidentielle\u00a0\u00bb<\/em>&nbsp;et que&nbsp;<em>\u00ab\u00a0la majorit\u00e9 pr\u00e9sidentielle serait repr\u00e9sent\u00e9e au premier tour des r\u00e9gionales\u00a0\u00bb<\/em>.<\/p>\n","protected":false},"excerpt":{"rendered":"<p>Sophie Cluzel se retire de la course.&nbsp;La secr\u00e9taire d&rsquo;Etat aux Personnes handicap\u00e9es ne pr\u00e9sentera pas de liste de la majorit\u00e9 pr\u00e9sidentielle en&nbsp;Provence-Alpes-C\u00f4te d&rsquo;Azur pour les \u00e9lections r\u00e9gionales des 20 et 27 juin, et apporte son soutien \u00e0 l&rsquo;actuel pr\u00e9sident LR de la r\u00e9gion, Renaud Muselier, annonce-t-elle dans un communiqu\u00e9, jeudi 13 mai.&nbsp; \u00ab\u00a0Renaud Muselier a [&hellip;]<\/p>\n","protected":false},"author":2,"featured_media":18582,"comment_status":"open","ping_status":"open","sticky":false,"template":"","format":"standard","meta":{"_jetpack_memberships_contains_paid_content":false,"footnotes":"","jetpack_publicize_message":"","jetpack_publicize_feature_enabled":true,"jetpack_social_post_already_shared":true,"jetpack_social_options":{"image_generator_settings":{"template":"highway","default_image_id":0,"font":"","enabled":false},"version":2},"_wpas_customize_per_network":false},"categories":[405],"tags":[],"class_list":["post-18581","post","type-post","status-publish","format-standard","has-post-thumbnail","hentry","category-actu-france-monde"],"jetpack_publicize_connections":[],"jetpack_featured_media_url":"https:\/\/i0.wp.com\/www.iceagetv.com\/radiosite\/wp-content\/uploads\/2021\/05\/la-secr%C3%A9taire-dEtat-Sophie-Cluzel.png?fit=837%2C503&ssl=1","jetpack_sharing_enabled":true,"_links":{"self":[{"href":"https:\/\/www.iceagetv.com\/radiosite\/wp-json\/wp\/v2\/posts\/18581","targetHints":{"allow":["GET"]}}],"collection":[{"href":"https:\/\/www.iceagetv.com\/radiosite\/wp-json\/wp\/v2\/posts"}],"about":[{"href":"https:\/\/www.iceagetv.com\/radiosite\/wp-json\/wp\/v2\/types\/post"}],"author":[{"embeddable":true,"href":"https:\/\/www.iceagetv.com\/radiosite\/wp-json\/wp\/v2\/users\/2"}],"replies":[{"embeddable":true,"href":"https:\/\/www.iceagetv.com\/radiosite\/wp-json\/wp\/v2\/comments?post=18581"}],"version-history":[{"count":1,"href":"https:\/\/www.iceagetv.com\/radiosite\/wp-json\/wp\/v2\/posts\/18581\/revisions"}],"predecessor-version":[{"id":18583,"href":"https:\/\/www.iceagetv.com\/radiosite\/wp-json\/wp\/v2\/posts\/18581\/revisions\/18583"}],"wp:featuredmedia":[{"embeddable":true,"href":"https:\/\/www.iceagetv.com\/radiosite\/wp-json\/wp\/v2\/media\/18582"}],"wp:attachment":[{"href":"https:\/\/www.iceagetv.com\/radiosite\/wp-json\/wp\/v2\/media?parent=18581"}],"wp:term":[{"taxonomy":"category","embeddable":true,"href":"https:\/\/www.iceagetv.com\/radiosite\/wp-json\/wp\/v2\/categories?post=18581"},{"taxonomy":"post_tag","embeddable":true,"href":"https:\/\/www.iceagetv.com\/radiosite\/wp-json\/wp\/v2\/tags?post=18581"}],"curies":[{"name":"wp","href":"https:\/\/api.w.org\/{rel}","templated":true}]}}