{"id":18587,"date":"2021-05-14T11:06:54","date_gmt":"2021-05-14T11:06:54","guid":{"rendered":"http:\/\/www.iceagetv.com\/radiosite\/?p=18587"},"modified":"2021-05-14T11:06:54","modified_gmt":"2021-05-14T11:06:54","slug":"loire-un-policier-est-dans-le-coma-apres-avoir-recu-un-projectile-au-cours-dune-intervention-la-nuit-derniere-lindividu-est-toujours-en-fuite-et-recherche","status":"publish","type":"post","link":"https:\/\/www.iceagetv.com\/radiosite\/loire-un-policier-est-dans-le-coma-apres-avoir-recu-un-projectile-au-cours-dune-intervention-la-nuit-derniere-lindividu-est-toujours-en-fuite-et-recherche\/","title":{"rendered":"Loire : Un policier est dans le coma apr\u00e8s avoir re\u00e7u un projectile au cours d&rsquo;une intervention la nuit derni\u00e8re &#8211; L&rsquo;individu est toujours en fuite et recherch\u00e9"},"content":{"rendered":"\n<p> <strong>Le policier bless\u00e9 souffre d&rsquo;un h\u00e9matome sous-dural. Un premier temps transport\u00e9 dans un h\u00f4pital local, il a ensuite \u00e9t\u00e9 transf\u00e9r\u00e9 \u00e0 Saint-\u00c9tienne au petit matin.<\/strong>\u00a0Alors qu&rsquo;il devait \u00eatre op\u00e9r\u00e9 dans la matin\u00e9e, le policier est tomb\u00e9 dans le coma. En d\u00e9placement \u00e0 Lille ce vendredi, le ministre de l&rsquo;Int\u00e9rieur a indiqu\u00e9 s&rsquo;\u00eatre inform\u00e9 de sa sant\u00e9 et lui souhaiter \u00ab\u00a0le meilleur r\u00e9tablissement possible\u00a0\u00bb. \u00ab\u00a0C&rsquo;est le quotidien des policiers et gendarmes d&rsquo;\u00eatre malheureusement agress\u00e9s dans leurs fonctions\u00a0\u00bb, a d\u00e9plor\u00e9 G\u00e9rald Darmanin, rappelant que 8000 policiers et gendarmes sont bless\u00e9s chaque ann\u00e9e.  <strong><a rel=\"noreferrer noopener\" href=\"https:\/\/www.leprogres.fr\/faits-divers-justice\/2021\/05\/14\/un-policier-en-reanimation-apres-avoir-ete-agresse-a-rive-de-gier\" target=\"_blank\">Selon Le Progr\u00e8s<\/a>, l\u2019intervention des forces de l\u2019ordre dans le quartier du Grand-Pont \u00e0 Rive-de-Gier a d\u00e9g\u00e9n\u00e9r\u00e9, dans la nuit du jeudi au vendredi 14 mai. Aux alentours de minuit<\/strong>, un \u00e9quipage de police est appel\u00e9 pour des tapages nocturnes et des tirs de feux d\u2019artifice, boulevard des Provinces. Un groupe d\u2019une dizaine de jeunes individus se trouve dehors et ne respecte pas le couvre-feu. \u00c0 l\u2019arriv\u00e9e des fonctionnaires de police, la situation s\u2019envenime. <\/p>\n\n\n\n<p>Le groupe se met \u00e0 lancer des projectiles vers les forces de l\u2019ordre. Un policier \u00e2g\u00e9 de 51 ans est touch\u00e9 \u00e0 la t\u00eate par une bouteille en verre. Il tombe inanim\u00e9 au sol.<\/p>\n\n\n\n<p>Pris en charge par les secours, il a \u00e9t\u00e9 transport\u00e9 en urgence absolue \u00e0 l\u2019h\u00f4pital Nord. Il a \u00e9t\u00e9 op\u00e9r\u00e9 dans la nuit et se trouve, depuis, en r\u00e9animation dans un \u00e9tat grave.<\/p>\n\n\n\n<p><\/p>\n","protected":false},"excerpt":{"rendered":"<p>Le policier bless\u00e9 souffre d&rsquo;un h\u00e9matome sous-dural. Un premier temps transport\u00e9 dans un h\u00f4pital local, il a ensuite \u00e9t\u00e9 transf\u00e9r\u00e9 \u00e0 Saint-\u00c9tienne au petit matin.\u00a0Alors qu&rsquo;il devait \u00eatre op\u00e9r\u00e9 dans la matin\u00e9e, le policier est tomb\u00e9 dans le coma. En d\u00e9placement \u00e0 Lille ce vendredi, le ministre de l&rsquo;Int\u00e9rieur a indiqu\u00e9 s&rsquo;\u00eatre inform\u00e9 de sa [&hellip;]<\/p>\n","protected":false},"author":2,"featured_media":18588,"comment_status":"open","ping_status":"open","sticky":false,"template":"","format":"standard","meta":{"_jetpack_memberships_contains_paid_content":false,"footnotes":"","jetpack_publicize_message":"","jetpack_publicize_feature_enabled":true,"jetpack_social_post_already_shared":true,"jetpack_social_options":{"image_generator_settings":{"template":"highway","default_image_id":0,"font":"","enabled":false},"version":2},"_wpas_customize_per_network":false},"categories":[405],"tags":[],"class_list":["post-18587","post","type-post","status-publish","format-standard","has-post-thumbnail","hentry","category-actu-france-monde"],"jetpack_publicize_connections":[],"jetpack_featured_media_url":"https:\/\/i0.wp.com\/www.iceagetv.com\/radiosite\/wp-content\/uploads\/2021\/05\/Un-policier-est-dans-le-coma-apr%C3%A8s-avoir-re%C3%A7u-un-projectile-au-cours-dune-intervention-la-nuit-derni%C3%A8re.jpg?fit=679%2C293&ssl=1","jetpack_sharing_enabled":true,"_links":{"self":[{"href":"https:\/\/www.iceagetv.com\/radiosite\/wp-json\/wp\/v2\/posts\/18587","targetHints":{"allow":["GET"]}}],"collection":[{"href":"https:\/\/www.iceagetv.com\/radiosite\/wp-json\/wp\/v2\/posts"}],"about":[{"href":"https:\/\/www.iceagetv.com\/radiosite\/wp-json\/wp\/v2\/types\/post"}],"author":[{"embeddable":true,"href":"https:\/\/www.iceagetv.com\/radiosite\/wp-json\/wp\/v2\/users\/2"}],"replies":[{"embeddable":true,"href":"https:\/\/www.iceagetv.com\/radiosite\/wp-json\/wp\/v2\/comments?post=18587"}],"version-history":[{"count":1,"href":"https:\/\/www.iceagetv.com\/radiosite\/wp-json\/wp\/v2\/posts\/18587\/revisions"}],"predecessor-version":[{"id":18589,"href":"https:\/\/www.iceagetv.com\/radiosite\/wp-json\/wp\/v2\/posts\/18587\/revisions\/18589"}],"wp:featuredmedia":[{"embeddable":true,"href":"https:\/\/www.iceagetv.com\/radiosite\/wp-json\/wp\/v2\/media\/18588"}],"wp:attachment":[{"href":"https:\/\/www.iceagetv.com\/radiosite\/wp-json\/wp\/v2\/media?parent=18587"}],"wp:term":[{"taxonomy":"category","embeddable":true,"href":"https:\/\/www.iceagetv.com\/radiosite\/wp-json\/wp\/v2\/categories?post=18587"},{"taxonomy":"post_tag","embeddable":true,"href":"https:\/\/www.iceagetv.com\/radiosite\/wp-json\/wp\/v2\/tags?post=18587"}],"curies":[{"name":"wp","href":"https:\/\/api.w.org\/{rel}","templated":true}]}}