{"id":18612,"date":"2021-05-18T16:09:11","date_gmt":"2021-05-18T16:09:11","guid":{"rendered":"http:\/\/www.iceagetv.com\/radiosite\/?p=18612"},"modified":"2021-05-18T16:09:11","modified_gmt":"2021-05-18T16:09:11","slug":"emmanuel-macron-annonce-que-la-chaine-france-4-qui-devait-cesser-demettre-le-20-aout-prochain-continuera-finalement-demettre","status":"publish","type":"post","link":"https:\/\/www.iceagetv.com\/radiosite\/emmanuel-macron-annonce-que-la-chaine-france-4-qui-devait-cesser-demettre-le-20-aout-prochain-continuera-finalement-demettre\/","title":{"rendered":"Emmanuel Macron annonce que la cha\u00eene France 4, qui devait cesser d&rsquo;\u00e9mettre le 20 ao\u00fbt prochain, continuera finalement d&rsquo;\u00e9mettre"},"content":{"rendered":"\n<p> C&rsquo;est dans un message post\u00e9 sur Twitter qu&rsquo;Emmanuel Macron annonce que la cha\u00eene France 4, qui devait cesser d&rsquo;\u00e9mettre le 20 ao\u00fbt prochain, continuera finalement d&rsquo;\u00e9mettre.<br>Sur le r\u00e9seau social, le pr\u00e9sident \u00e9crit: \u00ab\u00a0Cha\u00eene de l\u2019animation et de l\u2019\u00e9ducation, France 4 a pris une place \u00e0 part dans les foyers, notamment depuis la pand\u00e9mie.\u00a0\u00bb. Et d&rsquo;ajouter: \u00ab\u00a0Je souhaite qu\u2019elle poursuive sa mission autour de deux axes : jeunesse en journ\u00e9e, culture en soir\u00e9e, pour prolonger le succ\u00e8s de l\u2019exp\u00e9rience Culturebox.\u00a0\u00bb <\/p>\n\n\n\n<p>Le 4 juin 2018, dans le cadre d&rsquo;une grande r\u00e9forme de l&rsquo;audiovisuel public,&nbsp;Fran\u00e7oise Nyssen&nbsp;(Ministre de la Culture) annonce que le canal 14 de la TNT doit \u00eatre&nbsp;\u00ab&nbsp;lib\u00e9r\u00e9&nbsp;\u00bb&nbsp;par&nbsp;France T\u00e9l\u00e9visions, ce qui permettra \u00e0&nbsp;l&rsquo;\u00c9tat&nbsp;\u00ab&nbsp;d&rsquo;investir dans l&rsquo;offre \u00e0 la demande qui correspond \u00e0 un usage en pleine expansion, notamment chez les jeunes&nbsp;\u00bb&nbsp;d\u00e9clare-t-elle. Cette d\u00e9claration acte la mort de la cha\u00eene de t\u00e9l\u00e9vision France 4 avant 2022, au profit d&rsquo;une offre num\u00e9rique donc, destin\u00e9e aux plus jeunes t\u00e9l\u00e9spectateurs. La question de la fin de France 4 semblait d\u00e9j\u00e0 se poser au sein de l&rsquo;opinion publique, de la presse, et m\u00eame du gouvernement, quelques mois auparavant. Cette d\u00e9cision a cependant d\u00e9clench\u00e9 de nombreuses protestations, auteurs et producteurs d&rsquo;animation s&rsquo;inqui\u00e9tant d&rsquo;un risque d&rsquo;appauvrissement de la diversit\u00e9 cr\u00e9ative.<\/p>\n\n\n\n<p>\u00c9galement, cette suppression pourrait avoir pour cons\u00e9quence de faire passer la cha\u00eene&nbsp;France Info&nbsp;sur le canal 14 de la&nbsp;TNT, en concurrence frontale directe avec&nbsp;BFMTV&nbsp;(canal 15) et&nbsp;CNews&nbsp;(canal 16), en vue d&rsquo;am\u00e9liorer sa visibilit\u00e9 et son audience. N\u00e9anmoins, un article des&nbsp;\u00c9chos&nbsp;publi\u00e9 en mai 2019 explique que selon plusieurs sources,&nbsp;\u00ab&nbsp;le calendrier n&rsquo;est pas fig\u00e9. Il faudra attendre que la plate-forme num\u00e9rique soit suffisamment puissante pour arr\u00eater la diffusion hertzienne&nbsp;\u00bb. En&nbsp;janvier 2020, le site&nbsp;Le Monde&nbsp;annonce que les cha\u00eenes France 4 et&nbsp;France \u00d4&nbsp;dispara\u00eetront le&nbsp;9&nbsp;ao\u00fbt&nbsp;2020. Finalement la ministre de la Culture&nbsp;Roselyne Bachelot, en ao\u00fbt 2020, annonce un sursis d&rsquo;un an. Elle \u00e9voque la raison du&nbsp;\u00ab&nbsp;contexte sanitaire incertain&nbsp;\u00bb&nbsp;car la cha\u00eene diffusera des programmes scolaires apr\u00e8s la sortie de l&rsquo;\u00e9cole, \u00e0 la rentr\u00e9e, ou en journ\u00e9e, en cas de reconfinement25.<\/p>\n\n\n\n<p>Fin 2019, France T\u00e9l\u00e9visions lance la marque&nbsp;Okoo, avec une plateforme web destin\u00e9e aux enfants de 3 \u00e0 12 ans, qui remplace&nbsp;Ludo&nbsp;et&nbsp;Zouzous&nbsp;en plus d&rsquo;\u00eatre une marque jeunesse. \u00c0 terme, il est pr\u00e9vu que cette plateforme soit \u00e9galement d\u00e9clin\u00e9e en cha\u00eene de t\u00e9l\u00e9vision (Web TV) et remplace France 4 apr\u00e8s son arr\u00eat pr\u00e9vu le 21 ao\u00fbt 2021.<\/p>\n\n\n\n<p>En janvier 2021, un rapport intitul\u00e9 \u00ab&nbsp;mission flash&nbsp;\u00bb est remis \u00e0 l&rsquo;assembl\u00e9e nationale par deux d\u00e9put\u00e9s en faveur de la sauvegarde de France 4,&nbsp;B\u00e9atrice Piron&nbsp;(LREM) et&nbsp;Maxime Minot&nbsp;(LR), charg\u00e9s d&rsquo;\u00e9tudier l&rsquo;offre jeunesse sur les antennes du service public t\u00e9l\u00e9visuel. Ce rapport juge \u00ab&nbsp;qu\u2019une cha\u00eene d\u00e9di\u00e9e \u00e0 la jeunesse est un acquis pr\u00e9cieux pour la t\u00e9l\u00e9vision publique&nbsp;\u00bb et reprend l&rsquo;ensemble des arguments de ceux qui soutiennent le maintien de France 4.<\/p>\n\n\n\n<p>Durant le&nbsp;premier confinement&nbsp;d\u00fb \u00e0 la&nbsp;pand\u00e9mie de Covid-19&nbsp;d\u00e9but\u00e9 en&nbsp;mars 2020, France 4 subit un changement complet de programme pour permettre un soutien scolaire quotidien aux \u00e9l\u00e8ves, de l&rsquo;\u00e9cole \u00e9l\u00e9mentaire&nbsp;au&nbsp;lyc\u00e9e. Cette programmation,&nbsp;La Maison Lumni, permet \u00e0 la cha\u00eene d&rsquo;obtenir de bons scores d&rsquo;audience, atteignant plus d&rsquo;un million de t\u00e9l\u00e9spectateurs en mars en moyenne pour l&rsquo;\u00e9mission consacr\u00e9e aux plus jeunes, soit 16&nbsp;% de part d&rsquo;audience. Cette nouvelle utilit\u00e9 de France 4 remet en cause sa disparition pr\u00e9vue, et ce jusqu&rsquo;au minist\u00e8re de la Culture.&nbsp;Delphine Ernotte&nbsp;annonce que les cours t\u00e9l\u00e9visuels seront maintenus jusqu\u2019au 4 juillet, date des vacances d\u2019\u00e9t\u00e9 et que des programmes \u00e9ducatifs seront diffus\u00e9s tout l\u2019\u00e9t\u00e9 voire jusqu\u2019\u00e0 la fin de l\u2019ann\u00e9e 2020. Apr\u00e8s l&rsquo;annonce de son ann\u00e9e de sursis, France 4 d\u00e9cide de mettre l&rsquo;accent, \u00e0 la rentr\u00e9e de septembre, sur des programmes \u00e9ducatifs.<\/p>\n\n\n\n<p>\u00c0 partir du&nbsp;3 mai 2021, la cha\u00eene temporaire&nbsp;Culturebox, cr\u00e9\u00e9e en f\u00e9vrier sur le canal 19, devient une cha\u00eene \u00e0 mi-temps avec France 4, occupant le canal 14 en soir\u00e9e, de&nbsp;20&nbsp;<abbr title=\"heures\">h<\/abbr>&nbsp;10&nbsp;\u00e0&nbsp;5&nbsp;<abbr title=\"heures\">h<\/abbr>. Cet arrangement est pr\u00e9vu jusqu&rsquo;en&nbsp;ao\u00fbt 2021.<\/p>\n\n\n\n<p>En mai 2021, plus d&rsquo;une quarantaine de s\u00e9nateurs, \u00e9lus de tous bords, appellent le gouvernement \u00e0 revenir sur sa d\u00e9cision de supprimer la cha\u00eene. Ils insistent sur l&rsquo;importance de ses programmes pour la jeunesse tout en soulignant que le b\u00e9n\u00e9fice \u00e9conomique d&rsquo;une suppression serait d\u00e9risoire.<\/p>\n\n\n\n<p><\/p>\n","protected":false},"excerpt":{"rendered":"<p>C&rsquo;est dans un message post\u00e9 sur Twitter qu&rsquo;Emmanuel Macron annonce que la cha\u00eene France 4, qui devait cesser d&rsquo;\u00e9mettre le 20 ao\u00fbt prochain, continuera finalement d&rsquo;\u00e9mettre.Sur le r\u00e9seau social, le pr\u00e9sident \u00e9crit: \u00ab\u00a0Cha\u00eene de l\u2019animation et de l\u2019\u00e9ducation, France 4 a pris une place \u00e0 part dans les foyers, notamment depuis la pand\u00e9mie.\u00a0\u00bb. Et d&rsquo;ajouter: [&hellip;]<\/p>\n","protected":false},"author":2,"featured_media":18613,"comment_status":"open","ping_status":"open","sticky":false,"template":"","format":"standard","meta":{"_jetpack_memberships_contains_paid_content":false,"footnotes":"","jetpack_publicize_message":"","jetpack_publicize_feature_enabled":true,"jetpack_social_post_already_shared":true,"jetpack_social_options":{"image_generator_settings":{"template":"highway","default_image_id":0,"font":"","enabled":false},"version":2},"_wpas_customize_per_network":false},"categories":[405],"tags":[],"class_list":["post-18612","post","type-post","status-publish","format-standard","has-post-thumbnail","hentry","category-actu-france-monde"],"jetpack_publicize_connections":[],"jetpack_featured_media_url":"https:\/\/i0.wp.com\/www.iceagetv.com\/radiosite\/wp-content\/uploads\/2021\/05\/Emmanuel-Macron-annonce-que-la-cha%C3%AEne-France-4-qui-devait-cesser-d%C3%A9mettre-le-20-ao%C3%BBt-prochain-continuera-finalement-d%C3%A9mettr.jpg?fit=679%2C293&ssl=1","jetpack_sharing_enabled":true,"_links":{"self":[{"href":"https:\/\/www.iceagetv.com\/radiosite\/wp-json\/wp\/v2\/posts\/18612","targetHints":{"allow":["GET"]}}],"collection":[{"href":"https:\/\/www.iceagetv.com\/radiosite\/wp-json\/wp\/v2\/posts"}],"about":[{"href":"https:\/\/www.iceagetv.com\/radiosite\/wp-json\/wp\/v2\/types\/post"}],"author":[{"embeddable":true,"href":"https:\/\/www.iceagetv.com\/radiosite\/wp-json\/wp\/v2\/users\/2"}],"replies":[{"embeddable":true,"href":"https:\/\/www.iceagetv.com\/radiosite\/wp-json\/wp\/v2\/comments?post=18612"}],"version-history":[{"count":1,"href":"https:\/\/www.iceagetv.com\/radiosite\/wp-json\/wp\/v2\/posts\/18612\/revisions"}],"predecessor-version":[{"id":18614,"href":"https:\/\/www.iceagetv.com\/radiosite\/wp-json\/wp\/v2\/posts\/18612\/revisions\/18614"}],"wp:featuredmedia":[{"embeddable":true,"href":"https:\/\/www.iceagetv.com\/radiosite\/wp-json\/wp\/v2\/media\/18613"}],"wp:attachment":[{"href":"https:\/\/www.iceagetv.com\/radiosite\/wp-json\/wp\/v2\/media?parent=18612"}],"wp:term":[{"taxonomy":"category","embeddable":true,"href":"https:\/\/www.iceagetv.com\/radiosite\/wp-json\/wp\/v2\/categories?post=18612"},{"taxonomy":"post_tag","embeddable":true,"href":"https:\/\/www.iceagetv.com\/radiosite\/wp-json\/wp\/v2\/tags?post=18612"}],"curies":[{"name":"wp","href":"https:\/\/api.w.org\/{rel}","templated":true}]}}