{"id":18618,"date":"2021-05-18T16:44:22","date_gmt":"2021-05-18T16:44:22","guid":{"rendered":"http:\/\/www.iceagetv.com\/radiosite\/?p=18618"},"modified":"2021-05-18T16:44:22","modified_gmt":"2021-05-18T16:44:22","slug":"le-festival-de-cannes-presentera-jeudi-3-juin-sa-74e-edition-et-devoilera-sa-tres-attendue-selection-officielle-cinq-semaines-avant-louverture-des-festivites","status":"publish","type":"post","link":"https:\/\/www.iceagetv.com\/radiosite\/le-festival-de-cannes-presentera-jeudi-3-juin-sa-74e-edition-et-devoilera-sa-tres-attendue-selection-officielle-cinq-semaines-avant-louverture-des-festivites\/","title":{"rendered":"Le Festival de Cannes pr\u00e9sentera jeudi 3 juin sa 74e \u00e9dition et d\u00e9voilera sa tr\u00e8s attendue S\u00e9lection officielle, cinq semaines avant l&rsquo;ouverture des festivit\u00e9s"},"content":{"rendered":"\n<p>Le Festival de Cannes pr\u00e9sentera jeudi 3 juin sa 74e \u00e9dition et d\u00e9voilera sa tr\u00e8s attendue S\u00e9lection officielle, cinq semaines avant l&rsquo;ouverture des festivit\u00e9s, ont annonc\u00e9 les organisateurs \u00e0 l&rsquo;AFP.<\/p>\n\n\n\n<p>Le Festival doit se tenir cette ann\u00e9e du 6 au 17 juillet sur la Croisette, apr\u00e8s la lev\u00e9e pr\u00e9vue des jauges et de la plupart des restrictions sanitaires en France. L&rsquo;\u00e9dition 2020 n&rsquo;avait pas pu se tenir au printemps dernier \u00e0 Cannes en raison de la pand\u00e9mie.<\/p>\n\n\n\n<p>Les films s\u00e9lectionn\u00e9s pour cette premi\u00e8re comp\u00e9tition depuis la crise sanitaire seront d\u00e9voil\u00e9s, comme chaque ann\u00e9e, lors d&rsquo;une conf\u00e9rence de presse le 3 juin dans un cin\u00e9ma parisien, et retransmise en ligne, ont pr\u00e9cis\u00e9 les organisateurs.<\/p>\n\n\n\n<p>Deux films ont d\u00e9j\u00e0 \u00e9t\u00e9 confirm\u00e9s en comp\u00e9tition : \u00ab\u00a0Annette\u00a0\u00bb de Leos Carax, avec Marion Cotillard et Adam Driver, qui fera par ailleurs l&rsquo;ouverture du festival, et \u00ab\u00a0Benedetta\u00a0\u00bb du r\u00e9alisateur n\u00e9erlandais Paul Verhoeven avec Virginie Efira.<\/p>\n\n\n\n<p>D&rsquo;autres films sont fortement pressentis, comme le nouveau Wes Anderson, tourn\u00e9 en France, \u00ab\u00a0The French Dispatch\u00a0\u00bb, ou le nouveau film de l&rsquo;Italien Nanni Moretti, \u00ab\u00a0Tre Piani\u00a0\u00bb, sans confirmation officielle pour l&rsquo;instant.<\/p>\n\n\n\n<p><\/p>\n","protected":false},"excerpt":{"rendered":"<p>Le Festival de Cannes pr\u00e9sentera jeudi 3 juin sa 74e \u00e9dition et d\u00e9voilera sa tr\u00e8s attendue S\u00e9lection officielle, cinq semaines avant l&rsquo;ouverture des festivit\u00e9s, ont annonc\u00e9 les organisateurs \u00e0 l&rsquo;AFP. Le Festival doit se tenir cette ann\u00e9e du 6 au 17 juillet sur la Croisette, apr\u00e8s la lev\u00e9e pr\u00e9vue des jauges et de la plupart [&hellip;]<\/p>\n","protected":false},"author":2,"featured_media":18619,"comment_status":"open","ping_status":"open","sticky":false,"template":"","format":"standard","meta":{"_jetpack_memberships_contains_paid_content":false,"footnotes":"","jetpack_publicize_message":"","jetpack_publicize_feature_enabled":true,"jetpack_social_post_already_shared":true,"jetpack_social_options":{"image_generator_settings":{"template":"highway","default_image_id":0,"font":"","enabled":false},"version":2},"_wpas_customize_per_network":false},"categories":[68],"tags":[],"class_list":["post-18618","post","type-post","status-publish","format-standard","has-post-thumbnail","hentry","category-actu-culturelle"],"jetpack_publicize_connections":[],"jetpack_featured_media_url":"https:\/\/i0.wp.com\/www.iceagetv.com\/radiosite\/wp-content\/uploads\/2021\/05\/Le-Festival-de-Cannes-pr%C3%A9sentera-jeudi-3-juin-sa-74e-%C3%A9dition-et-d%C3%A9voilera-sa-tr%C3%A8s-attendue-S%C3%A9lection-officielle-cinq-semaines-avant-louverture-des-festivit%C3%A9s.png?fit=569%2C268&ssl=1","jetpack_sharing_enabled":true,"_links":{"self":[{"href":"https:\/\/www.iceagetv.com\/radiosite\/wp-json\/wp\/v2\/posts\/18618","targetHints":{"allow":["GET"]}}],"collection":[{"href":"https:\/\/www.iceagetv.com\/radiosite\/wp-json\/wp\/v2\/posts"}],"about":[{"href":"https:\/\/www.iceagetv.com\/radiosite\/wp-json\/wp\/v2\/types\/post"}],"author":[{"embeddable":true,"href":"https:\/\/www.iceagetv.com\/radiosite\/wp-json\/wp\/v2\/users\/2"}],"replies":[{"embeddable":true,"href":"https:\/\/www.iceagetv.com\/radiosite\/wp-json\/wp\/v2\/comments?post=18618"}],"version-history":[{"count":1,"href":"https:\/\/www.iceagetv.com\/radiosite\/wp-json\/wp\/v2\/posts\/18618\/revisions"}],"predecessor-version":[{"id":18620,"href":"https:\/\/www.iceagetv.com\/radiosite\/wp-json\/wp\/v2\/posts\/18618\/revisions\/18620"}],"wp:featuredmedia":[{"embeddable":true,"href":"https:\/\/www.iceagetv.com\/radiosite\/wp-json\/wp\/v2\/media\/18619"}],"wp:attachment":[{"href":"https:\/\/www.iceagetv.com\/radiosite\/wp-json\/wp\/v2\/media?parent=18618"}],"wp:term":[{"taxonomy":"category","embeddable":true,"href":"https:\/\/www.iceagetv.com\/radiosite\/wp-json\/wp\/v2\/categories?post=18618"},{"taxonomy":"post_tag","embeddable":true,"href":"https:\/\/www.iceagetv.com\/radiosite\/wp-json\/wp\/v2\/tags?post=18618"}],"curies":[{"name":"wp","href":"https:\/\/api.w.org\/{rel}","templated":true}]}}