{"id":18622,"date":"2021-05-25T16:01:56","date_gmt":"2021-05-25T16:01:56","guid":{"rendered":"http:\/\/www.iceagetv.com\/radiosite\/?p=18622"},"modified":"2021-05-25T16:01:56","modified_gmt":"2021-05-25T16:01:56","slug":"le-magazine-hebdomadaire-france-football-va-devenir-un-magazine-mensuel-a-partir-du-12-juin-annoncent-les-dirigeants-du-groupe-lequipe","status":"publish","type":"post","link":"https:\/\/www.iceagetv.com\/radiosite\/le-magazine-hebdomadaire-france-football-va-devenir-un-magazine-mensuel-a-partir-du-12-juin-annoncent-les-dirigeants-du-groupe-lequipe\/","title":{"rendered":"Le magazine hebdomadaire France Football va devenir un magazine mensuel \u00e0 partir du 12 juin, annoncent les dirigeants du groupe L&rsquo;Equipe"},"content":{"rendered":"\n<p>L&rsquo;hebdomadaire France Football va devenir un magazine mensuel \u00e0 partir du 12 juin, ont indiqu\u00e9 les dirigeants du groupe L&rsquo;Equipe, lors d&rsquo;une conf\u00e9rence de presse d\u00e9di\u00e9e au lancement d&rsquo;une plateforme en ligne.<\/p>\n\n\n\n<p>Ce passage \u00e0 un rythme de parution mensuel avait \u00e9t\u00e9 d\u00e9cid\u00e9 l&rsquo;an dernier, dans le cadre d&rsquo;un plan d&rsquo;\u00e9conomies li\u00e9 \u00e0 la crise sanitaire, qui a fait chuter les revenus du groupe. \u00ab\u00a0France Football va basculer en format mensuel et quitter la saisonnalit\u00e9 hebdomadaire \u00e0 partir du 12 juin\u00a0\u00bb, a indiqu\u00e9 J\u00e9r\u00f4me Cazadieu, directeur de la r\u00e9daction de L&rsquo;Equipe. Le mensuel sera vendu avec le quotidien et le magazine L&rsquo;Equipe, et accessible en version num\u00e9rique pour certains abonn\u00e9s \u00e0 la toute nouvelle plateforme en ligne du groupe, lanc\u00e9e mercredi, a-t-il pr\u00e9cis\u00e9.<\/p>\n\n\n\n<p>Le magazine cr\u00e9\u00e9 en 1946 va faire \u00e9voluer \u00e0 cette occasion sa \u00ab\u00a0promesse \u00e9ditoriale\u00a0\u00bb, a ajout\u00e9 le responsable. Ces derni\u00e8res ann\u00e9es, \u00ab\u00a0France Football a eu des difficult\u00e9s comme tous les hebdomadaires\u00a0\u00bb \u00e0 trouver le bon positionnement entre l&rsquo;actualit\u00e9 \u00ab\u00a0chaude\u00a0\u00bb et les sujets plus \u00ab\u00a0froids\u00a0\u00bb, a-t-il rappel\u00e9. Le titre va se recentrer sur ses fondamentaux, comme le Ballon d&rsquo;Or, prestigieuse r\u00e9compense footballistique cr\u00e9\u00e9e par France Football dans les ann\u00e9es 1950.<\/p>\n\n\n\n<p>Les ventes de l&rsquo;hebdomadaire sont pass\u00e9es d&rsquo;environ 80.000 exemplaires en moyenne en 2016 \u00e0 moins de 60.000 l&rsquo;an dernier, selon les donn\u00e9es de l&rsquo;Alliance pour les chiffres de la presse et des m\u00e9dias (ACPM).<\/p>\n\n\n\n<p><\/p>\n","protected":false},"excerpt":{"rendered":"<p>L&rsquo;hebdomadaire France Football va devenir un magazine mensuel \u00e0 partir du 12 juin, ont indiqu\u00e9 les dirigeants du groupe L&rsquo;Equipe, lors d&rsquo;une conf\u00e9rence de presse d\u00e9di\u00e9e au lancement d&rsquo;une plateforme en ligne. Ce passage \u00e0 un rythme de parution mensuel avait \u00e9t\u00e9 d\u00e9cid\u00e9 l&rsquo;an dernier, dans le cadre d&rsquo;un plan d&rsquo;\u00e9conomies li\u00e9 \u00e0 la crise [&hellip;]<\/p>\n","protected":false},"author":2,"featured_media":18623,"comment_status":"open","ping_status":"open","sticky":false,"template":"","format":"standard","meta":{"_jetpack_memberships_contains_paid_content":false,"footnotes":"","jetpack_publicize_message":"","jetpack_publicize_feature_enabled":true,"jetpack_social_post_already_shared":true,"jetpack_social_options":{"image_generator_settings":{"template":"highway","default_image_id":0,"font":"","enabled":false},"version":2},"_wpas_customize_per_network":false},"categories":[68],"tags":[],"class_list":["post-18622","post","type-post","status-publish","format-standard","has-post-thumbnail","hentry","category-actu-culturelle"],"jetpack_publicize_connections":[],"jetpack_featured_media_url":"https:\/\/i0.wp.com\/www.iceagetv.com\/radiosite\/wp-content\/uploads\/2021\/05\/Le-magazine-hebdomadaire-France-Football-va-devenir-un-magazine-mensuel-%C3%A0-partir-du-12-juin-annoncent-les-dirigeants-du-groupe-LEquipe.jpg?fit=679%2C293&ssl=1","jetpack_sharing_enabled":true,"_links":{"self":[{"href":"https:\/\/www.iceagetv.com\/radiosite\/wp-json\/wp\/v2\/posts\/18622","targetHints":{"allow":["GET"]}}],"collection":[{"href":"https:\/\/www.iceagetv.com\/radiosite\/wp-json\/wp\/v2\/posts"}],"about":[{"href":"https:\/\/www.iceagetv.com\/radiosite\/wp-json\/wp\/v2\/types\/post"}],"author":[{"embeddable":true,"href":"https:\/\/www.iceagetv.com\/radiosite\/wp-json\/wp\/v2\/users\/2"}],"replies":[{"embeddable":true,"href":"https:\/\/www.iceagetv.com\/radiosite\/wp-json\/wp\/v2\/comments?post=18622"}],"version-history":[{"count":1,"href":"https:\/\/www.iceagetv.com\/radiosite\/wp-json\/wp\/v2\/posts\/18622\/revisions"}],"predecessor-version":[{"id":18624,"href":"https:\/\/www.iceagetv.com\/radiosite\/wp-json\/wp\/v2\/posts\/18622\/revisions\/18624"}],"wp:featuredmedia":[{"embeddable":true,"href":"https:\/\/www.iceagetv.com\/radiosite\/wp-json\/wp\/v2\/media\/18623"}],"wp:attachment":[{"href":"https:\/\/www.iceagetv.com\/radiosite\/wp-json\/wp\/v2\/media?parent=18622"}],"wp:term":[{"taxonomy":"category","embeddable":true,"href":"https:\/\/www.iceagetv.com\/radiosite\/wp-json\/wp\/v2\/categories?post=18622"},{"taxonomy":"post_tag","embeddable":true,"href":"https:\/\/www.iceagetv.com\/radiosite\/wp-json\/wp\/v2\/tags?post=18622"}],"curies":[{"name":"wp","href":"https:\/\/api.w.org\/{rel}","templated":true}]}}