{"id":18628,"date":"2021-05-25T19:13:53","date_gmt":"2021-05-25T19:13:53","guid":{"rendered":"http:\/\/www.iceagetv.com\/radiosite\/?p=18628"},"modified":"2021-05-25T19:13:53","modified_gmt":"2021-05-25T19:13:53","slug":"la-republique-tcheque-va-changer-de-ministre-de-la-sante-pour-la-quatrieme-fois-depuis-de-debut-de-la-pandemie-de-covid-19-avec-le-retour-dun-ex-ministre-connu-aussi-pour-avoir-ete-candidat-a-une","status":"publish","type":"post","link":"https:\/\/www.iceagetv.com\/radiosite\/la-republique-tcheque-va-changer-de-ministre-de-la-sante-pour-la-quatrieme-fois-depuis-de-debut-de-la-pandemie-de-covid-19-avec-le-retour-dun-ex-ministre-connu-aussi-pour-avoir-ete-candidat-a-une\/","title":{"rendered":"La R\u00e9publique tch\u00e8que va changer de ministre de la Sant\u00e9 pour la quatri\u00e8me fois depuis de d\u00e9but de la pand\u00e9mie de Covid-19, avec le retour d&rsquo;un ex-ministre, connu aussi pour avoir \u00e9t\u00e9 candidat \u00e0 une \u00e9mission de t\u00e9l\u00e9crochet"},"content":{"rendered":"\n<p>La R\u00e9publique tch\u00e8que va changer de ministre de la Sant\u00e9 pour la quatri\u00e8me fois depuis de d\u00e9but de la pand\u00e9mie de Covid-19, avec le retour d&rsquo;un ex-ministre, connu aussi pour avoir \u00e9t\u00e9 candidat \u00e0 une \u00e9mission de t\u00e9l\u00e9crochet, a annonc\u00e9 mardi le Premier ministre.<\/p>\n\n\n\n<p>Adam Vojtech, ancien avocat surtout c\u00e9l\u00e8bre pour avoir \u00e9t\u00e9 candidat \u00e0 la version tch\u00e8que du concours de chant \u00ab\u00a0Idol\u00a0\u00bb, remplacera Petr Arenberger, qui a \u00e9t\u00e9 sous le feu des critiques pour sa d\u00e9claration de propri\u00e9t\u00e9. \u00ab\u00a0Le ministre Arenberger m&rsquo;a dit qu&rsquo;il allait d\u00e9missionner ce matin\u00a0\u00bb, a d\u00e9clar\u00e9 le Premier ministre Andrej Babis \u00e0 des journalistes.<\/p>\n\n\n\n<p>M. Babis a d\u00e9clar\u00e9 que M. Vojtech, surnomm\u00e9 \u00ab\u00a0Ken\u00a0\u00bb en raison de son allure physique, \u00e9tait \u00ab\u00a0un bon ministre\u00a0\u00bb et qu&rsquo;il resterait jusqu&rsquo;\u00e0 la d\u00e9mission de son gouvernement \u00e0 la suite d&rsquo;\u00e9lections g\u00e9n\u00e9rales en octobre. Adam Vojtech avait \u00e9t\u00e9 ministre de la Sant\u00e9 jusqu&rsquo;en septembre dernier, date \u00e0 laquelle il avait d\u00e9missionn\u00e9 dans un contexte de reprise de l&rsquo;\u00e9pid\u00e9mie de Covid-19, apr\u00e8s une premi\u00e8re vague qui avait fait assez peu de victimes dans le pays.<\/p>\n\n\n\n<p>Le Premier ministre avait alors reconnu que son gouvernement avait fait \u00ab\u00a0une erreur\u00a0\u00bb en assouplissant les restrictions anti-coronavirus d\u00e8s le d\u00e9but de l&rsquo;\u00e9t\u00e9. Adam Vojtech avait ensuite \u00e9t\u00e9 remplac\u00e9 en septembre par l&rsquo;\u00e9pid\u00e9miologiste Roman Prymula, qui avait d\u00fb quitter le gouvernement un mois plus tard, apr\u00e8s avoir \u00e9t\u00e9 surpris en train de violer les mesures de restrictions contre le Covid dans un restaurant ferm\u00e9 de Prague.<\/p>\n\n\n\n<p>Le sp\u00e9cialiste en h\u00e9matologie p\u00e9diatrique Jan Blatny avait suivi, et \u00e9tait rest\u00e9 en poste jusqu&rsquo;en avril, date \u00e0 laquelle il avait \u00e9t\u00e9 remplac\u00e9 par Petr Arenberger, directeur d&rsquo;un h\u00f4pital de Prague. Petr Arenberger a, lui, subi de vives critiques pour avoir omis de mentionner une grande partie de son portefeuille immobilier dans sa d\u00e9claration de propri\u00e9t\u00e9. Pendant le mandat de Jan Blatny, la R\u00e9publique tch\u00e8que a \u00e9t\u00e9 pendant plusieurs mois en t\u00eate des statistiques mondiales concernant le nombre de cas et de d\u00e9c\u00e8s par habitant dus au Covid.<\/p>\n\n\n\n<p>Ce pays membre de l&rsquo;Union europ\u00e9enne, qui compte 10,7 millions d&rsquo;habitants, a enregistr\u00e9 jusqu&rsquo;\u00e0 pr\u00e9sent plus d&rsquo;1,6 million de cas confirm\u00e9s et plus de 30.000 morts du Covid-19. La R\u00e9publique tch\u00e8que s&rsquo;est r\u00e9cemment lanc\u00e9e dans un assouplissement de ses restrictions, apr\u00e8s une diminution r\u00e9guli\u00e8re du taux de croissance des infections quotidiennes au Covid-19.<\/p>\n\n\n\n<p><\/p>\n","protected":false},"excerpt":{"rendered":"<p>La R\u00e9publique tch\u00e8que va changer de ministre de la Sant\u00e9 pour la quatri\u00e8me fois depuis de d\u00e9but de la pand\u00e9mie de Covid-19, avec le retour d&rsquo;un ex-ministre, connu aussi pour avoir \u00e9t\u00e9 candidat \u00e0 une \u00e9mission de t\u00e9l\u00e9crochet, a annonc\u00e9 mardi le Premier ministre. Adam Vojtech, ancien avocat surtout c\u00e9l\u00e8bre pour avoir \u00e9t\u00e9 candidat \u00e0 [&hellip;]<\/p>\n","protected":false},"author":2,"featured_media":18629,"comment_status":"open","ping_status":"open","sticky":false,"template":"","format":"standard","meta":{"_jetpack_memberships_contains_paid_content":false,"footnotes":"","jetpack_publicize_message":"","jetpack_publicize_feature_enabled":true,"jetpack_social_post_already_shared":true,"jetpack_social_options":{"image_generator_settings":{"template":"highway","default_image_id":0,"font":"","enabled":false},"version":2},"_wpas_customize_per_network":false},"categories":[405],"tags":[],"class_list":["post-18628","post","type-post","status-publish","format-standard","has-post-thumbnail","hentry","category-actu-france-monde"],"jetpack_publicize_connections":[],"jetpack_featured_media_url":"https:\/\/i0.wp.com\/www.iceagetv.com\/radiosite\/wp-content\/uploads\/2021\/05\/La-R%C3%A9publique-tch%C3%A8que-va-changer-de-ministre-de-la-Sant%C3%A9.jpg?fit=679%2C293&ssl=1","jetpack_sharing_enabled":true,"_links":{"self":[{"href":"https:\/\/www.iceagetv.com\/radiosite\/wp-json\/wp\/v2\/posts\/18628","targetHints":{"allow":["GET"]}}],"collection":[{"href":"https:\/\/www.iceagetv.com\/radiosite\/wp-json\/wp\/v2\/posts"}],"about":[{"href":"https:\/\/www.iceagetv.com\/radiosite\/wp-json\/wp\/v2\/types\/post"}],"author":[{"embeddable":true,"href":"https:\/\/www.iceagetv.com\/radiosite\/wp-json\/wp\/v2\/users\/2"}],"replies":[{"embeddable":true,"href":"https:\/\/www.iceagetv.com\/radiosite\/wp-json\/wp\/v2\/comments?post=18628"}],"version-history":[{"count":1,"href":"https:\/\/www.iceagetv.com\/radiosite\/wp-json\/wp\/v2\/posts\/18628\/revisions"}],"predecessor-version":[{"id":18630,"href":"https:\/\/www.iceagetv.com\/radiosite\/wp-json\/wp\/v2\/posts\/18628\/revisions\/18630"}],"wp:featuredmedia":[{"embeddable":true,"href":"https:\/\/www.iceagetv.com\/radiosite\/wp-json\/wp\/v2\/media\/18629"}],"wp:attachment":[{"href":"https:\/\/www.iceagetv.com\/radiosite\/wp-json\/wp\/v2\/media?parent=18628"}],"wp:term":[{"taxonomy":"category","embeddable":true,"href":"https:\/\/www.iceagetv.com\/radiosite\/wp-json\/wp\/v2\/categories?post=18628"},{"taxonomy":"post_tag","embeddable":true,"href":"https:\/\/www.iceagetv.com\/radiosite\/wp-json\/wp\/v2\/tags?post=18628"}],"curies":[{"name":"wp","href":"https:\/\/api.w.org\/{rel}","templated":true}]}}