{"id":18637,"date":"2021-05-27T06:57:40","date_gmt":"2021-05-27T06:57:40","guid":{"rendered":"http:\/\/www.iceagetv.com\/radiosite\/?p=18637"},"modified":"2021-05-27T06:57:40","modified_gmt":"2021-05-27T06:57:40","slug":"chanson-de-youssoupha-lincroyable-marche-arriere-de-noel-le-graet-je-netais-pas-au-courant-de-lutilisation-de-cette-chanson-ce-nest-pas-lhymne-des-bleus","status":"publish","type":"post","link":"https:\/\/www.iceagetv.com\/radiosite\/chanson-de-youssoupha-lincroyable-marche-arriere-de-noel-le-graet-je-netais-pas-au-courant-de-lutilisation-de-cette-chanson-ce-nest-pas-lhymne-des-bleus\/","title":{"rendered":"Chanson de Youssoupha &#8211; L&rsquo;incroyable marche arri\u00e8re de No\u00ebl Le Gra\u00ebt : \u00ab\u00a0Je n&rsquo;\u00e9tais pas au courant de l&rsquo;utilisation de cette chanson. Ce n&rsquo;est pas l&rsquo;hymne des Bleus\u00a0\u00bb"},"content":{"rendered":"\n<p>C&rsquo;est ce que l&rsquo;on appelle un sacr\u00e9 r\u00e9trop\u00e9dalage, que celui de&nbsp;No\u00ebl Le Gra\u00ebt, le pr\u00e9sident de la F\u00e9d\u00e9ration Fran\u00e7aise de Football&#8230; Alors que depuis une semaine, la pol\u00e9mique est sur tous les plateaux concernant la chanson de Youssoupha, hymne des Bleus, il sort enfin de son silence en affirmant que ce titre \u00ab\u00c9cris mon nom en Bleu\u00bb, qui accompagnait mardi dernier la liste des 26 de Didier Deschamps, n&rsquo;est finalement&#8230; pas l&rsquo;hymne des Bleus. Il va m\u00eame plus loin, dans le Parisien en affirmant, qu&rsquo;il n&rsquo;\u00e9tait pas au courant de l&rsquo;utilisation de cette chanson, rejetant la responsabit\u00e9 sur le service commercial de la F\u00e9d\u00e9ration:&nbsp;<\/p>\n\n\n\n<p>\u00ab\u00a0Ce sont nos jeunes salari\u00e9s du service commercial qui ont eu cette id\u00e9e pour accompagner le d\u00e9voilement de la liste des 26 Bleus, a expliqu\u00e9 le pr\u00e9sident de la FFF dans un entretien accord\u00e9 au Parisien. Personnellement, je l&rsquo;ai d\u00e9couvert. (&#8230;) Youssoupha est un bon rappeur qui, comme d&rsquo;autres, a pu avoir des paroles d\u00e9plac\u00e9es. Je crois que nous n&rsquo;aurions pas d\u00fb le faire et laisser la liste \u00eatre divulgu\u00e9e comme d&rsquo;habitude, sans communication.\u00a0\u00bb<\/p>\n\n\n\n<p>La pol\u00e9mique a \u00e9t\u00e9 lanc\u00e9e par Jordan Bardella, le num\u00e9ro 2 du Rassemblement National, qui avait estim\u00e9 qu&rsquo;associer Youssoupha aux Bleus revenait \u00e0 \u00ab c\u00e9der \u00e0 une partie racaille de la France. \u00bb<\/p>\n\n\n\n<p>Mais le rappeur avait alors re\u00e7u de nombreux soutiens et notamment celui de la ministre des Sports, Roxana Maracineanu:<\/p>\n\n\n\n<p>\u00ab\u00a0Youssoupha est un rappeur qui est populaire, qui est engag\u00e9 contre le racisme, qui a des convictions. La F\u00e9d\u00e9ration de football est aussi engag\u00e9e contre le racisme, le sport en g\u00e9n\u00e9ral l&rsquo;est aussi. Il promeut la diversit\u00e9 dans cette chanson. La diversit\u00e9 de cette \u00e9quipe de football qui se r\u00e9unit autour d&rsquo;un m\u00eame maillot, d&rsquo;un drapeau fran\u00e7ais c&rsquo;est quelque chose de magnifique, cela correspond aux valeurs du football.\u00a0\u00bb<\/p>\n\n\n\n<p><\/p>\n","protected":false},"excerpt":{"rendered":"<p>C&rsquo;est ce que l&rsquo;on appelle un sacr\u00e9 r\u00e9trop\u00e9dalage, que celui de&nbsp;No\u00ebl Le Gra\u00ebt, le pr\u00e9sident de la F\u00e9d\u00e9ration Fran\u00e7aise de Football&#8230; Alors que depuis une semaine, la pol\u00e9mique est sur tous les plateaux concernant la chanson de Youssoupha, hymne des Bleus, il sort enfin de son silence en affirmant que ce titre \u00ab\u00c9cris mon nom [&hellip;]<\/p>\n","protected":false},"author":2,"featured_media":18638,"comment_status":"open","ping_status":"open","sticky":false,"template":"","format":"standard","meta":{"_jetpack_memberships_contains_paid_content":false,"footnotes":"","jetpack_publicize_message":"","jetpack_publicize_feature_enabled":true,"jetpack_social_post_already_shared":true,"jetpack_social_options":{"image_generator_settings":{"template":"highway","default_image_id":0,"font":"","enabled":false},"version":2},"_wpas_customize_per_network":false},"categories":[18],"tags":[],"class_list":["post-18637","post","type-post","status-publish","format-standard","has-post-thumbnail","hentry","category-actu-sport"],"jetpack_publicize_connections":[],"jetpack_featured_media_url":"https:\/\/i0.wp.com\/www.iceagetv.com\/radiosite\/wp-content\/uploads\/2021\/05\/Chanson-de-Youssoupha.png?fit=786%2C365&ssl=1","jetpack_sharing_enabled":true,"_links":{"self":[{"href":"https:\/\/www.iceagetv.com\/radiosite\/wp-json\/wp\/v2\/posts\/18637","targetHints":{"allow":["GET"]}}],"collection":[{"href":"https:\/\/www.iceagetv.com\/radiosite\/wp-json\/wp\/v2\/posts"}],"about":[{"href":"https:\/\/www.iceagetv.com\/radiosite\/wp-json\/wp\/v2\/types\/post"}],"author":[{"embeddable":true,"href":"https:\/\/www.iceagetv.com\/radiosite\/wp-json\/wp\/v2\/users\/2"}],"replies":[{"embeddable":true,"href":"https:\/\/www.iceagetv.com\/radiosite\/wp-json\/wp\/v2\/comments?post=18637"}],"version-history":[{"count":1,"href":"https:\/\/www.iceagetv.com\/radiosite\/wp-json\/wp\/v2\/posts\/18637\/revisions"}],"predecessor-version":[{"id":18639,"href":"https:\/\/www.iceagetv.com\/radiosite\/wp-json\/wp\/v2\/posts\/18637\/revisions\/18639"}],"wp:featuredmedia":[{"embeddable":true,"href":"https:\/\/www.iceagetv.com\/radiosite\/wp-json\/wp\/v2\/media\/18638"}],"wp:attachment":[{"href":"https:\/\/www.iceagetv.com\/radiosite\/wp-json\/wp\/v2\/media?parent=18637"}],"wp:term":[{"taxonomy":"category","embeddable":true,"href":"https:\/\/www.iceagetv.com\/radiosite\/wp-json\/wp\/v2\/categories?post=18637"},{"taxonomy":"post_tag","embeddable":true,"href":"https:\/\/www.iceagetv.com\/radiosite\/wp-json\/wp\/v2\/tags?post=18637"}],"curies":[{"name":"wp","href":"https:\/\/api.w.org\/{rel}","templated":true}]}}