{"id":18641,"date":"2021-05-27T07:28:55","date_gmt":"2021-05-27T07:28:55","guid":{"rendered":"http:\/\/www.iceagetv.com\/radiosite\/?p=18641"},"modified":"2021-05-27T07:28:55","modified_gmt":"2021-05-27T07:28:55","slug":"les-soldes-dete-prevus-initialement-a-partir-du-23-juin-decales-au-30-juin","status":"publish","type":"post","link":"https:\/\/www.iceagetv.com\/radiosite\/les-soldes-dete-prevus-initialement-a-partir-du-23-juin-decales-au-30-juin\/","title":{"rendered":"Les soldes d&rsquo;\u00e9t\u00e9, pr\u00e9vus initialement \u00e0 partir du 23 juin, d\u00e9cal\u00e9s au 30 juin"},"content":{"rendered":"\n<p>le d\u00e9but des\u00a0<a href=\"https:\/\/www.francetvinfo.fr\/replay-radio\/le-decryptage-eco\/le-decryptage-eco-vers-des-soldes-d-ete-a-des-dates-differentes-selon-les-regions_4614285.html\">soldes d&rsquo;\u00e9t\u00e9<\/a>\u00a0est d\u00e9cal\u00e9 au 30 juin, confirme \u00e0 franceinfo le cabinet d&rsquo;Alain Griset, ministre d\u00e9l\u00e9gu\u00e9 aupr\u00e8s du ministre de l&rsquo;\u00c9conomie, charg\u00e9 des Petites et moyennes entreprises,\u00a0jeudi 27 mai.\u00a0<\/p>\n\n\n\n<p>Sur\u00a0<a href=\"https:\/\/www.franceinter.fr\/emissions\/l-invite-de-8h20-le-grand-entretien\/l-invite-de-8h20-le-grand-entretien-27-mai-2021\">France Inter<\/a>\u00a0ce matin, Bruno Le Maire, le ministre de l&rsquo;\u00c9conomie, avait\u00a0<em>\u00ab\u00a0propos\u00e9\u00a0\u00bb<\/em>\u00a0cette nouvelle date, indiquant qu&rsquo;Alain Griset devait la\u00a0<em>\u00ab\u00a0confirmer\u00a0\u00bb.\u00a0<\/em>C&rsquo;est chose faite.Le d\u00e9but des soldes d&rsquo;\u00e9t\u00e9 \u00e9tait initialement pr\u00e9vu le 23 juin, une semaine avant la nouvelle date fix\u00e9e.<\/p>\n\n\n\n<p><em>On a beaucoup \u00e9chang\u00e9 avec les repr\u00e9sentants des commer\u00e7ants, avec les grandes enseignes. Je sais que beaucoup de petits commerces disent qu&rsquo;il faut retarder les soldes. Ce que je constate, c&rsquo;est que l&rsquo;ann\u00e9e derni\u00e8re on les avait repouss\u00e9s \u00e0 la mi-juillet, le r\u00e9sultat n&rsquo;avait pas \u00e9t\u00e9 probant\u00a0\u00bb<\/em>, a argument\u00e9 le ministre.<\/p>\n\n\n\n<p>\u00ab\u00a0Il me semble qu&rsquo;il ne faut pas trop d\u00e9caler les soldes d&rsquo;\u00e9t\u00e9 pour profiter du rebond de la consommation des Fran\u00e7ais\u00a0\u00bb \u00e0 l&rsquo;heure actuelle.\u00a0\u00bbBruno Le Maire&nbsp;<\/p>\n\n\n\n<p>\u00e0 France Inter<\/p>\n\n\n\n<p>A l&rsquo;\u00e9t\u00e9 2020, les soldes avaient \u00e9t\u00e9&nbsp;<a href=\"https:\/\/www.francetvinfo.fr\/economie\/soldes\/coronavirus-le-debut-des-soldes-est-decale-au-15-juillet-annonce-bruno-le-maire_3991663.html\">d\u00e9cal\u00e9s \u00e0 d\u00e9but juillet<\/a>&nbsp;au lieu de mi-juin. Cela avait notamment fait du tort aux commerces parisiens. La capitale s&rsquo;\u00e9tait vid\u00e9e de nombreux habitants partis en vacances, alors que les touristes internationaux, peu nombreux, n&rsquo;avaient pas compens\u00e9. A contrario, la p\u00e9riode avait \u00e9t\u00e9 plus favorable pour les commerces situ\u00e9s dans les r\u00e9gions pl\u00e9biscit\u00e9es par les vacanciers fran\u00e7ais.<\/p>\n\n\n\n<p><\/p>\n","protected":false},"excerpt":{"rendered":"<p>le d\u00e9but des\u00a0soldes d&rsquo;\u00e9t\u00e9\u00a0est d\u00e9cal\u00e9 au 30 juin, confirme \u00e0 franceinfo le cabinet d&rsquo;Alain Griset, ministre d\u00e9l\u00e9gu\u00e9 aupr\u00e8s du ministre de l&rsquo;\u00c9conomie, charg\u00e9 des Petites et moyennes entreprises,\u00a0jeudi 27 mai.\u00a0 Sur\u00a0France Inter\u00a0ce matin, Bruno Le Maire, le ministre de l&rsquo;\u00c9conomie, avait\u00a0\u00ab\u00a0propos\u00e9\u00a0\u00bb\u00a0cette nouvelle date, indiquant qu&rsquo;Alain Griset devait la\u00a0\u00ab\u00a0confirmer\u00a0\u00bb.\u00a0C&rsquo;est chose faite.Le d\u00e9but des soldes d&rsquo;\u00e9t\u00e9 \u00e9tait [&hellip;]<\/p>\n","protected":false},"author":2,"featured_media":18642,"comment_status":"open","ping_status":"open","sticky":false,"template":"","format":"standard","meta":{"_jetpack_memberships_contains_paid_content":false,"footnotes":"","jetpack_publicize_message":"","jetpack_publicize_feature_enabled":true,"jetpack_social_post_already_shared":true,"jetpack_social_options":{"image_generator_settings":{"template":"highway","default_image_id":0,"font":"","enabled":false},"version":2},"_wpas_customize_per_network":false},"categories":[405],"tags":[],"class_list":["post-18641","post","type-post","status-publish","format-standard","has-post-thumbnail","hentry","category-actu-france-monde"],"jetpack_publicize_connections":[],"jetpack_featured_media_url":"https:\/\/i0.wp.com\/www.iceagetv.com\/radiosite\/wp-content\/uploads\/2021\/05\/Les-soldes-d%C3%A9t%C3%A9-pr%C3%A9vus-initialement-%C3%A0-partir-du-23-juin-d%C3%A9cal%C3%A9s-au-30-juin.png?fit=740%2C452&ssl=1","jetpack_sharing_enabled":true,"_links":{"self":[{"href":"https:\/\/www.iceagetv.com\/radiosite\/wp-json\/wp\/v2\/posts\/18641","targetHints":{"allow":["GET"]}}],"collection":[{"href":"https:\/\/www.iceagetv.com\/radiosite\/wp-json\/wp\/v2\/posts"}],"about":[{"href":"https:\/\/www.iceagetv.com\/radiosite\/wp-json\/wp\/v2\/types\/post"}],"author":[{"embeddable":true,"href":"https:\/\/www.iceagetv.com\/radiosite\/wp-json\/wp\/v2\/users\/2"}],"replies":[{"embeddable":true,"href":"https:\/\/www.iceagetv.com\/radiosite\/wp-json\/wp\/v2\/comments?post=18641"}],"version-history":[{"count":1,"href":"https:\/\/www.iceagetv.com\/radiosite\/wp-json\/wp\/v2\/posts\/18641\/revisions"}],"predecessor-version":[{"id":18643,"href":"https:\/\/www.iceagetv.com\/radiosite\/wp-json\/wp\/v2\/posts\/18641\/revisions\/18643"}],"wp:featuredmedia":[{"embeddable":true,"href":"https:\/\/www.iceagetv.com\/radiosite\/wp-json\/wp\/v2\/media\/18642"}],"wp:attachment":[{"href":"https:\/\/www.iceagetv.com\/radiosite\/wp-json\/wp\/v2\/media?parent=18641"}],"wp:term":[{"taxonomy":"category","embeddable":true,"href":"https:\/\/www.iceagetv.com\/radiosite\/wp-json\/wp\/v2\/categories?post=18641"},{"taxonomy":"post_tag","embeddable":true,"href":"https:\/\/www.iceagetv.com\/radiosite\/wp-json\/wp\/v2\/tags?post=18641"}],"curies":[{"name":"wp","href":"https:\/\/api.w.org\/{rel}","templated":true}]}}