{"id":18657,"date":"2021-05-28T13:14:43","date_gmt":"2021-05-28T13:14:43","guid":{"rendered":"http:\/\/www.iceagetv.com\/radiosite\/?p=18657"},"modified":"2021-05-28T13:14:43","modified_gmt":"2021-05-28T13:14:43","slug":"agression-dune-policiere-pres-de-nantes-lagresseur-connu-pour-radicalisation-qui-avait-pris-la-fuite-est-decede-trois-gendarmes-blesses-lors-de-son-arrestation","status":"publish","type":"post","link":"https:\/\/www.iceagetv.com\/radiosite\/agression-dune-policiere-pres-de-nantes-lagresseur-connu-pour-radicalisation-qui-avait-pris-la-fuite-est-decede-trois-gendarmes-blesses-lors-de-son-arrestation\/","title":{"rendered":"Agression d&rsquo;une polici\u00e8re pr\u00e8s de Nantes &#8211; L&rsquo;agresseur, connu pour radicalisation, qui avait pris la fuite, est d\u00e9c\u00e9d\u00e9 &#8211; Trois gendarmes bless\u00e9s lors de son arrestation"},"content":{"rendered":"\n<p> <strong>Le suspect interpell\u00e9 est d\u00e9c\u00e9d\u00e9, annonce la gendarmerie. Touch\u00e9 par balles et gri\u00e8vement bless\u00e9, les secours avait tent\u00e9 de le r\u00e9animer\u00a0<\/strong> <\/p>\n\n\n\n<p>Un suspect a \u00e9t\u00e9 interpell\u00e9 vendredi \u00e0 l\u2019issue d\u2019une chasse \u00e0 l\u2019homme pour retrouver l\u2019agresseur d\u2019une polici\u00e8re municipale gri\u00e8vement bless\u00e9e au couteau \u00e0 La Chapelle-sur-Erdre, pr\u00e8s de Nantes (ouest), la derni\u00e8re d\u2019une longue s\u00e9rie d\u2019attaques contre les forces de l\u2019ordre.<\/p>\n\n\n\n<p>Le suspect a \u00e9t\u00e9 interpell\u00e9 et trois gendarmes ont \u00e9t\u00e9 bless\u00e9s, au bras et \u00e0 la main, a indiqu\u00e9 la gendarmerie.<\/p>\n\n\n\n<p>\u00ab\u00a0Les gendarmes ont neutralis\u00e9 l\u2019individu suspect\u00e9 de l\u2019agression au couteau de la polici\u00e8re municipale de la Chapelle-sur-Erdre\u00a0\u00bb, a confirm\u00e9 sur Twitter le ministre de l\u2019Int\u00e9rieur G\u00e9rald Darmanin, qui est attendu sur place.<\/p>\n\n\n\n<p>La polici\u00e8re, dont le pronostic vital est engag\u00e9, a \u00e9t\u00e9 bless\u00e9e dans les locaux de la police municipale de La Chapelle-sur-Erdre.<\/p>\n\n\n\n<p>La piste terroriste n\u2019a pas \u00e9t\u00e9 confirm\u00e9e dans l\u2019imm\u00e9diat. Contact\u00e9 par l\u2019AFP, le parquet de Nantes n\u2019a pas donn\u00e9 suite.<\/p>\n\n\n\n<p>80 gendarmes, dont l\u2019antenne du GIGN de Nantes, ont \u00e9t\u00e9 d\u00e9ploy\u00e9s pour retrouver l\u2019auteur des faits qui s\u2019est enfui avec l\u2019arme de la polici\u00e8re.<\/p>\n\n\n\n<p>Deux h\u00e9licopt\u00e8res ont survol\u00e9 la zone et trois \u00e9quipes cynophiles et un escadron de gendarmes mobiles particip\u00e9 aux recherches. La section de recherches de la gendarmerie de Nantes est charg\u00e9e de l\u2019enqu\u00eate.<\/p>\n\n\n\n<p>\u00ab\u00a0\u00c9vitez le secteur et respectez strictement les consignes des #gendarmes\u00a0\u00bb, avait pr\u00e9venu sur Twitter la gendarmerie nationale.<\/p>\n\n\n\n<p>Les \u00e9coles aux alentours ont \u00e9t\u00e9 s\u00e9curis\u00e9es, selon la gendarmerie.<\/p>\n\n\n\n<p>\u00ab\u00a0Les enfants sont confin\u00e9s dans les \u00e9coles et coll\u00e8ges de la ville\u00a0\u00bb, a confirm\u00e9 un responsable municipal \u00e0 l\u2019AFP.<\/p>\n\n\n\n<p>\u00ab\u00a0On a tir\u00e9 les rideaux et on a fait allonger les enfants au sol, ils sont comme \u00e7a depuis deux heures\u00a0\u00bb, a t\u00e9moign\u00e9 une enseignante d\u2019\u00e9cole primaire dans un texto \u00e0 l\u2019AFP.<\/p>\n\n\n\n<p>Plusieurs membres des forces de l\u2019ordre ont trouv\u00e9 la mort depuis&nbsp;2012 en France dans des attaques, le plus souvent commises au nom du jihad.<\/p>\n\n\n\n<p>Cette attaque intervient quelques semaines apr\u00e8s deux drames qui ont endeuill\u00e9 la police fran\u00e7aise, alors que la s\u00e9curit\u00e9 s\u2019impose comme l\u2019un des principaux th\u00e8mes de campagne des \u00e9lections r\u00e9gionales, dans un mois, et de l\u2019\u00e9lection pr\u00e9sidentielle, dans un an.<\/p>\n\n\n\n<p>St\u00e9phanie Monferm\u00e9, une agente administrative, avait \u00e9t\u00e9 assassin\u00e9e en avril au commissariat de Rambouillet, en r\u00e9gion parisienne, par un Tunisien qui se serait radicalis\u00e9. Quelques jours plus tard, un policier, Eric Masson, avait \u00e9t\u00e9 tu\u00e9 sur un point de deal \u00e0 Avignon (sud).<\/p>\n\n\n\n<p>Ces deux drames avaient conduit les syndicats de policiers \u00e0 appeler \u00e0 un rassemblement, qui a mobilis\u00e9 plusieurs milliers de personnes, le 19\u00a0mai\u00a0devant l\u2019Assembl\u00e9e nationale \u00e0 Paris pour d\u00e9noncer la violence croissante \u00e0 laquelle sont confront\u00e9s les policiers et l\u2019inad\u00e9quation de la r\u00e9ponse judiciaire. Le ministre de l\u2019Int\u00e9rieur, G\u00e9rald Darmanin, et des responsables de l\u2019ensemble du spectre politique en France \u00e0 l\u2019exception d\u2019une partie de l\u2019extr\u00eame gauche, s\u2019y \u00e9taient rendus. Gri\u00e8vement bless\u00e9 lors de son interpellation, le suspect est actuellement en train d\u2019\u00eatre r\u00e9anim\u00e9 par les services de secours. <\/p>\n\n\n\n<p>Dans un communiqu\u00e9, la maire de Nantes, Johanna Rolland&nbsp;adresse ses pens\u00e9es \u00e0 la polici\u00e8re, \u00ab\u00a0\u00e0 sa famille et \u00e0 ses coll\u00e8gues\u00a0\u00bb.<\/p>\n\n\n\n<blockquote class=\"wp-block-quote is-layout-flow wp-block-quote-is-layout-flow\"><p>\u00ab\u00a0Je suis choqu\u00e9e par un tel acte ignoble, inqualifiable, que je condamne \u00e9videmment fermement\u00a0\u00bb, \u00e9crit Johanna Rolland, \u00ab\u00a0s&rsquo;en prendre \u00e0 celles et ceux qui nous prot\u00e8gent au quotidien, quoi de plus abject\u00a0\u00bb.<\/p><\/blockquote>\n\n\n\n<p><strong>\u00a0<\/strong>G\u00e9rald Darmanin indique sur Twitter: \u00ab\u00a0Les Gendarmes ont neutralis\u00e9 l\u2019individu suspect\u00e9 de l\u2019agression au couteau de la polici\u00e8re municipale de la Chapelle-sur-Erdre. Merci \u00e0 eux et pens\u00e9es pour les gendarmes bless\u00e9s lors de cette interpellation.\u00a0\u00bb <strong>L&rsquo;homme suspect d&rsquo;avoir attaqu\u00e9 une polici\u00e8re ce vendredi matin pr\u00e8s de la Chapelle-sur-Erdre a \u00e9t\u00e9 touch\u00e9 par balle au cours de son interpellation, selon BFMTV. Son \u00e9tat est jug\u00e9 s\u00e9rieux.<\/strong> Selon les premiers \u00e9l\u00e9ments, l&rsquo;homme avait d\u00e9j\u00e0 tent\u00e9 en f\u00e9vrier dernier d&rsquo;agresser des policiers nationaux<\/p>\n\n\n\n<p><\/p>\n\n\n\n<p><\/p>\n","protected":false},"excerpt":{"rendered":"<p>Le suspect interpell\u00e9 est d\u00e9c\u00e9d\u00e9, annonce la gendarmerie. Touch\u00e9 par balles et gri\u00e8vement bless\u00e9, les secours avait tent\u00e9 de le r\u00e9animer\u00a0 Un suspect a \u00e9t\u00e9 interpell\u00e9 vendredi \u00e0 l\u2019issue d\u2019une chasse \u00e0 l\u2019homme pour retrouver l\u2019agresseur d\u2019une polici\u00e8re municipale gri\u00e8vement bless\u00e9e au couteau \u00e0 La Chapelle-sur-Erdre, pr\u00e8s de Nantes (ouest), la derni\u00e8re d\u2019une longue s\u00e9rie [&hellip;]<\/p>\n","protected":false},"author":2,"featured_media":18658,"comment_status":"open","ping_status":"open","sticky":false,"template":"","format":"standard","meta":{"_jetpack_memberships_contains_paid_content":false,"footnotes":"","jetpack_publicize_message":"","jetpack_publicize_feature_enabled":true,"jetpack_social_post_already_shared":true,"jetpack_social_options":{"image_generator_settings":{"template":"highway","default_image_id":0,"font":"","enabled":false},"version":2},"_wpas_customize_per_network":false},"categories":[405],"tags":[],"class_list":["post-18657","post","type-post","status-publish","format-standard","has-post-thumbnail","hentry","category-actu-france-monde"],"jetpack_publicize_connections":[],"jetpack_featured_media_url":"https:\/\/i0.wp.com\/www.iceagetv.com\/radiosite\/wp-content\/uploads\/2021\/05\/Agression-dune-polici%C3%A8re-pr%C3%A8s-de-Nantes.jpg?fit=679%2C293&ssl=1","jetpack_sharing_enabled":true,"_links":{"self":[{"href":"https:\/\/www.iceagetv.com\/radiosite\/wp-json\/wp\/v2\/posts\/18657","targetHints":{"allow":["GET"]}}],"collection":[{"href":"https:\/\/www.iceagetv.com\/radiosite\/wp-json\/wp\/v2\/posts"}],"about":[{"href":"https:\/\/www.iceagetv.com\/radiosite\/wp-json\/wp\/v2\/types\/post"}],"author":[{"embeddable":true,"href":"https:\/\/www.iceagetv.com\/radiosite\/wp-json\/wp\/v2\/users\/2"}],"replies":[{"embeddable":true,"href":"https:\/\/www.iceagetv.com\/radiosite\/wp-json\/wp\/v2\/comments?post=18657"}],"version-history":[{"count":1,"href":"https:\/\/www.iceagetv.com\/radiosite\/wp-json\/wp\/v2\/posts\/18657\/revisions"}],"predecessor-version":[{"id":18659,"href":"https:\/\/www.iceagetv.com\/radiosite\/wp-json\/wp\/v2\/posts\/18657\/revisions\/18659"}],"wp:featuredmedia":[{"embeddable":true,"href":"https:\/\/www.iceagetv.com\/radiosite\/wp-json\/wp\/v2\/media\/18658"}],"wp:attachment":[{"href":"https:\/\/www.iceagetv.com\/radiosite\/wp-json\/wp\/v2\/media?parent=18657"}],"wp:term":[{"taxonomy":"category","embeddable":true,"href":"https:\/\/www.iceagetv.com\/radiosite\/wp-json\/wp\/v2\/categories?post=18657"},{"taxonomy":"post_tag","embeddable":true,"href":"https:\/\/www.iceagetv.com\/radiosite\/wp-json\/wp\/v2\/tags?post=18657"}],"curies":[{"name":"wp","href":"https:\/\/api.w.org\/{rel}","templated":true}]}}