{"id":18667,"date":"2021-05-29T16:19:59","date_gmt":"2021-05-29T16:19:59","guid":{"rendered":"http:\/\/www.iceagetv.com\/radiosite\/?p=18667"},"modified":"2021-05-29T16:19:59","modified_gmt":"2021-05-29T16:19:59","slug":"un-adolescent-de-15-ans-grievement-blesse-apres-avoir-ete-frappe-a-coups-de-marteau-dans-lessonne-devant-son-lycee-de-saint-michel-sur-orge","status":"publish","type":"post","link":"https:\/\/www.iceagetv.com\/radiosite\/un-adolescent-de-15-ans-grievement-blesse-apres-avoir-ete-frappe-a-coups-de-marteau-dans-lessonne-devant-son-lycee-de-saint-michel-sur-orge\/","title":{"rendered":"Un adolescent de 15 ans gri\u00e8vement bless\u00e9 apr\u00e8s avoir \u00e9t\u00e9 frapp\u00e9 \u00e0 coups de marteau dans l&rsquo;Essonne devant son lyc\u00e9e de Saint-Michel-sur-Orge"},"content":{"rendered":"\n<p>Un adolescent de 15 ans a \u00e9t\u00e9 gri\u00e8vement bless\u00e9 apr\u00e8s avoir \u00e9t\u00e9 frapp\u00e9 \u00e0 coups de marteau dans l&rsquo;Essonne. La victime a \u00e9t\u00e9 frapp\u00e9e devant son lyc\u00e9e de Saint-Michel-sur-Orge, a indiqu\u00e9 une source proche du dossier, confirmant une information du Parisien.<\/p>\n\n\n\n<p>\u00abOn pense que c&rsquo;est un nouvel \u00e9pisode de rixes entre jeunes, avec ici une rivalit\u00e9 entre des jeunes de Saint-Michel-sur-Orge et de Sainte-Genevi\u00e8ve-des-Bois\u00bb, deux villes voisines situ\u00e9es \u00e0 une trentaine de kilom\u00e8tres au sud de Paris, a pr\u00e9cis\u00e9 cette source, d\u00e9crivant l&rsquo;attaque comme \u00abtr\u00e8s violente et tr\u00e8s br\u00e8ve\u00bb.<\/p>\n\n\n\n<p>C&rsquo;\u00e9tait groupe contre groupe, il semblerait qu&rsquo;il ait \u00e9t\u00e9 isol\u00e9 et pris \u00e0 partie\u00bb, a indiqu\u00e9 une source polici\u00e8re, confirmant que la victime avait \u00abnotamment re\u00e7u des coups de marteau\u00bb. Le jeune homme a \u00e9t\u00e9 op\u00e9r\u00e9 et plac\u00e9 dans un coma artificiel, avec un pronostic vital r\u00e9serv\u00e9. L&rsquo;auteur pr\u00e9sum\u00e9 des coups de marteau est toujours recherch\u00e9.<\/p>\n\n\n\n<p>Les rixes entre bandes de jeunes rivales, aux affrontements fr\u00e9quents mais rarement mortels, touchent beaucoup l&rsquo;\u00cele-de-France et particuli\u00e8rement le d\u00e9partement de l&rsquo;Essonne, o\u00f9 deux jeunes ont \u00e9t\u00e9 tu\u00e9s en moins de 24 heures lors de deux rixes distinctes en f\u00e9vrier.<\/p>\n\n\n\n<p>Selon le minist\u00e8re de l&rsquo;Int\u00e9rieur, 357 affrontements entre bandes ont \u00e9t\u00e9 recens\u00e9s en 2020 contre 288 en 2019, soit une hausse de pr\u00e8s de 25 %. Dans l&rsquo;Essonne, le chiffre est pass\u00e9 de 56 \u00e0 91 entre ces deux ann\u00e9es.<\/p>\n\n\n\n<p><\/p>\n","protected":false},"excerpt":{"rendered":"<p>Un adolescent de 15 ans a \u00e9t\u00e9 gri\u00e8vement bless\u00e9 apr\u00e8s avoir \u00e9t\u00e9 frapp\u00e9 \u00e0 coups de marteau dans l&rsquo;Essonne. La victime a \u00e9t\u00e9 frapp\u00e9e devant son lyc\u00e9e de Saint-Michel-sur-Orge, a indiqu\u00e9 une source proche du dossier, confirmant une information du Parisien. \u00abOn pense que c&rsquo;est un nouvel \u00e9pisode de rixes entre jeunes, avec ici une [&hellip;]<\/p>\n","protected":false},"author":2,"featured_media":18668,"comment_status":"open","ping_status":"open","sticky":false,"template":"","format":"standard","meta":{"_jetpack_memberships_contains_paid_content":false,"footnotes":"","jetpack_publicize_message":"","jetpack_publicize_feature_enabled":true,"jetpack_social_post_already_shared":true,"jetpack_social_options":{"image_generator_settings":{"template":"highway","default_image_id":0,"font":"","enabled":false},"version":2},"_wpas_customize_per_network":false},"categories":[405],"tags":[],"class_list":["post-18667","post","type-post","status-publish","format-standard","has-post-thumbnail","hentry","category-actu-france-monde"],"jetpack_publicize_connections":[],"jetpack_featured_media_url":"https:\/\/i0.wp.com\/www.iceagetv.com\/radiosite\/wp-content\/uploads\/2021\/05\/Un-adolescent-de-15-ans-gri%C3%A8vement-bless%C3%A9-apr%C3%A8s-avoir-%C3%A9t%C3%A9-frapp%C3%A9-%C3%A0-coups-de-marteau-dans-lEssonne-devant-son-lyc%C3%A9e-de-Saint-Michel-sur-Orge.jpg?fit=680%2C349&ssl=1","jetpack_sharing_enabled":true,"_links":{"self":[{"href":"https:\/\/www.iceagetv.com\/radiosite\/wp-json\/wp\/v2\/posts\/18667","targetHints":{"allow":["GET"]}}],"collection":[{"href":"https:\/\/www.iceagetv.com\/radiosite\/wp-json\/wp\/v2\/posts"}],"about":[{"href":"https:\/\/www.iceagetv.com\/radiosite\/wp-json\/wp\/v2\/types\/post"}],"author":[{"embeddable":true,"href":"https:\/\/www.iceagetv.com\/radiosite\/wp-json\/wp\/v2\/users\/2"}],"replies":[{"embeddable":true,"href":"https:\/\/www.iceagetv.com\/radiosite\/wp-json\/wp\/v2\/comments?post=18667"}],"version-history":[{"count":1,"href":"https:\/\/www.iceagetv.com\/radiosite\/wp-json\/wp\/v2\/posts\/18667\/revisions"}],"predecessor-version":[{"id":18669,"href":"https:\/\/www.iceagetv.com\/radiosite\/wp-json\/wp\/v2\/posts\/18667\/revisions\/18669"}],"wp:featuredmedia":[{"embeddable":true,"href":"https:\/\/www.iceagetv.com\/radiosite\/wp-json\/wp\/v2\/media\/18668"}],"wp:attachment":[{"href":"https:\/\/www.iceagetv.com\/radiosite\/wp-json\/wp\/v2\/media?parent=18667"}],"wp:term":[{"taxonomy":"category","embeddable":true,"href":"https:\/\/www.iceagetv.com\/radiosite\/wp-json\/wp\/v2\/categories?post=18667"},{"taxonomy":"post_tag","embeddable":true,"href":"https:\/\/www.iceagetv.com\/radiosite\/wp-json\/wp\/v2\/tags?post=18667"}],"curies":[{"name":"wp","href":"https:\/\/api.w.org\/{rel}","templated":true}]}}